{"id":3203,"date":"2026-01-31T12:38:04","date_gmt":"2026-01-31T11:38:04","guid":{"rendered":"https:\/\/fermelarochette.ch\/?p=3203"},"modified":"2026-02-16T11:25:23","modified_gmt":"2026-02-16T10:25:23","slug":"de-bio-nous-passons-a-bio-bourgeon","status":"publish","type":"post","link":"https:\/\/fermelarochette.ch\/index.php\/2026\/01\/31\/de-bio-nous-passons-a-bio-bourgeon\/","title":{"rendered":"De bio, nous passons \u00e0 Bio Bourgeon !"},"content":{"rendered":"\n<p><strong>Prendre soin du sol, des insectes, de la faune, de l&rsquo;eau&#8230; Nous y mettons tout notre c\u0153ur et notre savoir-faire depuis le d\u00e9but de l&rsquo;aventure \u00ab\u00a0Rochette\u00a0\u00bb, adh\u00e9rant \u00e0 la philosophie que l&rsquo;on appelle <em>bio<\/em>. Certifi\u00e9s <em>bio f\u00e9d\u00e9ral <\/em>depuis 2024, les produits de la micro-ferme sont, depuis novembre 2025, labellis\u00e9s <em>Bio Bourgeon<\/em>. Une v\u00e9ritable aventure dont vous trouverez ici quelques d\u00e9tails !<\/strong><\/p>\n\n\n\n<p><strong>Pourquoi se labelliser davantage ?<\/strong> Sur l&rsquo;\u00e9talage, il est parfois difficile de rep\u00e9rer les produits correspondant \u00e0 ses crit\u00e8res. Adh\u00e9rer \u00e0 <em>Bio Bourgeon<\/em> est pour nous un moyen de certifier \u00e0 nos client.es que nous respectons le cahier des charges de la fili\u00e8re, tout en nous rendant plus visible aupr\u00e8s d&rsquo;une plus large client\u00e8le. En tant que petits producteurs, cela nous permet aussi de soutenir un mouvement de pens\u00e9es, celui qui nous enjoint \u00e0 nous rappeler que prendre soin du vivant est important. <\/p>\n\n\n\n<p><strong>Quels sont les produits labellis\u00e9s ? <\/strong> Tous les produits alimentaires (l\u00e9gumes, biscuits, tisanes, hydrolats, etc.) sont maintenant labellis\u00e9s <em>Bio Bourgeon<\/em>, hormis le granola avoine-sirop d&rsquo;\u00e9rable, labellis\u00e9 <em>bio f\u00e9d\u00e9ral<\/em>. Les produits compos\u00e9s d&rsquo;au moins 90% d&rsquo;ingr\u00e9dients agricoles (c&rsquo;est-\u00e0-dire tous les ingr\u00e9dients sauf l&rsquo;eau et le sel) d&rsquo;origine suisse sont \u00e9galement labellis\u00e9s <em>Bio Bourgeon Suisse<\/em>. Il s&rsquo;agit des bonbons de fruits, tisanes, sirops et hydrolats.<\/p>\n\n\n\n<p><strong>Que certifie Bio Bourgeon ?<\/strong> En accordant le label, <em>Bio Bourgeon <\/em>certifie que les m\u00e9thodes de culture, de transformation et d&#8217;emballage correspondent \u00e0 son cahier des charges. Lors des contr\u00f4les, qui ont lieu tous les ans, sont v\u00e9rifi\u00e9s par exemple la provenance des semences, la qualit\u00e9 <em>Bio Bourgeon<\/em> des ingr\u00e9dients utilis\u00e9s dans les produits transform\u00e9s, la qualit\u00e9 des r\u00e9coltes sauvages, les m\u00e9thodes de transformation, les outils de contr\u00f4le des ravageurs, la qualit\u00e9 des emballages&#8230; <em>Bio Bourgeon<\/em> va plus loin que le <em>bio f\u00e9d\u00e9ral<\/em> en exigeant par exemple que les mat\u00e9riaux de stockage (sachets, pots, couvercles) ne contiennent pas de PVC, qu&rsquo;il n&rsquo;y ait pas sur-emballage ou que tous les ingr\u00e9dients d&rsquo;origine agricole soient eux-m\u00eames <em>Bio Bourgeon<\/em>. <\/p>\n\n\n\n<p><strong>Cela change-t-il quelque chose \u00e0 vos m\u00e9thodes ? <\/strong>Non. Nos m\u00e9thodes de culture et de production correspondaient d\u00e9j\u00e0 au cahier des charges <em>Bio Bourgeon<\/em>.  <\/p>\n\n\n\n<p><strong>Cela change-t-il quelque chose d&rsquo;autre ?<\/strong> Les couvercles des sels aux herbes et du pesto \u00e0 l&rsquo;ail des ours on \u00e9t\u00e9 remplac\u00e9s afin de correspondre au cahier des charges. De plus, une fois notre stock d&rsquo;\u00e9tiquettes \u00e9puis\u00e9, elles seront remplac\u00e9es par des \u00e9tiquettes correspondant aux exigences <em>Bio Bourgeon<\/em>.<\/p>\n\n\n\n<p><strong>Cela change-t-il le prix ?<\/strong> Hormis dans le cas des quelques produits pour lesquels nous avons d\u00fb changer le couvercle, aucune augmentation n&rsquo;a \u00e9t\u00e9 appliqu\u00e9e suite \u00e0 la labellisation. En novembre dernier, nous avons en effet augment\u00e9 certains prix car, apr\u00e8s avoir calcul\u00e9 au plus juste, nous avons constat\u00e9 que les montants pr\u00e9alables ne nous permettaient parfois pas de couvrir les frais de production. Pour toute notre client\u00e8le, nous souhaitons cr\u00e9er des produits riches en go\u00fbt, en nutriments, dans le respect du vivant. Malgr\u00e9 la pression id\u00e9ologique et \u00e9conomique qui s&rsquo;applique \u00e0 des id\u00e9alistes tels que des jardiniers-mara\u00eechers-herboristes travaillant manuellement, notre volont\u00e9 reste inchang\u00e9e, d&rsquo;ann\u00e9e en ann\u00e9e. Celles.eux qui ont cr\u00e9\u00e9 les labels bio, il y a de cela bient\u00f4t cinquante ans, \u00e9taient des id\u00e9alistes qui souhaitaient cr\u00e9er une \u00e9mulation, un mouvement, une fa\u00e7on de voir le monde. Nous croyons en cet id\u00e9al, c&rsquo;est pourquoi nous adh\u00e9rons au label. <\/p>\n\n\n\n<div style=\"height:71px\" aria-hidden=\"true\" class=\"wp-block-spacer\"><\/div>\n\n\n\n<figure class=\"wp-block-gallery has-nested-images columns-default is-cropped wp-block-gallery-1 is-layout-flex wp-block-gallery-is-layout-flex\">\n<figure class=\"wp-block-image size-large\"><img decoding=\"async\" width=\"768\" height=\"1024\" data-id=\"3007\" data-src=\"https:\/\/fermelarochette.ch\/wp-content\/uploads\/2025\/12\/IMG_20250717_083555-768x1024.jpg\" alt=\"\" class=\"wp-image-3007 lazyload\" data-srcset=\"https:\/\/fermelarochette.ch\/wp-content\/uploads\/2025\/12\/IMG_20250717_083555-768x1024.jpg 768w, https:\/\/fermelarochette.ch\/wp-content\/uploads\/2025\/12\/IMG_20250717_083555-scaled-600x800.jpg 600w, https:\/\/fermelarochette.ch\/wp-content\/uploads\/2025\/12\/IMG_20250717_083555-225x300.jpg 225w, https:\/\/fermelarochette.ch\/wp-content\/uploads\/2025\/12\/IMG_20250717_083555-1152x1536.jpg 1152w, https:\/\/fermelarochette.ch\/wp-content\/uploads\/2025\/12\/IMG_20250717_083555-1536x2048.jpg 1536w, https:\/\/fermelarochette.ch\/wp-content\/uploads\/2025\/12\/IMG_20250717_083555-scaled.jpg 1920w\" data-sizes=\"(max-width: 768px) 100vw, 768px\" src=\"data:image\/svg+xml;base64,PHN2ZyB3aWR0aD0iMSIgaGVpZ2h0PSIxIiB4bWxucz0iaHR0cDovL3d3dy53My5vcmcvMjAwMC9zdmciPjwvc3ZnPg==\" style=\"--smush-placeholder-width: 768px; --smush-placeholder-aspect-ratio: 768\/1024;\" \/><\/figure>\n\n\n\n<figure class=\"wp-block-image size-large\"><img decoding=\"async\" width=\"768\" height=\"1024\" data-id=\"1968\" data-src=\"https:\/\/fermelarochette.ch\/wp-content\/uploads\/2024\/03\/courges-768x1024.jpeg\" alt=\"\" class=\"wp-image-1968 lazyload\" data-srcset=\"https:\/\/fermelarochette.ch\/wp-content\/uploads\/2024\/03\/courges-768x1024.jpeg 768w, https:\/\/fermelarochette.ch\/wp-content\/uploads\/2024\/03\/courges-scaled-600x800.jpeg 600w, https:\/\/fermelarochette.ch\/wp-content\/uploads\/2024\/03\/courges-225x300.jpeg 225w, https:\/\/fermelarochette.ch\/wp-content\/uploads\/2024\/03\/courges-1152x1536.jpeg 1152w, https:\/\/fermelarochette.ch\/wp-content\/uploads\/2024\/03\/courges-1536x2048.jpeg 1536w, https:\/\/fermelarochette.ch\/wp-content\/uploads\/2024\/03\/courges-scaled.jpeg 1920w\" data-sizes=\"(max-width: 768px) 100vw, 768px\" src=\"data:image\/svg+xml;base64,PHN2ZyB3aWR0aD0iMSIgaGVpZ2h0PSIxIiB4bWxucz0iaHR0cDovL3d3dy53My5vcmcvMjAwMC9zdmciPjwvc3ZnPg==\" style=\"--smush-placeholder-width: 768px; --smush-placeholder-aspect-ratio: 768\/1024;\" \/><\/figure>\n\n\n\n<figure class=\"wp-block-image size-large\"><img decoding=\"async\" width=\"1024\" height=\"768\" data-id=\"1718\" data-src=\"https:\/\/fermelarochette.ch\/wp-content\/uploads\/2023\/12\/panier-de-fleurs-1024x768.jpg\" alt=\"\" class=\"wp-image-1718 lazyload\" data-srcset=\"https:\/\/fermelarochette.ch\/wp-content\/uploads\/2023\/12\/panier-de-fleurs-1024x768.jpg 1024w, https:\/\/fermelarochette.ch\/wp-content\/uploads\/2023\/12\/panier-de-fleurs-scaled-600x450.jpg 600w, https:\/\/fermelarochette.ch\/wp-content\/uploads\/2023\/12\/panier-de-fleurs-300x225.jpg 300w, https:\/\/fermelarochette.ch\/wp-content\/uploads\/2023\/12\/panier-de-fleurs-768x576.jpg 768w, https:\/\/fermelarochette.ch\/wp-content\/uploads\/2023\/12\/panier-de-fleurs-1536x1152.jpg 1536w, https:\/\/fermelarochette.ch\/wp-content\/uploads\/2023\/12\/panier-de-fleurs-2048x1536.jpg 2048w, https:\/\/fermelarochette.ch\/wp-content\/uploads\/2023\/12\/panier-de-fleurs-400x300.jpg 400w\" data-sizes=\"(max-width: 1024px) 100vw, 1024px\" src=\"data:image\/svg+xml;base64,PHN2ZyB3aWR0aD0iMSIgaGVpZ2h0PSIxIiB4bWxucz0iaHR0cDovL3d3dy53My5vcmcvMjAwMC9zdmciPjwvc3ZnPg==\" style=\"--smush-placeholder-width: 1024px; --smush-placeholder-aspect-ratio: 1024\/768;\" \/><\/figure>\n<\/figure>\n","protected":false},"excerpt":{"rendered":"<p>Prendre soin du sol, des insectes, de la faune, de l&rsquo;eau&#8230; Nous y mettons tout notre c\u0153ur et notre savoir-faire depuis le d\u00e9but de l&rsquo;aventure &hellip;<\/p>\n","protected":false},"author":1,"featured_media":3204,"comment_status":"open","ping_status":"open","sticky":false,"template":"","format":"standard","meta":{"_price":"","_stock":"","_tribe_ticket_header":"","_tribe_default_ticket_provider":"","_ticket_start_date":"","_ticket_end_date":"","_tribe_ticket_show_description":"","_tribe_ticket_show_not_going":false,"_tribe_ticket_use_global_stock":"","_tribe_ticket_global_stock_level":"","_global_stock_mode":"","_global_stock_cap":"","_tribe_rsvp_for_event":"","_tribe_ticket_going_count":"","_tribe_ticket_not_going_count":"","_tribe_tickets_list":"[]","_tribe_ticket_has_attendee_info_fields":false,"_jetpack_memberships_contains_paid_content":false,"footnotes":""},"categories":[22,8],"tags":[],"class_list":["post-3203","post","type-post","status-publish","format-standard","has-post-thumbnail","hentry","category-installation","category-nos-produits"],"yoast_head":"<!-- This site is optimized with the Yoast SEO plugin v26.9 - https:\/\/yoast.com\/product\/yoast-seo-wordpress\/ -->\n<title>De bio, nous passons \u00e0 Bio Bourgeon ! - La Rochette<\/title>\n<meta name=\"robots\" content=\"index, follow, max-snippet:-1, max-image-preview:large, max-video-preview:-1\" \/>\n<link rel=\"canonical\" href=\"https:\/\/fermelarochette.ch\/index.php\/2026\/01\/31\/de-bio-nous-passons-a-bio-bourgeon\/\" \/>\n<meta property=\"og:locale\" content=\"fr_FR\" \/>\n<meta property=\"og:type\" content=\"article\" \/>\n<meta property=\"og:title\" content=\"De bio, nous passons \u00e0 Bio Bourgeon ! - La Rochette\" \/>\n<meta property=\"og:description\" content=\"Prendre soin du sol, des insectes, de la faune, de l&rsquo;eau&#8230; Nous y mettons tout notre c\u0153ur et notre savoir-faire depuis le d\u00e9but de l&rsquo;aventure &hellip;\" \/>\n<meta property=\"og:url\" content=\"https:\/\/fermelarochette.ch\/index.php\/2026\/01\/31\/de-bio-nous-passons-a-bio-bourgeon\/\" \/>\n<meta property=\"og:site_name\" content=\"La Rochette\" \/>\n<meta property=\"article:published_time\" content=\"2026-01-31T11:38:04+00:00\" \/>\n<meta property=\"article:modified_time\" content=\"2026-02-16T10:25:23+00:00\" \/>\n<meta property=\"og:image\" content=\"https:\/\/fermelarochette.ch\/wp-content\/uploads\/2026\/01\/Coccinelle-scaled.jpg\" \/>\n\t<meta property=\"og:image:width\" content=\"1920\" \/>\n\t<meta property=\"og:image:height\" content=\"2560\" \/>\n\t<meta property=\"og:image:type\" content=\"image\/jpeg\" \/>\n<meta name=\"author\" content=\"Claudine\" \/>\n<meta name=\"twitter:card\" content=\"summary_large_image\" \/>\n<meta name=\"twitter:label1\" content=\"\u00c9crit par\" \/>\n\t<meta name=\"twitter:data1\" content=\"Claudine\" \/>\n\t<meta name=\"twitter:label2\" content=\"Dur\u00e9e de lecture estim\u00e9e\" \/>\n\t<meta name=\"twitter:data2\" content=\"3 minutes\" \/>\n<script type=\"application\/ld+json\" class=\"yoast-schema-graph\">{\"@context\":\"https:\/\/schema.org\",\"@graph\":[{\"@type\":\"Article\",\"@id\":\"https:\/\/fermelarochette.ch\/index.php\/2026\/01\/31\/de-bio-nous-passons-a-bio-bourgeon\/#article\",\"isPartOf\":{\"@id\":\"https:\/\/fermelarochette.ch\/index.php\/2026\/01\/31\/de-bio-nous-passons-a-bio-bourgeon\/\"},\"author\":{\"name\":\"Claudine\",\"@id\":\"https:\/\/fermelarochette.ch\/#\/schema\/person\/8b775b7362809e3390b8957cb4cbe9b7\"},\"headline\":\"De bio, nous passons \u00e0 Bio Bourgeon !\",\"datePublished\":\"2026-01-31T11:38:04+00:00\",\"dateModified\":\"2026-02-16T10:25:23+00:00\",\"mainEntityOfPage\":{\"@id\":\"https:\/\/fermelarochette.ch\/index.php\/2026\/01\/31\/de-bio-nous-passons-a-bio-bourgeon\/\"},\"wordCount\":599,\"commentCount\":0,\"image\":{\"@id\":\"https:\/\/fermelarochette.ch\/index.php\/2026\/01\/31\/de-bio-nous-passons-a-bio-bourgeon\/#primaryimage\"},\"thumbnailUrl\":\"https:\/\/fermelarochette.ch\/wp-content\/uploads\/2026\/01\/Coccinelle-scaled.jpg\",\"articleSection\":[\"Installation de la ferme\",\"Nos produits\"],\"inLanguage\":\"fr-FR\",\"potentialAction\":[{\"@type\":\"CommentAction\",\"name\":\"Comment\",\"target\":[\"https:\/\/fermelarochette.ch\/index.php\/2026\/01\/31\/de-bio-nous-passons-a-bio-bourgeon\/#respond\"]}]},{\"@type\":\"WebPage\",\"@id\":\"https:\/\/fermelarochette.ch\/index.php\/2026\/01\/31\/de-bio-nous-passons-a-bio-bourgeon\/\",\"url\":\"https:\/\/fermelarochette.ch\/index.php\/2026\/01\/31\/de-bio-nous-passons-a-bio-bourgeon\/\",\"name\":\"De bio, nous passons \u00e0 Bio Bourgeon ! - La Rochette\",\"isPartOf\":{\"@id\":\"https:\/\/fermelarochette.ch\/#website\"},\"primaryImageOfPage\":{\"@id\":\"https:\/\/fermelarochette.ch\/index.php\/2026\/01\/31\/de-bio-nous-passons-a-bio-bourgeon\/#primaryimage\"},\"image\":{\"@id\":\"https:\/\/fermelarochette.ch\/index.php\/2026\/01\/31\/de-bio-nous-passons-a-bio-bourgeon\/#primaryimage\"},\"thumbnailUrl\":\"https:\/\/fermelarochette.ch\/wp-content\/uploads\/2026\/01\/Coccinelle-scaled.jpg\",\"datePublished\":\"2026-01-31T11:38:04+00:00\",\"dateModified\":\"2026-02-16T10:25:23+00:00\",\"author\":{\"@id\":\"https:\/\/fermelarochette.ch\/#\/schema\/person\/8b775b7362809e3390b8957cb4cbe9b7\"},\"breadcrumb\":{\"@id\":\"https:\/\/fermelarochette.ch\/index.php\/2026\/01\/31\/de-bio-nous-passons-a-bio-bourgeon\/#breadcrumb\"},\"inLanguage\":\"fr-FR\",\"potentialAction\":[{\"@type\":\"ReadAction\",\"target\":[\"https:\/\/fermelarochette.ch\/index.php\/2026\/01\/31\/de-bio-nous-passons-a-bio-bourgeon\/\"]}]},{\"@type\":\"ImageObject\",\"inLanguage\":\"fr-FR\",\"@id\":\"https:\/\/fermelarochette.ch\/index.php\/2026\/01\/31\/de-bio-nous-passons-a-bio-bourgeon\/#primaryimage\",\"url\":\"https:\/\/fermelarochette.ch\/wp-content\/uploads\/2026\/01\/Coccinelle-scaled.jpg\",\"contentUrl\":\"https:\/\/fermelarochette.ch\/wp-content\/uploads\/2026\/01\/Coccinelle-scaled.jpg\",\"width\":1920,\"height\":2560},{\"@type\":\"BreadcrumbList\",\"@id\":\"https:\/\/fermelarochette.ch\/index.php\/2026\/01\/31\/de-bio-nous-passons-a-bio-bourgeon\/#breadcrumb\",\"itemListElement\":[{\"@type\":\"ListItem\",\"position\":1,\"name\":\"Accueil\",\"item\":\"https:\/\/fermelarochette.ch\/\"},{\"@type\":\"ListItem\",\"position\":2,\"name\":\"De bio, nous passons \u00e0 Bio Bourgeon !\"}]},{\"@type\":\"WebSite\",\"@id\":\"https:\/\/fermelarochette.ch\/#website\",\"url\":\"https:\/\/fermelarochette.ch\/\",\"name\":\"La Rochette\",\"description\":\"Micro-ferme biologique\",\"potentialAction\":[{\"@type\":\"SearchAction\",\"target\":{\"@type\":\"EntryPoint\",\"urlTemplate\":\"https:\/\/fermelarochette.ch\/?s={search_term_string}\"},\"query-input\":{\"@type\":\"PropertyValueSpecification\",\"valueRequired\":true,\"valueName\":\"search_term_string\"}}],\"inLanguage\":\"fr-FR\"},{\"@type\":\"Person\",\"@id\":\"https:\/\/fermelarochette.ch\/#\/schema\/person\/8b775b7362809e3390b8957cb4cbe9b7\",\"name\":\"Claudine\",\"image\":{\"@type\":\"ImageObject\",\"inLanguage\":\"fr-FR\",\"@id\":\"https:\/\/fermelarochette.ch\/#\/schema\/person\/image\/\",\"url\":\"https:\/\/secure.gravatar.com\/avatar\/c0dbc1c85619dc3f9e194c4bf5d3dc2a869999ff80aac4f0369e52a5ffe5b600?s=96&d=mm&r=g\",\"contentUrl\":\"https:\/\/secure.gravatar.com\/avatar\/c0dbc1c85619dc3f9e194c4bf5d3dc2a869999ff80aac4f0369e52a5ffe5b600?s=96&d=mm&r=g\",\"caption\":\"Claudine\"},\"sameAs\":[\"https:\/\/fermelarochette.ch\"],\"url\":\"https:\/\/fermelarochette.ch\/index.php\/author\/claudine\/\"}]}<\/script>\n<!-- \/ Yoast SEO plugin. -->","yoast_head_json":{"title":"De bio, nous passons \u00e0 Bio Bourgeon ! - La Rochette","robots":{"index":"index","follow":"follow","max-snippet":"max-snippet:-1","max-image-preview":"max-image-preview:large","max-video-preview":"max-video-preview:-1"},"canonical":"https:\/\/fermelarochette.ch\/index.php\/2026\/01\/31\/de-bio-nous-passons-a-bio-bourgeon\/","og_locale":"fr_FR","og_type":"article","og_title":"De bio, nous passons \u00e0 Bio Bourgeon ! - La Rochette","og_description":"Prendre soin du sol, des insectes, de la faune, de l&rsquo;eau&#8230; Nous y mettons tout notre c\u0153ur et notre savoir-faire depuis le d\u00e9but de l&rsquo;aventure &hellip;","og_url":"https:\/\/fermelarochette.ch\/index.php\/2026\/01\/31\/de-bio-nous-passons-a-bio-bourgeon\/","og_site_name":"La Rochette","article_published_time":"2026-01-31T11:38:04+00:00","article_modified_time":"2026-02-16T10:25:23+00:00","og_image":[{"width":1920,"height":2560,"url":"https:\/\/fermelarochette.ch\/wp-content\/uploads\/2026\/01\/Coccinelle-scaled.jpg","type":"image\/jpeg"}],"author":"Claudine","twitter_card":"summary_large_image","twitter_misc":{"\u00c9crit par":"Claudine","Dur\u00e9e de lecture estim\u00e9e":"3 minutes"},"schema":{"@context":"https:\/\/schema.org","@graph":[{"@type":"Article","@id":"https:\/\/fermelarochette.ch\/index.php\/2026\/01\/31\/de-bio-nous-passons-a-bio-bourgeon\/#article","isPartOf":{"@id":"https:\/\/fermelarochette.ch\/index.php\/2026\/01\/31\/de-bio-nous-passons-a-bio-bourgeon\/"},"author":{"name":"Claudine","@id":"https:\/\/fermelarochette.ch\/#\/schema\/person\/8b775b7362809e3390b8957cb4cbe9b7"},"headline":"De bio, nous passons \u00e0 Bio Bourgeon !","datePublished":"2026-01-31T11:38:04+00:00","dateModified":"2026-02-16T10:25:23+00:00","mainEntityOfPage":{"@id":"https:\/\/fermelarochette.ch\/index.php\/2026\/01\/31\/de-bio-nous-passons-a-bio-bourgeon\/"},"wordCount":599,"commentCount":0,"image":{"@id":"https:\/\/fermelarochette.ch\/index.php\/2026\/01\/31\/de-bio-nous-passons-a-bio-bourgeon\/#primaryimage"},"thumbnailUrl":"https:\/\/fermelarochette.ch\/wp-content\/uploads\/2026\/01\/Coccinelle-scaled.jpg","articleSection":["Installation de la ferme","Nos produits"],"inLanguage":"fr-FR","potentialAction":[{"@type":"CommentAction","name":"Comment","target":["https:\/\/fermelarochette.ch\/index.php\/2026\/01\/31\/de-bio-nous-passons-a-bio-bourgeon\/#respond"]}]},{"@type":"WebPage","@id":"https:\/\/fermelarochette.ch\/index.php\/2026\/01\/31\/de-bio-nous-passons-a-bio-bourgeon\/","url":"https:\/\/fermelarochette.ch\/index.php\/2026\/01\/31\/de-bio-nous-passons-a-bio-bourgeon\/","name":"De bio, nous passons \u00e0 Bio Bourgeon ! - La Rochette","isPartOf":{"@id":"https:\/\/fermelarochette.ch\/#website"},"primaryImageOfPage":{"@id":"https:\/\/fermelarochette.ch\/index.php\/2026\/01\/31\/de-bio-nous-passons-a-bio-bourgeon\/#primaryimage"},"image":{"@id":"https:\/\/fermelarochette.ch\/index.php\/2026\/01\/31\/de-bio-nous-passons-a-bio-bourgeon\/#primaryimage"},"thumbnailUrl":"https:\/\/fermelarochette.ch\/wp-content\/uploads\/2026\/01\/Coccinelle-scaled.jpg","datePublished":"2026-01-31T11:38:04+00:00","dateModified":"2026-02-16T10:25:23+00:00","author":{"@id":"https:\/\/fermelarochette.ch\/#\/schema\/person\/8b775b7362809e3390b8957cb4cbe9b7"},"breadcrumb":{"@id":"https:\/\/fermelarochette.ch\/index.php\/2026\/01\/31\/de-bio-nous-passons-a-bio-bourgeon\/#breadcrumb"},"inLanguage":"fr-FR","potentialAction":[{"@type":"ReadAction","target":["https:\/\/fermelarochette.ch\/index.php\/2026\/01\/31\/de-bio-nous-passons-a-bio-bourgeon\/"]}]},{"@type":"ImageObject","inLanguage":"fr-FR","@id":"https:\/\/fermelarochette.ch\/index.php\/2026\/01\/31\/de-bio-nous-passons-a-bio-bourgeon\/#primaryimage","url":"https:\/\/fermelarochette.ch\/wp-content\/uploads\/2026\/01\/Coccinelle-scaled.jpg","contentUrl":"https:\/\/fermelarochette.ch\/wp-content\/uploads\/2026\/01\/Coccinelle-scaled.jpg","width":1920,"height":2560},{"@type":"BreadcrumbList","@id":"https:\/\/fermelarochette.ch\/index.php\/2026\/01\/31\/de-bio-nous-passons-a-bio-bourgeon\/#breadcrumb","itemListElement":[{"@type":"ListItem","position":1,"name":"Accueil","item":"https:\/\/fermelarochette.ch\/"},{"@type":"ListItem","position":2,"name":"De bio, nous passons \u00e0 Bio Bourgeon !"}]},{"@type":"WebSite","@id":"https:\/\/fermelarochette.ch\/#website","url":"https:\/\/fermelarochette.ch\/","name":"La Rochette","description":"Micro-ferme biologique","potentialAction":[{"@type":"SearchAction","target":{"@type":"EntryPoint","urlTemplate":"https:\/\/fermelarochette.ch\/?s={search_term_string}"},"query-input":{"@type":"PropertyValueSpecification","valueRequired":true,"valueName":"search_term_string"}}],"inLanguage":"fr-FR"},{"@type":"Person","@id":"https:\/\/fermelarochette.ch\/#\/schema\/person\/8b775b7362809e3390b8957cb4cbe9b7","name":"Claudine","image":{"@type":"ImageObject","inLanguage":"fr-FR","@id":"https:\/\/fermelarochette.ch\/#\/schema\/person\/image\/","url":"https:\/\/secure.gravatar.com\/avatar\/c0dbc1c85619dc3f9e194c4bf5d3dc2a869999ff80aac4f0369e52a5ffe5b600?s=96&d=mm&r=g","contentUrl":"https:\/\/secure.gravatar.com\/avatar\/c0dbc1c85619dc3f9e194c4bf5d3dc2a869999ff80aac4f0369e52a5ffe5b600?s=96&d=mm&r=g","caption":"Claudine"},"sameAs":["https:\/\/fermelarochette.ch"],"url":"https:\/\/fermelarochette.ch\/index.php\/author\/claudine\/"}]}},"jetpack_featured_media_url":"https:\/\/fermelarochette.ch\/wp-content\/uploads\/2026\/01\/Coccinelle-scaled.jpg","jetpack_sharing_enabled":true,"_links":{"self":[{"href":"https:\/\/fermelarochette.ch\/index.php\/wp-json\/wp\/v2\/posts\/3203","targetHints":{"allow":["GET"]}}],"collection":[{"href":"https:\/\/fermelarochette.ch\/index.php\/wp-json\/wp\/v2\/posts"}],"about":[{"href":"https:\/\/fermelarochette.ch\/index.php\/wp-json\/wp\/v2\/types\/post"}],"author":[{"embeddable":true,"href":"https:\/\/fermelarochette.ch\/index.php\/wp-json\/wp\/v2\/users\/1"}],"replies":[{"embeddable":true,"href":"https:\/\/fermelarochette.ch\/index.php\/wp-json\/wp\/v2\/comments?post=3203"}],"version-history":[{"count":5,"href":"https:\/\/fermelarochette.ch\/index.php\/wp-json\/wp\/v2\/posts\/3203\/revisions"}],"predecessor-version":[{"id":3524,"href":"https:\/\/fermelarochette.ch\/index.php\/wp-json\/wp\/v2\/posts\/3203\/revisions\/3524"}],"wp:featuredmedia":[{"embeddable":true,"href":"https:\/\/fermelarochette.ch\/index.php\/wp-json\/wp\/v2\/media\/3204"}],"wp:attachment":[{"href":"https:\/\/fermelarochette.ch\/index.php\/wp-json\/wp\/v2\/media?parent=3203"}],"wp:term":[{"taxonomy":"category","embeddable":true,"href":"https:\/\/fermelarochette.ch\/index.php\/wp-json\/wp\/v2\/categories?post=3203"},{"taxonomy":"post_tag","embeddable":true,"href":"https:\/\/fermelarochette.ch\/index.php\/wp-json\/wp\/v2\/tags?post=3203"}],"curies":[{"name":"wp","href":"https:\/\/api.w.org\/{rel}","templated":true}]}}