{"id":2908,"date":"2025-09-30T09:13:17","date_gmt":"2025-09-30T08:13:17","guid":{"rendered":"https:\/\/fermelarochette.ch\/?p=2908"},"modified":"2026-02-16T11:29:43","modified_gmt":"2026-02-16T10:29:43","slug":"cadeaux-pour-les-fetes","status":"publish","type":"post","link":"https:\/\/fermelarochette.ch\/index.php\/2025\/09\/30\/cadeaux-pour-les-fetes\/","title":{"rendered":"Cadeaux pour les f\u00eates"},"content":{"rendered":"\n<p><strong>La p\u00e9riode de l&rsquo;Avent approche \u00e0 grands pas et vous pr\u00e9parez peut-\u00eatre d\u00e9j\u00e0 vos cadeaux pour les f\u00eates. Particuliers ou entreprises, voici nos propositions de petites et grandes attentions !<\/strong> <\/p>\n\n\n\n<p>Pour les petites attentions \u00e0 offrir en grand nombre ou pour vos calendriers de l&rsquo;Avent, nous proposons :<br>* des petits sachets de <strong>tisanes compos\u00e9es<\/strong> (tisanes Ga\u00efa, Cr\u00e9puscule, Gloutonne et Sacr\u00e9e), 8g<br>* des petits sachets de <strong>sabl\u00e9s aux plantes <\/strong>(lavande ou agastache), 60g<br>* des petits sachets de<strong> bonbons de fruits<\/strong> (pomme-poire-cannelle), 35g<br>Tous sont \u00e0 4.- pi\u00e8ce.<\/p>\n\n\n\n<p>Cette ann\u00e9e, en plus de nos produits artisanaux bios et pleins de saveurs, nous proposons deux <strong>paniers sp\u00e9ciaux concoct\u00e9s en collaboration avec des artistes et artisanes r\u00e9gionales<\/strong>,<em> Ga\u00ebtane Nicoulin \u00ab\u00a0Fleurs poudr\u00e9es\u00a0\u00bb<\/em>, aquarelliste professionnelle \u00e0 Cornol, et <em>Pauline Arpin \u00ab\u00a0Rucher Rosie\u00a0\u00bb<\/em>, apicultrice en biodynamie \u00e0 Roche d&rsquo;Or et Boncourt, les deux \u00e9tant list\u00e9s dans le document ci-dessous. On vous en dira bient\u00f4t plus, mais vous pouvez d\u00e9j\u00e0 pr\u00e9-r\u00e9server vos paniers \ud83d\ude09 <\/p>\n\n\n\n<p>Vous pouvez \u00e9galement composer vous-m\u00eames les paniers de votre choix parmi les produits de notre assortiment.<\/p>\n\n\n\n<p>Pour passer commande, contactez-nous par mail \u00e0 l\u2019adresse <a href=\"mailto:contact@fermelarochette.ch\">contact@fermelarochette.ch<\/a> ou par t\u00e9l\u00e9phone aupr\u00e8s d\u2019Agathe au <strong>079 563 47 52<\/strong>.<\/p>\n\n\n\n<p>Belle p\u00e9riode de l\u2019Avent \u00e0 vous !<\/p>\n\n\n\n<div style=\"height:46px\" aria-hidden=\"true\" class=\"wp-block-spacer\"><\/div>\n\n\n\n<div data-wp-interactive=\"core\/file\" class=\"wp-block-file\"><object data-wp-bind--hidden=\"!state.hasPdfPreview\" hidden class=\"wp-block-file__embed\" data=\"https:\/\/fermelarochette.ch\/wp-content\/uploads\/2025\/09\/La-Rochette_offre-de-Noel-2025.pdf\" type=\"application\/pdf\" style=\"width:100%;height:600px\" aria-label=\"Contenu embarqu\u00e9 La Rochette_offre de No\u00ebl 2025.\"><\/object><a id=\"wp-block-file--media-1e7528da-5f5f-40f0-b185-7fc9562bd009\" href=\"https:\/\/fermelarochette.ch\/wp-content\/uploads\/2025\/09\/La-Rochette_offre-de-Noel-2025.pdf\">La Rochette_offre de No\u00ebl 2025<\/a><a href=\"https:\/\/fermelarochette.ch\/wp-content\/uploads\/2025\/09\/La-Rochette_offre-de-Noel-2025.pdf\" class=\"wp-block-file__button wp-element-button\" download aria-describedby=\"wp-block-file--media-1e7528da-5f5f-40f0-b185-7fc9562bd009\">T\u00e9l\u00e9charger<\/a><\/div>\n","protected":false},"excerpt":{"rendered":"<p>La p\u00e9riode de l&rsquo;Avent approche \u00e0 grands pas et vous pr\u00e9parez peut-\u00eatre d\u00e9j\u00e0 vos cadeaux pour les f\u00eates. Particuliers ou entreprises, voici nos propositions de &hellip;<\/p>\n","protected":false},"author":1,"featured_media":2344,"comment_status":"open","ping_status":"open","sticky":false,"template":"","format":"standard","meta":{"_price":"","_stock":"","_tribe_ticket_header":"","_tribe_default_ticket_provider":"","_ticket_start_date":"","_ticket_end_date":"","_tribe_ticket_show_description":"","_tribe_ticket_show_not_going":false,"_tribe_ticket_use_global_stock":"","_tribe_ticket_global_stock_level":"","_global_stock_mode":"","_global_stock_cap":"","_tribe_rsvp_for_event":"","_tribe_ticket_going_count":"","_tribe_ticket_not_going_count":"","_tribe_tickets_list":"[]","_tribe_ticket_has_attendee_info_fields":false,"_jetpack_memberships_contains_paid_content":false,"footnotes":""},"categories":[8],"tags":[],"class_list":["post-2908","post","type-post","status-publish","format-standard","has-post-thumbnail","hentry","category-nos-produits"],"yoast_head":"<!-- This site is optimized with the Yoast SEO plugin v26.9 - https:\/\/yoast.com\/product\/yoast-seo-wordpress\/ -->\n<title>Cadeaux pour les f\u00eates - La Rochette<\/title>\n<meta name=\"robots\" content=\"index, follow, max-snippet:-1, max-image-preview:large, max-video-preview:-1\" \/>\n<link rel=\"canonical\" href=\"https:\/\/fermelarochette.ch\/index.php\/2025\/09\/30\/cadeaux-pour-les-fetes\/\" \/>\n<meta property=\"og:locale\" content=\"fr_FR\" \/>\n<meta property=\"og:type\" content=\"article\" \/>\n<meta property=\"og:title\" content=\"Cadeaux pour les f\u00eates - La Rochette\" \/>\n<meta property=\"og:description\" content=\"La p\u00e9riode de l&rsquo;Avent approche \u00e0 grands pas et vous pr\u00e9parez peut-\u00eatre d\u00e9j\u00e0 vos cadeaux pour les f\u00eates. Particuliers ou entreprises, voici nos propositions de &hellip;\" \/>\n<meta property=\"og:url\" content=\"https:\/\/fermelarochette.ch\/index.php\/2025\/09\/30\/cadeaux-pour-les-fetes\/\" \/>\n<meta property=\"og:site_name\" content=\"La Rochette\" \/>\n<meta property=\"article:published_time\" content=\"2025-09-30T08:13:17+00:00\" \/>\n<meta property=\"article:modified_time\" content=\"2026-02-16T10:29:43+00:00\" \/>\n<meta property=\"og:image\" content=\"https:\/\/fermelarochette.ch\/wp-content\/uploads\/2024\/12\/Panier-de-Noel-La-Rochette-.jpg\" \/>\n\t<meta property=\"og:image:width\" content=\"1200\" \/>\n\t<meta property=\"og:image:height\" content=\"1600\" \/>\n\t<meta property=\"og:image:type\" content=\"image\/jpeg\" \/>\n<meta name=\"author\" content=\"Claudine\" \/>\n<meta name=\"twitter:card\" content=\"summary_large_image\" \/>\n<meta name=\"twitter:label1\" content=\"\u00c9crit par\" \/>\n\t<meta name=\"twitter:data1\" content=\"Claudine\" \/>\n\t<meta name=\"twitter:label2\" content=\"Dur\u00e9e de lecture estim\u00e9e\" \/>\n\t<meta name=\"twitter:data2\" content=\"1 minute\" \/>\n<script type=\"application\/ld+json\" class=\"yoast-schema-graph\">{\"@context\":\"https:\/\/schema.org\",\"@graph\":[{\"@type\":\"Article\",\"@id\":\"https:\/\/fermelarochette.ch\/index.php\/2025\/09\/30\/cadeaux-pour-les-fetes\/#article\",\"isPartOf\":{\"@id\":\"https:\/\/fermelarochette.ch\/index.php\/2025\/09\/30\/cadeaux-pour-les-fetes\/\"},\"author\":{\"name\":\"Claudine\",\"@id\":\"https:\/\/fermelarochette.ch\/#\/schema\/person\/8b775b7362809e3390b8957cb4cbe9b7\"},\"headline\":\"Cadeaux pour les f\u00eates\",\"datePublished\":\"2025-09-30T08:13:17+00:00\",\"dateModified\":\"2026-02-16T10:29:43+00:00\",\"mainEntityOfPage\":{\"@id\":\"https:\/\/fermelarochette.ch\/index.php\/2025\/09\/30\/cadeaux-pour-les-fetes\/\"},\"wordCount\":228,\"commentCount\":2,\"image\":{\"@id\":\"https:\/\/fermelarochette.ch\/index.php\/2025\/09\/30\/cadeaux-pour-les-fetes\/#primaryimage\"},\"thumbnailUrl\":\"https:\/\/fermelarochette.ch\/wp-content\/uploads\/2024\/12\/Panier-de-Noel-La-Rochette-.jpg\",\"articleSection\":[\"Nos produits\"],\"inLanguage\":\"fr-FR\",\"potentialAction\":[{\"@type\":\"CommentAction\",\"name\":\"Comment\",\"target\":[\"https:\/\/fermelarochette.ch\/index.php\/2025\/09\/30\/cadeaux-pour-les-fetes\/#respond\"]}]},{\"@type\":\"WebPage\",\"@id\":\"https:\/\/fermelarochette.ch\/index.php\/2025\/09\/30\/cadeaux-pour-les-fetes\/\",\"url\":\"https:\/\/fermelarochette.ch\/index.php\/2025\/09\/30\/cadeaux-pour-les-fetes\/\",\"name\":\"Cadeaux pour les f\u00eates - La Rochette\",\"isPartOf\":{\"@id\":\"https:\/\/fermelarochette.ch\/#website\"},\"primaryImageOfPage\":{\"@id\":\"https:\/\/fermelarochette.ch\/index.php\/2025\/09\/30\/cadeaux-pour-les-fetes\/#primaryimage\"},\"image\":{\"@id\":\"https:\/\/fermelarochette.ch\/index.php\/2025\/09\/30\/cadeaux-pour-les-fetes\/#primaryimage\"},\"thumbnailUrl\":\"https:\/\/fermelarochette.ch\/wp-content\/uploads\/2024\/12\/Panier-de-Noel-La-Rochette-.jpg\",\"datePublished\":\"2025-09-30T08:13:17+00:00\",\"dateModified\":\"2026-02-16T10:29:43+00:00\",\"author\":{\"@id\":\"https:\/\/fermelarochette.ch\/#\/schema\/person\/8b775b7362809e3390b8957cb4cbe9b7\"},\"breadcrumb\":{\"@id\":\"https:\/\/fermelarochette.ch\/index.php\/2025\/09\/30\/cadeaux-pour-les-fetes\/#breadcrumb\"},\"inLanguage\":\"fr-FR\",\"potentialAction\":[{\"@type\":\"ReadAction\",\"target\":[\"https:\/\/fermelarochette.ch\/index.php\/2025\/09\/30\/cadeaux-pour-les-fetes\/\"]}]},{\"@type\":\"ImageObject\",\"inLanguage\":\"fr-FR\",\"@id\":\"https:\/\/fermelarochette.ch\/index.php\/2025\/09\/30\/cadeaux-pour-les-fetes\/#primaryimage\",\"url\":\"https:\/\/fermelarochette.ch\/wp-content\/uploads\/2024\/12\/Panier-de-Noel-La-Rochette-.jpg\",\"contentUrl\":\"https:\/\/fermelarochette.ch\/wp-content\/uploads\/2024\/12\/Panier-de-Noel-La-Rochette-.jpg\",\"width\":1200,\"height\":1600},{\"@type\":\"BreadcrumbList\",\"@id\":\"https:\/\/fermelarochette.ch\/index.php\/2025\/09\/30\/cadeaux-pour-les-fetes\/#breadcrumb\",\"itemListElement\":[{\"@type\":\"ListItem\",\"position\":1,\"name\":\"Accueil\",\"item\":\"https:\/\/fermelarochette.ch\/\"},{\"@type\":\"ListItem\",\"position\":2,\"name\":\"Cadeaux pour les f\u00eates\"}]},{\"@type\":\"WebSite\",\"@id\":\"https:\/\/fermelarochette.ch\/#website\",\"url\":\"https:\/\/fermelarochette.ch\/\",\"name\":\"La Rochette\",\"description\":\"Micro-ferme biologique\",\"potentialAction\":[{\"@type\":\"SearchAction\",\"target\":{\"@type\":\"EntryPoint\",\"urlTemplate\":\"https:\/\/fermelarochette.ch\/?s={search_term_string}\"},\"query-input\":{\"@type\":\"PropertyValueSpecification\",\"valueRequired\":true,\"valueName\":\"search_term_string\"}}],\"inLanguage\":\"fr-FR\"},{\"@type\":\"Person\",\"@id\":\"https:\/\/fermelarochette.ch\/#\/schema\/person\/8b775b7362809e3390b8957cb4cbe9b7\",\"name\":\"Claudine\",\"image\":{\"@type\":\"ImageObject\",\"inLanguage\":\"fr-FR\",\"@id\":\"https:\/\/fermelarochette.ch\/#\/schema\/person\/image\/\",\"url\":\"https:\/\/secure.gravatar.com\/avatar\/c0dbc1c85619dc3f9e194c4bf5d3dc2a869999ff80aac4f0369e52a5ffe5b600?s=96&d=mm&r=g\",\"contentUrl\":\"https:\/\/secure.gravatar.com\/avatar\/c0dbc1c85619dc3f9e194c4bf5d3dc2a869999ff80aac4f0369e52a5ffe5b600?s=96&d=mm&r=g\",\"caption\":\"Claudine\"},\"sameAs\":[\"https:\/\/fermelarochette.ch\"],\"url\":\"https:\/\/fermelarochette.ch\/index.php\/author\/claudine\/\"}]}<\/script>\n<!-- \/ Yoast SEO plugin. -->","yoast_head_json":{"title":"Cadeaux pour les f\u00eates - La Rochette","robots":{"index":"index","follow":"follow","max-snippet":"max-snippet:-1","max-image-preview":"max-image-preview:large","max-video-preview":"max-video-preview:-1"},"canonical":"https:\/\/fermelarochette.ch\/index.php\/2025\/09\/30\/cadeaux-pour-les-fetes\/","og_locale":"fr_FR","og_type":"article","og_title":"Cadeaux pour les f\u00eates - La Rochette","og_description":"La p\u00e9riode de l&rsquo;Avent approche \u00e0 grands pas et vous pr\u00e9parez peut-\u00eatre d\u00e9j\u00e0 vos cadeaux pour les f\u00eates. Particuliers ou entreprises, voici nos propositions de &hellip;","og_url":"https:\/\/fermelarochette.ch\/index.php\/2025\/09\/30\/cadeaux-pour-les-fetes\/","og_site_name":"La Rochette","article_published_time":"2025-09-30T08:13:17+00:00","article_modified_time":"2026-02-16T10:29:43+00:00","og_image":[{"width":1200,"height":1600,"url":"https:\/\/fermelarochette.ch\/wp-content\/uploads\/2024\/12\/Panier-de-Noel-La-Rochette-.jpg","type":"image\/jpeg"}],"author":"Claudine","twitter_card":"summary_large_image","twitter_misc":{"\u00c9crit par":"Claudine","Dur\u00e9e de lecture estim\u00e9e":"1 minute"},"schema":{"@context":"https:\/\/schema.org","@graph":[{"@type":"Article","@id":"https:\/\/fermelarochette.ch\/index.php\/2025\/09\/30\/cadeaux-pour-les-fetes\/#article","isPartOf":{"@id":"https:\/\/fermelarochette.ch\/index.php\/2025\/09\/30\/cadeaux-pour-les-fetes\/"},"author":{"name":"Claudine","@id":"https:\/\/fermelarochette.ch\/#\/schema\/person\/8b775b7362809e3390b8957cb4cbe9b7"},"headline":"Cadeaux pour les f\u00eates","datePublished":"2025-09-30T08:13:17+00:00","dateModified":"2026-02-16T10:29:43+00:00","mainEntityOfPage":{"@id":"https:\/\/fermelarochette.ch\/index.php\/2025\/09\/30\/cadeaux-pour-les-fetes\/"},"wordCount":228,"commentCount":2,"image":{"@id":"https:\/\/fermelarochette.ch\/index.php\/2025\/09\/30\/cadeaux-pour-les-fetes\/#primaryimage"},"thumbnailUrl":"https:\/\/fermelarochette.ch\/wp-content\/uploads\/2024\/12\/Panier-de-Noel-La-Rochette-.jpg","articleSection":["Nos produits"],"inLanguage":"fr-FR","potentialAction":[{"@type":"CommentAction","name":"Comment","target":["https:\/\/fermelarochette.ch\/index.php\/2025\/09\/30\/cadeaux-pour-les-fetes\/#respond"]}]},{"@type":"WebPage","@id":"https:\/\/fermelarochette.ch\/index.php\/2025\/09\/30\/cadeaux-pour-les-fetes\/","url":"https:\/\/fermelarochette.ch\/index.php\/2025\/09\/30\/cadeaux-pour-les-fetes\/","name":"Cadeaux pour les f\u00eates - La Rochette","isPartOf":{"@id":"https:\/\/fermelarochette.ch\/#website"},"primaryImageOfPage":{"@id":"https:\/\/fermelarochette.ch\/index.php\/2025\/09\/30\/cadeaux-pour-les-fetes\/#primaryimage"},"image":{"@id":"https:\/\/fermelarochette.ch\/index.php\/2025\/09\/30\/cadeaux-pour-les-fetes\/#primaryimage"},"thumbnailUrl":"https:\/\/fermelarochette.ch\/wp-content\/uploads\/2024\/12\/Panier-de-Noel-La-Rochette-.jpg","datePublished":"2025-09-30T08:13:17+00:00","dateModified":"2026-02-16T10:29:43+00:00","author":{"@id":"https:\/\/fermelarochette.ch\/#\/schema\/person\/8b775b7362809e3390b8957cb4cbe9b7"},"breadcrumb":{"@id":"https:\/\/fermelarochette.ch\/index.php\/2025\/09\/30\/cadeaux-pour-les-fetes\/#breadcrumb"},"inLanguage":"fr-FR","potentialAction":[{"@type":"ReadAction","target":["https:\/\/fermelarochette.ch\/index.php\/2025\/09\/30\/cadeaux-pour-les-fetes\/"]}]},{"@type":"ImageObject","inLanguage":"fr-FR","@id":"https:\/\/fermelarochette.ch\/index.php\/2025\/09\/30\/cadeaux-pour-les-fetes\/#primaryimage","url":"https:\/\/fermelarochette.ch\/wp-content\/uploads\/2024\/12\/Panier-de-Noel-La-Rochette-.jpg","contentUrl":"https:\/\/fermelarochette.ch\/wp-content\/uploads\/2024\/12\/Panier-de-Noel-La-Rochette-.jpg","width":1200,"height":1600},{"@type":"BreadcrumbList","@id":"https:\/\/fermelarochette.ch\/index.php\/2025\/09\/30\/cadeaux-pour-les-fetes\/#breadcrumb","itemListElement":[{"@type":"ListItem","position":1,"name":"Accueil","item":"https:\/\/fermelarochette.ch\/"},{"@type":"ListItem","position":2,"name":"Cadeaux pour les f\u00eates"}]},{"@type":"WebSite","@id":"https:\/\/fermelarochette.ch\/#website","url":"https:\/\/fermelarochette.ch\/","name":"La Rochette","description":"Micro-ferme biologique","potentialAction":[{"@type":"SearchAction","target":{"@type":"EntryPoint","urlTemplate":"https:\/\/fermelarochette.ch\/?s={search_term_string}"},"query-input":{"@type":"PropertyValueSpecification","valueRequired":true,"valueName":"search_term_string"}}],"inLanguage":"fr-FR"},{"@type":"Person","@id":"https:\/\/fermelarochette.ch\/#\/schema\/person\/8b775b7362809e3390b8957cb4cbe9b7","name":"Claudine","image":{"@type":"ImageObject","inLanguage":"fr-FR","@id":"https:\/\/fermelarochette.ch\/#\/schema\/person\/image\/","url":"https:\/\/secure.gravatar.com\/avatar\/c0dbc1c85619dc3f9e194c4bf5d3dc2a869999ff80aac4f0369e52a5ffe5b600?s=96&d=mm&r=g","contentUrl":"https:\/\/secure.gravatar.com\/avatar\/c0dbc1c85619dc3f9e194c4bf5d3dc2a869999ff80aac4f0369e52a5ffe5b600?s=96&d=mm&r=g","caption":"Claudine"},"sameAs":["https:\/\/fermelarochette.ch"],"url":"https:\/\/fermelarochette.ch\/index.php\/author\/claudine\/"}]}},"jetpack_featured_media_url":"https:\/\/fermelarochette.ch\/wp-content\/uploads\/2024\/12\/Panier-de-Noel-La-Rochette-.jpg","jetpack_sharing_enabled":true,"_links":{"self":[{"href":"https:\/\/fermelarochette.ch\/index.php\/wp-json\/wp\/v2\/posts\/2908","targetHints":{"allow":["GET"]}}],"collection":[{"href":"https:\/\/fermelarochette.ch\/index.php\/wp-json\/wp\/v2\/posts"}],"about":[{"href":"https:\/\/fermelarochette.ch\/index.php\/wp-json\/wp\/v2\/types\/post"}],"author":[{"embeddable":true,"href":"https:\/\/fermelarochette.ch\/index.php\/wp-json\/wp\/v2\/users\/1"}],"replies":[{"embeddable":true,"href":"https:\/\/fermelarochette.ch\/index.php\/wp-json\/wp\/v2\/comments?post=2908"}],"version-history":[{"count":1,"href":"https:\/\/fermelarochette.ch\/index.php\/wp-json\/wp\/v2\/posts\/2908\/revisions"}],"predecessor-version":[{"id":2909,"href":"https:\/\/fermelarochette.ch\/index.php\/wp-json\/wp\/v2\/posts\/2908\/revisions\/2909"}],"wp:featuredmedia":[{"embeddable":true,"href":"https:\/\/fermelarochette.ch\/index.php\/wp-json\/wp\/v2\/media\/2344"}],"wp:attachment":[{"href":"https:\/\/fermelarochette.ch\/index.php\/wp-json\/wp\/v2\/media?parent=2908"}],"wp:term":[{"taxonomy":"category","embeddable":true,"href":"https:\/\/fermelarochette.ch\/index.php\/wp-json\/wp\/v2\/categories?post=2908"},{"taxonomy":"post_tag","embeddable":true,"href":"https:\/\/fermelarochette.ch\/index.php\/wp-json\/wp\/v2\/tags?post=2908"}],"curies":[{"name":"wp","href":"https:\/\/api.w.org\/{rel}","templated":true}]}}