{"id":2891,"date":"2025-09-22T21:39:30","date_gmt":"2025-09-22T20:39:30","guid":{"rendered":"https:\/\/fermelarochette.ch\/?p=2891"},"modified":"2026-02-16T11:30:53","modified_gmt":"2026-02-16T10:30:53","slug":"une-belle-saison-de-distillation","status":"publish","type":"post","link":"https:\/\/fermelarochette.ch\/index.php\/2025\/09\/22\/une-belle-saison-de-distillation\/","title":{"rendered":"Une belle saison de distillation"},"content":{"rendered":"\n<h3 class=\"wp-block-heading\">La saison de distillation touche \u00e0 sa fin, l&rsquo;alambic est rang\u00e9 jusqu&rsquo;au printemps prochain. On vous raconte les plantes, leur r\u00e9colte et leur distillation&#8230;<\/h3>\n\n\n\n<p><strong>Sauge<\/strong>. Milieu du mois de mai. L&rsquo;alambic, apr\u00e8s sa pause hivernale, a \u00e9t\u00e9 soigneusement nettoy\u00e9 par une passe \u00e0 vide. La sauge est en fleurs et il convient de la distiller afin de cr\u00e9er l&rsquo;hydrolat dont Agathe et Claudine ont besoin pour leur production. Une question se pose : peut-on, comme la litt\u00e9rature le propose parfois, distiller la plante s\u00e8che ? Elles font des essais. Le verdict est sans appel : distiller la plante fra\u00eeche permet d&rsquo;obtenir un hydrolat floral \u00e0 la senteur bien plus printani\u00e8re que l&rsquo;hydrolat de plantes s\u00e8ches, plus \u00ab\u00a0herbac\u00e9\u00a0\u00bb.<\/p>\n\n\n\n<p><strong>Roses<\/strong>. L&rsquo;alambic a \u00e0 nouveau \u00e9t\u00e9 nettoy\u00e9 par une passe \u00e0 vide afin d&rsquo;\u00e9viter toute contamination d&rsquo;odeur dans l&rsquo;hydrolat de roses, tr\u00e8s fin. D\u00e9but juin, Claudine tr\u00e9pigne car les rosiers commencent \u00e0 faire des boutons mais ne semblent pas press\u00e9s. Or, la distillation des roses demande beaucoup de soin et il faut se tenir pr\u00eat. Pour que leur senteur soit aussi fra\u00eeche et puissante que possible, il faut imp\u00e9rativement les r\u00e9colter t\u00f4t le matin et les distiller par petits lots. Tous les jours, m\u00eame s&rsquo;il n&rsquo;y a que quelques roses, Claudine les r\u00e9colte, retire le calice pour ne garder que les p\u00e9tales, puis distille. Agathe lui pr\u00eate main forte mais Claudine monopolise la r\u00e9colte, car c&rsquo;est son dada. Elle adore les regarder et les humer, au petit matin, s&rsquo;\u00e9merveillant de leurs odeurs, de leurs formes et de leurs couleurs. Parfois, elle en mange quelques p\u00e9tales pour voir, mais ce n&rsquo;est pas tr\u00e8s bon. Les roses font r\u00eaver&#8230; L&rsquo;aquarelliste professionnelle Ga\u00ebtane Nicoulin <a href=\"https:\/\/fleurs-poudrees.com\/\" target=\"_blank\" rel=\"noreferrer noopener\">\u00ab\u00a0Fleurs poudr\u00e9es\u00a0\u00bb<\/a> vient assister \u00e0 une distillation. Un peu \u00e9tonn\u00e9e, elle constate \u00e0 quel point l&rsquo;hydrolat, au sortir de l&rsquo;alambic, est presque \u00e9pic\u00e9 et n&rsquo;a pas l&rsquo;odeur \u00e0 laquelle on s&rsquo;attendrait. Apr\u00e8s environ 20 jours pass\u00e9s \u00e0 distiller chaque matin, Claudine finit par en avoir un peu assez et se r\u00e9jouit presque que la saison des roses se termine. Toutes les bonnes choses doivent avoir une fin pour qu&rsquo;elles nous manquent \u00e0 nouveau.<\/p>\n\n\n\n<p><strong>Sureau.<\/strong> Pour ses propri\u00e9t\u00e9s th\u00e9rapeutiques, le sureau de nos campagnes est extr\u00eamement pr\u00e9cieux. Les rameaux fleuris sont distill\u00e9s avec soin, r\u00e9colt\u00e9s au son des cloches des vaches Salers de chez <a href=\"https:\/\/www.lessaveurs.ch\/1056-accueil-joan-et-joana-studer\" target=\"_blank\" rel=\"noreferrer noopener\">Joan et Joana Studer<\/a>, paissant dans le pr\u00e9s d&rsquo;\u00e0 c\u00f4t\u00e9. Chaque ann\u00e9e, les r\u00e9colteuses sont couvertes de pollen. Les fleurs de sureau, regroup\u00e9es en corymbes rappelant une couronne de mari\u00e9e (ou de jeune fille !), ont une couleur ivoire qui fait penser au paradis.<\/p>\n\n\n\n<p><strong>M\u00e9lisse. <\/strong>Son odeur n&rsquo;est pas tr\u00e8s forte, pourtant la m\u00e9lisse a tant \u00e0 offrir. Elle doit imp\u00e9rativement \u00eatre r\u00e9colt\u00e9e avant la floraison car, ensuite, son odeur change et devient peu citronn\u00e9e voire d\u00e9sagr\u00e9able. Certains diront qu&rsquo;il n&rsquo;y a pas de diff\u00e9rence&#8230; Mais Claudine aime bien que l&rsquo;hydrolat ait \u00ab\u00a0exactement la bonne odeur\u00a0\u00bb. Subjectif, direz-vous, et c&rsquo;est certainement vrai. L&rsquo;important est alors pour l&rsquo;herboriste de cr\u00e9er un hydrolat qu&rsquo;elle jugera efficace et parfait, dans les limites de son imperfection \u00e0 elle, humaine cherchant \u00e0 comprendre le langage secret des plantes.<\/p>\n\n\n\n<p><strong>Ortie.<\/strong> L&rsquo;ortie se r\u00e9colte en pleine floraison, elle est alors d&rsquo;une vitalit\u00e9 exceptionnelle. Les plantes m\u00e2les autant que les plantes femelles sont utilis\u00e9es. Leur hydrolat a l&rsquo;odeur typique de la soupe \u00e0 l&rsquo;ortie, que certains associeront aux repas chez grand-m\u00e8re. D\u00e9pourvu d&rsquo;huiles essentielles, il contient toutefois des petits d\u00e9p\u00f4ts qu&rsquo;il convient de filtrer. Afin d&rsquo;assurer sa conservation, l&rsquo;hydrolat d&rsquo;ortie doit \u00eatre flaconn\u00e9 imm\u00e9diatement apr\u00e8s distillation.<\/p>\n\n\n\n<p><strong>Tilleul.<\/strong> D\u00e9but juillet. La floraison du tilleul ne doit pas \u00eatre loup\u00e9e car elle ne dure qu&rsquo;un ou deux jours. Ouf, la pluie n&rsquo;est pas de la partie lorsque les fleurs du grand arbre \u00e9closent. La r\u00e9colte est longue et le doux bruit des abeilles invite \u00e0 la somnolence. Il ne faut pourtant pas tra\u00eener car la distillation ne peut attendre. L&rsquo;hydrolat ainsi obtenu a la senteur d&rsquo;un apr\u00e8s-midi de printemps sous le tilleul&#8230;<\/p>\n\n\n\n<p><strong>Cassis.<\/strong> Il suffit de toucher, en passant, la branche d&rsquo;un cassissier pour que l&rsquo;odeur si agr\u00e9able de la plante se r\u00e9pande autour du jardinier. La r\u00e9colte est ainsi un plaisir tout autant qu&rsquo;une source d&rsquo;inqui\u00e9tude, car on r\u00e9colte les rameaux de l&rsquo;ann\u00e9e, jeunes et tr\u00e8s parfum\u00e9s. Il faut en laisser suffisamment pour assurer une bonne croissance de la plante, bien observer tous les rameaux, couper ceux qui se croisent ou ne vont pas dans la direction souhait\u00e9e, tout cela en imaginant la forme finale de l&rsquo;arbuste \u00e0 l&rsquo;automne, afin de pr\u00e9voir la taille de l&rsquo;hiver et le tournus de r\u00e9coltes entre les diff\u00e9rents plants dans les ann\u00e9es \u00e0 venir. Un casse-t\u00eate qui en vaut la peine : l&rsquo;hydrolat offre un parfum d&rsquo;une senteur si fruit\u00e9e qu&rsquo;on a l&rsquo;impression de boire l&rsquo;arbuste.<\/p>\n\n\n\n<p><strong>Camomille matricaire. <\/strong>C&rsquo;est le temps de la distillation de la camomille matricaire. Observer son hydrolat couler est un vrai plaisir. \u00c0 chaque fois, on s&rsquo;\u00e9tonne de sa couleur, l&rsquo;huile essentielle intens\u00e9ment bleue perlant \u00e0 la surface de l&rsquo;hydrolat. Son odeur, floral et terreuse, rappelle la Terre M\u00e8re, comme un cocon creus\u00e9 dans le sol o\u00f9, couch\u00e9 en boule, l&rsquo;on se sentirait en s\u00e9curit\u00e9 \u00e9ternelle.<\/p>\n\n\n\n<p><strong>Lavande vraie. <\/strong>L&rsquo;ambiance est diff\u00e9rente avec la lavande. Elle est r\u00e9colt\u00e9e juste apr\u00e8s le passage des abeilles et avant que les fleurs s\u00e8chent. Apr\u00e8s la r\u00e9colte, on fait pr\u00e9-faner les fleurs quelques jours sur un grand drap propre, puis on distille en s&rsquo;\u00e9merveillant, comme chaque ann\u00e9e, de l&rsquo;incroyable senteur de cette plante pourtant si connue.<\/p>\n\n\n\n<p><strong>Monarde.<\/strong> La monarde a des propri\u00e9t\u00e9s assez semblables \u00e0 l&rsquo;origan, sans les effets ind\u00e9sirables de ce dernier. Elle est r\u00e9colt\u00e9e en pleine floraison. Claudine, comme toujours, ne peut s&#8217;emp\u00eacher d&rsquo;en grignoter quelques fleurs, appr\u00e9ciant leur go\u00fbt piquant rappelant \u00e0 s&rsquo;y m\u00e9prendre le poivre. La plante produira cette ann\u00e9e beaucoup d&rsquo;huile essentielle. Connue pour ses propri\u00e9t\u00e9s cosm\u00e9tiques, Claudine l&rsquo;utilisera pour ses soins de la peau&#8230; Avant de constater qu&rsquo;elle lui provoque une sensation de br\u00fblure intense. Est-ce l&rsquo;huile essentielle des plantes de La Rochette qui est particuli\u00e8rement forte, ou Claudine a-t-elle d\u00e9velopp\u00e9 une saturation apr\u00e8s avoir si souvent mang\u00e9 et r\u00e9colt\u00e9 la plante ? Nul ne le sait.<\/p>\n\n\n\n<p><strong>Echinac\u00e9e pourpre.<\/strong> Regard\u00e9e \u00ab\u00a0droit dans les yeux\u00a0\u00bb, la fleur de l&rsquo;\u00e9chinac\u00e9e donne le tournis par sa forme g\u00e9om\u00e9trique parfaite. On a quelques remords \u00e0 la r\u00e9colter alors que les papillons s&rsquo;en r\u00e9galent, formant de vrais nuages autour de la culture. La question demeure : quelle odeur aura l&rsquo;hydrolat d&rsquo;\u00e9chinac\u00e9e ? Carole Gelin, venue donner un coup de main, dit que cela rappelle la terre, la plante, l&rsquo;herbe. Claudine trouve que cela sent le poisson. Heureusement, l&rsquo;hydrolat sera m\u00e9lang\u00e9 avec d&rsquo;autres dans la synergie \u00ab\u00a0Force\u00a0\u00bb, pr\u00e9cieux soutien pour le corps en manque d&rsquo;\u00e9nergie.<\/p>\n\n\n\n<p><strong>Menthe poivr\u00e9e.<\/strong> Juste apr\u00e8s l&rsquo;\u00e9chinac\u00e9e, Carole encha\u00eene avec la distillation de la menthe poivr\u00e9e, r\u00e9colt\u00e9e t\u00f4t le matin. Une fois la distillation termin\u00e9e, il est \u00e9trange de constater que la menthe, d&rsquo;abord si odorante, ne sent plus que la plante bouillie. Toute son essence est all\u00e9e dans l&rsquo;hydrolat, comme si la distillation, et Carole, avaient captur\u00e9 son essence dans l&rsquo;hydrolat. C&rsquo;est probablement vrai. L&rsquo;eau a de la m\u00e9moire, dit-on, et l&rsquo;hydrolat de menthe contient toute celle de la plante et de toutes les menthes avant elles.<\/p>\n\n\n\n<p><strong>Camomille romaine<\/strong>. La pomme, voici son \u00e9tonnante odeur. Ha, comme elle sent bon ! Elle est aussi incroyablement relaxante, permet de d\u00e9nouer les n\u0153uds qui font mal au ventre et \u00e0 l&rsquo;\u00e2me. La distillation de la camomille romaine est toujours un plaisir. Agathe et Claudine h\u00e9sitent \u00e0 la r\u00e9colter car la m\u00e9t\u00e9o s&rsquo;annonce tr\u00e8s chaude les jours suivants. Mais elles font confiance aux plantes et r\u00e9coltent, distillent, puis arrosent avec l&rsquo;eau du ruisseau, pleines de gratitude.<\/p>\n\n\n\n<p><strong>Tulsi la d\u00e9esse.<\/strong> Le basilic sacr\u00e9, aussi appel\u00e9 Tulsi, est pour les hindous une d\u00e9esse vivante. \u00c0 la regarder, \u00e0 la c\u00f4toyer, \u00e0 la manger, \u00e0 la respirer, on comprend pourquoi. Tulsi est tout simplement envo\u00fbtante. Ses pr\u00e9cieuses propri\u00e9t\u00e9s th\u00e9rapeutiques sont si nombreuses qu&rsquo;on en a le tournis. Carole et Claudine ne peuvent s&#8217;emp\u00eacher d&rsquo;essayer une distillation. Le r\u00e9sultat est tel que la d\u00e9cision est prise ni une ni deux : l&rsquo;an prochain, l&rsquo;hydrolat de Tulsi fera partie de la production de La Rochette.<\/p>\n\n\n\n<p><strong>Sauge.<\/strong> D\u00e9but septembre, la sauge est distill\u00e9e une seconde fois, offrant un hydrolat extr\u00eamement floral et frais, \u00e9tonnement plus encore que celui du printemps. La saison aura d\u00e9but\u00e9 avec la sauge et termin\u00e9 avec elle. Quelques jours apr\u00e8s cette derni\u00e8re distillation, la m\u00e9t\u00e9o se d\u00e9grade, il fait froid et il pleut beaucoup. C&rsquo;est maintenant l&rsquo;automne. L&rsquo;alambic est nettoy\u00e9, s\u00e9ch\u00e9, rang\u00e9. Avec gratitude, l&rsquo;\u00e9quipe de La Rochette remercie le jardin et les plantes pour tous ces incomparables moments en leur compagnie. Elle se r\u00e9jouit de mettre les pr\u00e9cieux hydrolats en flacons pour se trouver \u00e0 nouveau projet\u00e9es en pens\u00e9es et en odeurs au milieu des fleurs, un beau jour d&rsquo;\u00e9t\u00e9&#8230;<\/p>\n\n\n\n<figure class=\"wp-block-gallery has-nested-images columns-default is-cropped wp-block-gallery-1 is-layout-flex wp-block-gallery-is-layout-flex\">\n<figure class=\"wp-block-image size-large\"><img decoding=\"async\" data-id=\"2578\" data-src=\"https:\/\/fermelarochette.ch\/wp-content\/uploads\/2025\/03\/Lavande-et-papillon-768x1024.jpeg\" alt=\"\" class=\"wp-image-2578 lazyload\" src=\"data:image\/svg+xml;base64,PHN2ZyB3aWR0aD0iMSIgaGVpZ2h0PSIxIiB4bWxucz0iaHR0cDovL3d3dy53My5vcmcvMjAwMC9zdmciPjwvc3ZnPg==\" style=\"--smush-placeholder-width: 768px; --smush-placeholder-aspect-ratio: 768\/1024;\" \/><figcaption class=\"wp-element-caption\">Lavande en fleurs.<\/figcaption><\/figure>\n\n\n\n<figure class=\"wp-block-image size-large\"><img decoding=\"async\" width=\"768\" height=\"1024\" data-id=\"2896\" data-src=\"https:\/\/fermelarochette.ch\/wp-content\/uploads\/2025\/09\/IMG_20250424_151138-768x1024.jpg\" alt=\"\" class=\"wp-image-2896 lazyload\" data-srcset=\"https:\/\/fermelarochette.ch\/wp-content\/uploads\/2025\/09\/IMG_20250424_151138-768x1024.jpg 768w, https:\/\/fermelarochette.ch\/wp-content\/uploads\/2025\/09\/IMG_20250424_151138-scaled-600x800.jpg 600w, https:\/\/fermelarochette.ch\/wp-content\/uploads\/2025\/09\/IMG_20250424_151138-225x300.jpg 225w, https:\/\/fermelarochette.ch\/wp-content\/uploads\/2025\/09\/IMG_20250424_151138-1152x1536.jpg 1152w, https:\/\/fermelarochette.ch\/wp-content\/uploads\/2025\/09\/IMG_20250424_151138-1536x2048.jpg 1536w, https:\/\/fermelarochette.ch\/wp-content\/uploads\/2025\/09\/IMG_20250424_151138-scaled.jpg 1920w\" data-sizes=\"(max-width: 768px) 100vw, 768px\" src=\"data:image\/svg+xml;base64,PHN2ZyB3aWR0aD0iMSIgaGVpZ2h0PSIxIiB4bWxucz0iaHR0cDovL3d3dy53My5vcmcvMjAwMC9zdmciPjwvc3ZnPg==\" style=\"--smush-placeholder-width: 768px; --smush-placeholder-aspect-ratio: 768\/1024;\" \/><\/figure>\n\n\n\n<figure class=\"wp-block-image size-large\"><img decoding=\"async\" width=\"768\" height=\"1024\" data-id=\"2892\" data-src=\"https:\/\/fermelarochette.ch\/wp-content\/uploads\/2025\/09\/IMG_20250707_090432-768x1024.jpg\" alt=\"\" class=\"wp-image-2892 lazyload\" data-srcset=\"https:\/\/fermelarochette.ch\/wp-content\/uploads\/2025\/09\/IMG_20250707_090432-768x1024.jpg 768w, https:\/\/fermelarochette.ch\/wp-content\/uploads\/2025\/09\/IMG_20250707_090432-scaled-600x800.jpg 600w, https:\/\/fermelarochette.ch\/wp-content\/uploads\/2025\/09\/IMG_20250707_090432-225x300.jpg 225w, https:\/\/fermelarochette.ch\/wp-content\/uploads\/2025\/09\/IMG_20250707_090432-1152x1536.jpg 1152w, https:\/\/fermelarochette.ch\/wp-content\/uploads\/2025\/09\/IMG_20250707_090432-1536x2048.jpg 1536w, https:\/\/fermelarochette.ch\/wp-content\/uploads\/2025\/09\/IMG_20250707_090432-scaled.jpg 1920w\" data-sizes=\"(max-width: 768px) 100vw, 768px\" src=\"data:image\/svg+xml;base64,PHN2ZyB3aWR0aD0iMSIgaGVpZ2h0PSIxIiB4bWxucz0iaHR0cDovL3d3dy53My5vcmcvMjAwMC9zdmciPjwvc3ZnPg==\" style=\"--smush-placeholder-width: 768px; --smush-placeholder-aspect-ratio: 768\/1024;\" \/><figcaption class=\"wp-element-caption\">La colonne de l&rsquo;alambic, bourr\u00e9e de lavande.<\/figcaption><\/figure>\n\n\n\n<figure class=\"wp-block-image size-large\"><img decoding=\"async\" width=\"768\" height=\"1024\" data-id=\"2893\" data-src=\"https:\/\/fermelarochette.ch\/wp-content\/uploads\/2025\/09\/IMG_20250707_093933-768x1024.jpg\" alt=\"\" class=\"wp-image-2893 lazyload\" data-srcset=\"https:\/\/fermelarochette.ch\/wp-content\/uploads\/2025\/09\/IMG_20250707_093933-768x1024.jpg 768w, https:\/\/fermelarochette.ch\/wp-content\/uploads\/2025\/09\/IMG_20250707_093933-scaled-600x800.jpg 600w, https:\/\/fermelarochette.ch\/wp-content\/uploads\/2025\/09\/IMG_20250707_093933-225x300.jpg 225w, https:\/\/fermelarochette.ch\/wp-content\/uploads\/2025\/09\/IMG_20250707_093933-1152x1536.jpg 1152w, https:\/\/fermelarochette.ch\/wp-content\/uploads\/2025\/09\/IMG_20250707_093933-1536x2048.jpg 1536w, https:\/\/fermelarochette.ch\/wp-content\/uploads\/2025\/09\/IMG_20250707_093933-scaled.jpg 1920w\" data-sizes=\"(max-width: 768px) 100vw, 768px\" src=\"data:image\/svg+xml;base64,PHN2ZyB3aWR0aD0iMSIgaGVpZ2h0PSIxIiB4bWxucz0iaHR0cDovL3d3dy53My5vcmcvMjAwMC9zdmciPjwvc3ZnPg==\" style=\"--smush-placeholder-width: 768px; --smush-placeholder-aspect-ratio: 768\/1024;\" \/><figcaption class=\"wp-element-caption\">\u00c0 la sortie de l&rsquo;alambic.<\/figcaption><\/figure>\n\n\n\n<figure class=\"wp-block-image size-large\"><img decoding=\"async\" width=\"768\" height=\"1024\" data-id=\"2894\" data-src=\"https:\/\/fermelarochette.ch\/wp-content\/uploads\/2025\/09\/IMG_20250707_094058-768x1024.jpg\" alt=\"\" class=\"wp-image-2894 lazyload\" data-srcset=\"https:\/\/fermelarochette.ch\/wp-content\/uploads\/2025\/09\/IMG_20250707_094058-768x1024.jpg 768w, https:\/\/fermelarochette.ch\/wp-content\/uploads\/2025\/09\/IMG_20250707_094058-scaled-600x800.jpg 600w, https:\/\/fermelarochette.ch\/wp-content\/uploads\/2025\/09\/IMG_20250707_094058-225x300.jpg 225w, https:\/\/fermelarochette.ch\/wp-content\/uploads\/2025\/09\/IMG_20250707_094058-1152x1536.jpg 1152w, https:\/\/fermelarochette.ch\/wp-content\/uploads\/2025\/09\/IMG_20250707_094058-1536x2048.jpg 1536w, https:\/\/fermelarochette.ch\/wp-content\/uploads\/2025\/09\/IMG_20250707_094058-scaled.jpg 1920w\" data-sizes=\"(max-width: 768px) 100vw, 768px\" src=\"data:image\/svg+xml;base64,PHN2ZyB3aWR0aD0iMSIgaGVpZ2h0PSIxIiB4bWxucz0iaHR0cDovL3d3dy53My5vcmcvMjAwMC9zdmciPjwvc3ZnPg==\" style=\"--smush-placeholder-width: 768px; --smush-placeholder-aspect-ratio: 768\/1024;\" \/><figcaption class=\"wp-element-caption\">L&rsquo;huile essentielle surnage dans l&rsquo;ampoule \u00e0 d\u00e9canter.<\/figcaption><\/figure>\n\n\n\n<figure class=\"wp-block-image size-large\"><img decoding=\"async\" width=\"768\" height=\"1024\" data-id=\"2895\" data-src=\"https:\/\/fermelarochette.ch\/wp-content\/uploads\/2025\/09\/Hydrolats-768x1024.jpg\" alt=\"\" class=\"wp-image-2895 lazyload\" data-srcset=\"https:\/\/fermelarochette.ch\/wp-content\/uploads\/2025\/09\/Hydrolats-768x1024.jpg 768w, https:\/\/fermelarochette.ch\/wp-content\/uploads\/2025\/09\/Hydrolats-600x800.jpg 600w, https:\/\/fermelarochette.ch\/wp-content\/uploads\/2025\/09\/Hydrolats-225x300.jpg 225w, https:\/\/fermelarochette.ch\/wp-content\/uploads\/2025\/09\/Hydrolats-1152x1536.jpg 1152w, https:\/\/fermelarochette.ch\/wp-content\/uploads\/2025\/09\/Hydrolats.jpg 1200w\" data-sizes=\"(max-width: 768px) 100vw, 768px\" src=\"data:image\/svg+xml;base64,PHN2ZyB3aWR0aD0iMSIgaGVpZ2h0PSIxIiB4bWxucz0iaHR0cDovL3d3dy53My5vcmcvMjAwMC9zdmciPjwvc3ZnPg==\" style=\"--smush-placeholder-width: 768px; --smush-placeholder-aspect-ratio: 768\/1024;\" \/><\/figure>\n<\/figure>\n\n\n\n<p><\/p>\n\n\n\n<p><\/p>\n\n\n\n<p><\/p>\n\n\n\n<p><\/p>\n","protected":false},"excerpt":{"rendered":"<p>La saison de distillation touche \u00e0 sa fin, l&rsquo;alambic est rang\u00e9 jusqu&rsquo;au printemps prochain. On vous raconte les plantes, leur r\u00e9colte et leur distillation&#8230; Sauge. &hellip;<\/p>\n","protected":false},"author":1,"featured_media":2765,"comment_status":"open","ping_status":"open","sticky":false,"template":"","format":"standard","meta":{"_price":"","_stock":"","_tribe_ticket_header":"","_tribe_default_ticket_provider":"","_ticket_start_date":"","_ticket_end_date":"","_tribe_ticket_show_description":"","_tribe_ticket_show_not_going":false,"_tribe_ticket_use_global_stock":"","_tribe_ticket_global_stock_level":"","_global_stock_mode":"","_global_stock_cap":"","_tribe_rsvp_for_event":"","_tribe_ticket_going_count":"","_tribe_ticket_not_going_count":"","_tribe_tickets_list":"[]","_tribe_ticket_has_attendee_info_fields":false,"_jetpack_memberships_contains_paid_content":false,"footnotes":""},"categories":[8],"tags":[],"class_list":["post-2891","post","type-post","status-publish","format-standard","has-post-thumbnail","hentry","category-nos-produits"],"yoast_head":"<!-- This site is optimized with the Yoast SEO plugin v26.9 - https:\/\/yoast.com\/product\/yoast-seo-wordpress\/ -->\n<title>Une belle saison de distillation - La Rochette<\/title>\n<meta name=\"robots\" content=\"index, follow, max-snippet:-1, max-image-preview:large, max-video-preview:-1\" \/>\n<link rel=\"canonical\" href=\"https:\/\/fermelarochette.ch\/index.php\/2025\/09\/22\/une-belle-saison-de-distillation\/\" \/>\n<meta property=\"og:locale\" content=\"fr_FR\" \/>\n<meta property=\"og:type\" content=\"article\" \/>\n<meta property=\"og:title\" content=\"Une belle saison de distillation - La Rochette\" \/>\n<meta property=\"og:description\" content=\"La saison de distillation touche \u00e0 sa fin, l&rsquo;alambic est rang\u00e9 jusqu&rsquo;au printemps prochain. On vous raconte les plantes, leur r\u00e9colte et leur distillation&#8230; Sauge. &hellip;\" \/>\n<meta property=\"og:url\" content=\"https:\/\/fermelarochette.ch\/index.php\/2025\/09\/22\/une-belle-saison-de-distillation\/\" \/>\n<meta property=\"og:site_name\" content=\"La Rochette\" \/>\n<meta property=\"article:published_time\" content=\"2025-09-22T20:39:30+00:00\" \/>\n<meta property=\"article:modified_time\" content=\"2026-02-16T10:30:53+00:00\" \/>\n<meta property=\"og:image\" content=\"https:\/\/fermelarochette.ch\/wp-content\/uploads\/2025\/06\/alambic2-scaled.jpg\" \/>\n\t<meta property=\"og:image:width\" content=\"1920\" \/>\n\t<meta property=\"og:image:height\" content=\"2560\" \/>\n\t<meta property=\"og:image:type\" content=\"image\/jpeg\" \/>\n<meta name=\"author\" content=\"Claudine\" \/>\n<meta name=\"twitter:card\" content=\"summary_large_image\" \/>\n<meta name=\"twitter:label1\" content=\"\u00c9crit par\" \/>\n\t<meta name=\"twitter:data1\" content=\"Claudine\" \/>\n\t<meta name=\"twitter:label2\" content=\"Dur\u00e9e de lecture estim\u00e9e\" \/>\n\t<meta name=\"twitter:data2\" content=\"8 minutes\" \/>\n<script type=\"application\/ld+json\" class=\"yoast-schema-graph\">{\"@context\":\"https:\/\/schema.org\",\"@graph\":[{\"@type\":\"Article\",\"@id\":\"https:\/\/fermelarochette.ch\/index.php\/2025\/09\/22\/une-belle-saison-de-distillation\/#article\",\"isPartOf\":{\"@id\":\"https:\/\/fermelarochette.ch\/index.php\/2025\/09\/22\/une-belle-saison-de-distillation\/\"},\"author\":{\"name\":\"Claudine\",\"@id\":\"https:\/\/fermelarochette.ch\/#\/schema\/person\/8b775b7362809e3390b8957cb4cbe9b7\"},\"headline\":\"Une belle saison de distillation\",\"datePublished\":\"2025-09-22T20:39:30+00:00\",\"dateModified\":\"2026-02-16T10:30:53+00:00\",\"mainEntityOfPage\":{\"@id\":\"https:\/\/fermelarochette.ch\/index.php\/2025\/09\/22\/une-belle-saison-de-distillation\/\"},\"wordCount\":1623,\"commentCount\":6,\"image\":{\"@id\":\"https:\/\/fermelarochette.ch\/index.php\/2025\/09\/22\/une-belle-saison-de-distillation\/#primaryimage\"},\"thumbnailUrl\":\"https:\/\/fermelarochette.ch\/wp-content\/uploads\/2025\/06\/alambic2-scaled.jpg\",\"articleSection\":[\"Nos produits\"],\"inLanguage\":\"fr-FR\",\"potentialAction\":[{\"@type\":\"CommentAction\",\"name\":\"Comment\",\"target\":[\"https:\/\/fermelarochette.ch\/index.php\/2025\/09\/22\/une-belle-saison-de-distillation\/#respond\"]}]},{\"@type\":\"WebPage\",\"@id\":\"https:\/\/fermelarochette.ch\/index.php\/2025\/09\/22\/une-belle-saison-de-distillation\/\",\"url\":\"https:\/\/fermelarochette.ch\/index.php\/2025\/09\/22\/une-belle-saison-de-distillation\/\",\"name\":\"Une belle saison de distillation - La Rochette\",\"isPartOf\":{\"@id\":\"https:\/\/fermelarochette.ch\/#website\"},\"primaryImageOfPage\":{\"@id\":\"https:\/\/fermelarochette.ch\/index.php\/2025\/09\/22\/une-belle-saison-de-distillation\/#primaryimage\"},\"image\":{\"@id\":\"https:\/\/fermelarochette.ch\/index.php\/2025\/09\/22\/une-belle-saison-de-distillation\/#primaryimage\"},\"thumbnailUrl\":\"https:\/\/fermelarochette.ch\/wp-content\/uploads\/2025\/06\/alambic2-scaled.jpg\",\"datePublished\":\"2025-09-22T20:39:30+00:00\",\"dateModified\":\"2026-02-16T10:30:53+00:00\",\"author\":{\"@id\":\"https:\/\/fermelarochette.ch\/#\/schema\/person\/8b775b7362809e3390b8957cb4cbe9b7\"},\"breadcrumb\":{\"@id\":\"https:\/\/fermelarochette.ch\/index.php\/2025\/09\/22\/une-belle-saison-de-distillation\/#breadcrumb\"},\"inLanguage\":\"fr-FR\",\"potentialAction\":[{\"@type\":\"ReadAction\",\"target\":[\"https:\/\/fermelarochette.ch\/index.php\/2025\/09\/22\/une-belle-saison-de-distillation\/\"]}]},{\"@type\":\"ImageObject\",\"inLanguage\":\"fr-FR\",\"@id\":\"https:\/\/fermelarochette.ch\/index.php\/2025\/09\/22\/une-belle-saison-de-distillation\/#primaryimage\",\"url\":\"https:\/\/fermelarochette.ch\/wp-content\/uploads\/2025\/06\/alambic2-scaled.jpg\",\"contentUrl\":\"https:\/\/fermelarochette.ch\/wp-content\/uploads\/2025\/06\/alambic2-scaled.jpg\",\"width\":1920,\"height\":2560},{\"@type\":\"BreadcrumbList\",\"@id\":\"https:\/\/fermelarochette.ch\/index.php\/2025\/09\/22\/une-belle-saison-de-distillation\/#breadcrumb\",\"itemListElement\":[{\"@type\":\"ListItem\",\"position\":1,\"name\":\"Accueil\",\"item\":\"https:\/\/fermelarochette.ch\/\"},{\"@type\":\"ListItem\",\"position\":2,\"name\":\"Une belle saison de distillation\"}]},{\"@type\":\"WebSite\",\"@id\":\"https:\/\/fermelarochette.ch\/#website\",\"url\":\"https:\/\/fermelarochette.ch\/\",\"name\":\"La Rochette\",\"description\":\"Micro-ferme biologique\",\"potentialAction\":[{\"@type\":\"SearchAction\",\"target\":{\"@type\":\"EntryPoint\",\"urlTemplate\":\"https:\/\/fermelarochette.ch\/?s={search_term_string}\"},\"query-input\":{\"@type\":\"PropertyValueSpecification\",\"valueRequired\":true,\"valueName\":\"search_term_string\"}}],\"inLanguage\":\"fr-FR\"},{\"@type\":\"Person\",\"@id\":\"https:\/\/fermelarochette.ch\/#\/schema\/person\/8b775b7362809e3390b8957cb4cbe9b7\",\"name\":\"Claudine\",\"image\":{\"@type\":\"ImageObject\",\"inLanguage\":\"fr-FR\",\"@id\":\"https:\/\/fermelarochette.ch\/#\/schema\/person\/image\/\",\"url\":\"https:\/\/secure.gravatar.com\/avatar\/c0dbc1c85619dc3f9e194c4bf5d3dc2a869999ff80aac4f0369e52a5ffe5b600?s=96&d=mm&r=g\",\"contentUrl\":\"https:\/\/secure.gravatar.com\/avatar\/c0dbc1c85619dc3f9e194c4bf5d3dc2a869999ff80aac4f0369e52a5ffe5b600?s=96&d=mm&r=g\",\"caption\":\"Claudine\"},\"sameAs\":[\"https:\/\/fermelarochette.ch\"],\"url\":\"https:\/\/fermelarochette.ch\/index.php\/author\/claudine\/\"}]}<\/script>\n<!-- \/ Yoast SEO plugin. -->","yoast_head_json":{"title":"Une belle saison de distillation - La Rochette","robots":{"index":"index","follow":"follow","max-snippet":"max-snippet:-1","max-image-preview":"max-image-preview:large","max-video-preview":"max-video-preview:-1"},"canonical":"https:\/\/fermelarochette.ch\/index.php\/2025\/09\/22\/une-belle-saison-de-distillation\/","og_locale":"fr_FR","og_type":"article","og_title":"Une belle saison de distillation - La Rochette","og_description":"La saison de distillation touche \u00e0 sa fin, l&rsquo;alambic est rang\u00e9 jusqu&rsquo;au printemps prochain. On vous raconte les plantes, leur r\u00e9colte et leur distillation&#8230; Sauge. &hellip;","og_url":"https:\/\/fermelarochette.ch\/index.php\/2025\/09\/22\/une-belle-saison-de-distillation\/","og_site_name":"La Rochette","article_published_time":"2025-09-22T20:39:30+00:00","article_modified_time":"2026-02-16T10:30:53+00:00","og_image":[{"width":1920,"height":2560,"url":"https:\/\/fermelarochette.ch\/wp-content\/uploads\/2025\/06\/alambic2-scaled.jpg","type":"image\/jpeg"}],"author":"Claudine","twitter_card":"summary_large_image","twitter_misc":{"\u00c9crit par":"Claudine","Dur\u00e9e de lecture estim\u00e9e":"8 minutes"},"schema":{"@context":"https:\/\/schema.org","@graph":[{"@type":"Article","@id":"https:\/\/fermelarochette.ch\/index.php\/2025\/09\/22\/une-belle-saison-de-distillation\/#article","isPartOf":{"@id":"https:\/\/fermelarochette.ch\/index.php\/2025\/09\/22\/une-belle-saison-de-distillation\/"},"author":{"name":"Claudine","@id":"https:\/\/fermelarochette.ch\/#\/schema\/person\/8b775b7362809e3390b8957cb4cbe9b7"},"headline":"Une belle saison de distillation","datePublished":"2025-09-22T20:39:30+00:00","dateModified":"2026-02-16T10:30:53+00:00","mainEntityOfPage":{"@id":"https:\/\/fermelarochette.ch\/index.php\/2025\/09\/22\/une-belle-saison-de-distillation\/"},"wordCount":1623,"commentCount":6,"image":{"@id":"https:\/\/fermelarochette.ch\/index.php\/2025\/09\/22\/une-belle-saison-de-distillation\/#primaryimage"},"thumbnailUrl":"https:\/\/fermelarochette.ch\/wp-content\/uploads\/2025\/06\/alambic2-scaled.jpg","articleSection":["Nos produits"],"inLanguage":"fr-FR","potentialAction":[{"@type":"CommentAction","name":"Comment","target":["https:\/\/fermelarochette.ch\/index.php\/2025\/09\/22\/une-belle-saison-de-distillation\/#respond"]}]},{"@type":"WebPage","@id":"https:\/\/fermelarochette.ch\/index.php\/2025\/09\/22\/une-belle-saison-de-distillation\/","url":"https:\/\/fermelarochette.ch\/index.php\/2025\/09\/22\/une-belle-saison-de-distillation\/","name":"Une belle saison de distillation - La Rochette","isPartOf":{"@id":"https:\/\/fermelarochette.ch\/#website"},"primaryImageOfPage":{"@id":"https:\/\/fermelarochette.ch\/index.php\/2025\/09\/22\/une-belle-saison-de-distillation\/#primaryimage"},"image":{"@id":"https:\/\/fermelarochette.ch\/index.php\/2025\/09\/22\/une-belle-saison-de-distillation\/#primaryimage"},"thumbnailUrl":"https:\/\/fermelarochette.ch\/wp-content\/uploads\/2025\/06\/alambic2-scaled.jpg","datePublished":"2025-09-22T20:39:30+00:00","dateModified":"2026-02-16T10:30:53+00:00","author":{"@id":"https:\/\/fermelarochette.ch\/#\/schema\/person\/8b775b7362809e3390b8957cb4cbe9b7"},"breadcrumb":{"@id":"https:\/\/fermelarochette.ch\/index.php\/2025\/09\/22\/une-belle-saison-de-distillation\/#breadcrumb"},"inLanguage":"fr-FR","potentialAction":[{"@type":"ReadAction","target":["https:\/\/fermelarochette.ch\/index.php\/2025\/09\/22\/une-belle-saison-de-distillation\/"]}]},{"@type":"ImageObject","inLanguage":"fr-FR","@id":"https:\/\/fermelarochette.ch\/index.php\/2025\/09\/22\/une-belle-saison-de-distillation\/#primaryimage","url":"https:\/\/fermelarochette.ch\/wp-content\/uploads\/2025\/06\/alambic2-scaled.jpg","contentUrl":"https:\/\/fermelarochette.ch\/wp-content\/uploads\/2025\/06\/alambic2-scaled.jpg","width":1920,"height":2560},{"@type":"BreadcrumbList","@id":"https:\/\/fermelarochette.ch\/index.php\/2025\/09\/22\/une-belle-saison-de-distillation\/#breadcrumb","itemListElement":[{"@type":"ListItem","position":1,"name":"Accueil","item":"https:\/\/fermelarochette.ch\/"},{"@type":"ListItem","position":2,"name":"Une belle saison de distillation"}]},{"@type":"WebSite","@id":"https:\/\/fermelarochette.ch\/#website","url":"https:\/\/fermelarochette.ch\/","name":"La Rochette","description":"Micro-ferme biologique","potentialAction":[{"@type":"SearchAction","target":{"@type":"EntryPoint","urlTemplate":"https:\/\/fermelarochette.ch\/?s={search_term_string}"},"query-input":{"@type":"PropertyValueSpecification","valueRequired":true,"valueName":"search_term_string"}}],"inLanguage":"fr-FR"},{"@type":"Person","@id":"https:\/\/fermelarochette.ch\/#\/schema\/person\/8b775b7362809e3390b8957cb4cbe9b7","name":"Claudine","image":{"@type":"ImageObject","inLanguage":"fr-FR","@id":"https:\/\/fermelarochette.ch\/#\/schema\/person\/image\/","url":"https:\/\/secure.gravatar.com\/avatar\/c0dbc1c85619dc3f9e194c4bf5d3dc2a869999ff80aac4f0369e52a5ffe5b600?s=96&d=mm&r=g","contentUrl":"https:\/\/secure.gravatar.com\/avatar\/c0dbc1c85619dc3f9e194c4bf5d3dc2a869999ff80aac4f0369e52a5ffe5b600?s=96&d=mm&r=g","caption":"Claudine"},"sameAs":["https:\/\/fermelarochette.ch"],"url":"https:\/\/fermelarochette.ch\/index.php\/author\/claudine\/"}]}},"jetpack_featured_media_url":"https:\/\/fermelarochette.ch\/wp-content\/uploads\/2025\/06\/alambic2-scaled.jpg","jetpack_sharing_enabled":true,"_links":{"self":[{"href":"https:\/\/fermelarochette.ch\/index.php\/wp-json\/wp\/v2\/posts\/2891","targetHints":{"allow":["GET"]}}],"collection":[{"href":"https:\/\/fermelarochette.ch\/index.php\/wp-json\/wp\/v2\/posts"}],"about":[{"href":"https:\/\/fermelarochette.ch\/index.php\/wp-json\/wp\/v2\/types\/post"}],"author":[{"embeddable":true,"href":"https:\/\/fermelarochette.ch\/index.php\/wp-json\/wp\/v2\/users\/1"}],"replies":[{"embeddable":true,"href":"https:\/\/fermelarochette.ch\/index.php\/wp-json\/wp\/v2\/comments?post=2891"}],"version-history":[{"count":5,"href":"https:\/\/fermelarochette.ch\/index.php\/wp-json\/wp\/v2\/posts\/2891\/revisions"}],"predecessor-version":[{"id":2904,"href":"https:\/\/fermelarochette.ch\/index.php\/wp-json\/wp\/v2\/posts\/2891\/revisions\/2904"}],"wp:featuredmedia":[{"embeddable":true,"href":"https:\/\/fermelarochette.ch\/index.php\/wp-json\/wp\/v2\/media\/2765"}],"wp:attachment":[{"href":"https:\/\/fermelarochette.ch\/index.php\/wp-json\/wp\/v2\/media?parent=2891"}],"wp:term":[{"taxonomy":"category","embeddable":true,"href":"https:\/\/fermelarochette.ch\/index.php\/wp-json\/wp\/v2\/categories?post=2891"},{"taxonomy":"post_tag","embeddable":true,"href":"https:\/\/fermelarochette.ch\/index.php\/wp-json\/wp\/v2\/tags?post=2891"}],"curies":[{"name":"wp","href":"https:\/\/api.w.org\/{rel}","templated":true}]}}