{"id":2838,"date":"2025-08-21T20:25:29","date_gmt":"2025-08-21T19:25:29","guid":{"rendered":"https:\/\/fermelarochette.ch\/?p=2838"},"modified":"2026-02-16T11:31:53","modified_gmt":"2026-02-16T10:31:53","slug":"2838","status":"publish","type":"post","link":"https:\/\/fermelarochette.ch\/index.php\/2025\/08\/21\/2838\/","title":{"rendered":"Diffusion en pr\u00e9sence du cin\u00e9aste et de La Rochette"},"content":{"rendered":"\n<p>Le dimanche <strong>21 septembre \u00e0 10h <\/strong>sera diffus\u00e9 \u00e0 Porrentruy le documentaire <em>Le Go\u00fbt des choses<\/em>, en pr\u00e9sence du cin\u00e9aste Alain Wirth et de St\u00e9phane, responsable mara\u00eecher de La Rochette, pour une session d\u00e9bat-questions. Ayant visionn\u00e9 le documentaire en avant-premi\u00e8re, nous pouvons vous garantir qu&rsquo;il dresse de fa\u00e7on totalement r\u00e9aliste les enjeux du quotidien quand on est mara\u00eechers id\u00e9aliste.<\/p>\n\n\n\n<p>La projection se d\u00e9roulera \u00e0 Porrentruy, \u00e0 Cin\u00e9majoie. La Rochette participera uniquement \u00e0 la session du 21 septembre au matin, cependant bien d&rsquo;autres projections auront lieu en Suisse romande, en pr\u00e9sence du cin\u00e9aste, de mara\u00eechers r\u00e9gionaux, d&rsquo;acteurs d&rsquo;initiatives r\u00e9gionales ou encore de l&rsquo;\u00e9quipe du film. <strong>Retrouvez la bande-annonce et toutes les dates sur le site de <a href=\"https:\/\/cinedoc.ch\/programmation\/saison-10\/le-gout-des-choses\" target=\"_blank\" rel=\"noreferrer noopener\">Cin\u00e9-doc<\/a><\/strong>. Et le r\u00e9sum\u00e9, ci-dessous : <\/p>\n\n\n\n<p class=\"has-text-align-center\"><em>Dans les hauts de Vevey, Pierre-Gilles et Antoine se sont lanc\u00e9s dans l\u2019agriculture. Leur ferme Praz Bonjour est un projet permacole agro\u00e9cologique, nourri de passion, sujet de fiert\u00e9, mais aussi de frustration. Le travail n\u2019est pas de tout repos: climat changeant, ravageurs, maladies \u2026 sans compter la pression financi\u00e8re qui p\u00e8se lourd. C\u2019est port\u00e9 par un profond d\u00e9sir d\u2019agir face aux al\u00e9as \u00e9cologiques que nos maraichers m\u00e8nent \u00e0 bien leur r\u00eave.<\/em><br><em>Alain Wirth dresse un portrait proche des protagonistes, pour prendre du recul sur les d\u00e9fis des cultures naturelles et nous rappeler la valeur et Le Go\u00fbt des choses.<\/em><br><\/p>\n\n\n\n<p class=\"has-text-align-left\">Au plaisir de discuter avec vous le 21 septembre ! <\/p>\n\n\n\n<div style=\"height:49px\" aria-hidden=\"true\" class=\"wp-block-spacer\"><\/div>\n\n\n<div class=\"wp-block-image\">\n<figure class=\"aligncenter size-large\"><img decoding=\"async\" width=\"724\" height=\"1024\" data-src=\"https:\/\/fermelarochette.ch\/wp-content\/uploads\/2025\/08\/Le-Gout-des-choses_affiche-724x1024.webp\" alt=\"\" class=\"wp-image-2839 lazyload\" data-srcset=\"https:\/\/fermelarochette.ch\/wp-content\/uploads\/2025\/08\/Le-Gout-des-choses_affiche-724x1024.webp 724w, https:\/\/fermelarochette.ch\/wp-content\/uploads\/2025\/08\/Le-Gout-des-choses_affiche-600x849.webp 600w, https:\/\/fermelarochette.ch\/wp-content\/uploads\/2025\/08\/Le-Gout-des-choses_affiche-212x300.webp 212w, https:\/\/fermelarochette.ch\/wp-content\/uploads\/2025\/08\/Le-Gout-des-choses_affiche-768x1086.webp 768w, https:\/\/fermelarochette.ch\/wp-content\/uploads\/2025\/08\/Le-Gout-des-choses_affiche.webp 1086w\" data-sizes=\"(max-width: 724px) 100vw, 724px\" src=\"data:image\/svg+xml;base64,PHN2ZyB3aWR0aD0iMSIgaGVpZ2h0PSIxIiB4bWxucz0iaHR0cDovL3d3dy53My5vcmcvMjAwMC9zdmciPjwvc3ZnPg==\" style=\"--smush-placeholder-width: 724px; --smush-placeholder-aspect-ratio: 724\/1024;\" \/><\/figure>\n<\/div>","protected":false},"excerpt":{"rendered":"<p>Le dimanche 21 septembre \u00e0 10h sera diffus\u00e9 \u00e0 Porrentruy le documentaire Le Go\u00fbt des choses, en pr\u00e9sence du cin\u00e9aste Alain Wirth et de St\u00e9phane, &hellip;<\/p>\n","protected":false},"author":1,"featured_media":2839,"comment_status":"open","ping_status":"open","sticky":false,"template":"","format":"standard","meta":{"_price":"","_stock":"","_tribe_ticket_header":"","_tribe_default_ticket_provider":"","_ticket_start_date":"","_ticket_end_date":"","_tribe_ticket_show_description":"","_tribe_ticket_show_not_going":false,"_tribe_ticket_use_global_stock":"","_tribe_ticket_global_stock_level":"","_global_stock_mode":"","_global_stock_cap":"","_tribe_rsvp_for_event":"","_tribe_ticket_going_count":"","_tribe_ticket_not_going_count":"","_tribe_tickets_list":"[]","_tribe_ticket_has_attendee_info_fields":false,"_jetpack_memberships_contains_paid_content":false,"footnotes":""},"categories":[7],"tags":[],"class_list":["post-2838","post","type-post","status-publish","format-standard","has-post-thumbnail","hentry","category-evenements"],"yoast_head":"<!-- This site is optimized with the Yoast SEO plugin v26.9 - https:\/\/yoast.com\/product\/yoast-seo-wordpress\/ -->\n<title>Diffusion en pr\u00e9sence du cin\u00e9aste et de La Rochette - La Rochette<\/title>\n<meta name=\"robots\" content=\"index, follow, max-snippet:-1, max-image-preview:large, max-video-preview:-1\" \/>\n<link rel=\"canonical\" href=\"https:\/\/fermelarochette.ch\/index.php\/2025\/08\/21\/2838\/\" \/>\n<meta property=\"og:locale\" content=\"fr_FR\" \/>\n<meta property=\"og:type\" content=\"article\" \/>\n<meta property=\"og:title\" content=\"Diffusion en pr\u00e9sence du cin\u00e9aste et de La Rochette - La Rochette\" \/>\n<meta property=\"og:description\" content=\"Le dimanche 21 septembre \u00e0 10h sera diffus\u00e9 \u00e0 Porrentruy le documentaire Le Go\u00fbt des choses, en pr\u00e9sence du cin\u00e9aste Alain Wirth et de St\u00e9phane, &hellip;\" \/>\n<meta property=\"og:url\" content=\"https:\/\/fermelarochette.ch\/index.php\/2025\/08\/21\/2838\/\" \/>\n<meta property=\"og:site_name\" content=\"La Rochette\" \/>\n<meta property=\"article:published_time\" content=\"2025-08-21T19:25:29+00:00\" \/>\n<meta property=\"article:modified_time\" content=\"2026-02-16T10:31:53+00:00\" \/>\n<meta property=\"og:image\" content=\"https:\/\/fermelarochette.ch\/wp-content\/uploads\/2025\/08\/Le-Gout-des-choses_affiche.webp\" \/>\n\t<meta property=\"og:image:width\" content=\"1086\" \/>\n\t<meta property=\"og:image:height\" content=\"1536\" \/>\n\t<meta property=\"og:image:type\" content=\"image\/webp\" \/>\n<meta name=\"author\" content=\"Claudine\" \/>\n<meta name=\"twitter:card\" content=\"summary_large_image\" \/>\n<meta name=\"twitter:label1\" content=\"\u00c9crit par\" \/>\n\t<meta name=\"twitter:data1\" content=\"Claudine\" \/>\n\t<meta name=\"twitter:label2\" content=\"Dur\u00e9e de lecture estim\u00e9e\" \/>\n\t<meta name=\"twitter:data2\" content=\"1 minute\" \/>\n<script type=\"application\/ld+json\" class=\"yoast-schema-graph\">{\"@context\":\"https:\/\/schema.org\",\"@graph\":[{\"@type\":\"Article\",\"@id\":\"https:\/\/fermelarochette.ch\/index.php\/2025\/08\/21\/2838\/#article\",\"isPartOf\":{\"@id\":\"https:\/\/fermelarochette.ch\/index.php\/2025\/08\/21\/2838\/\"},\"author\":{\"name\":\"Claudine\",\"@id\":\"https:\/\/fermelarochette.ch\/#\/schema\/person\/8b775b7362809e3390b8957cb4cbe9b7\"},\"headline\":\"Diffusion en pr\u00e9sence du cin\u00e9aste et de La Rochette\",\"datePublished\":\"2025-08-21T19:25:29+00:00\",\"dateModified\":\"2026-02-16T10:31:53+00:00\",\"mainEntityOfPage\":{\"@id\":\"https:\/\/fermelarochette.ch\/index.php\/2025\/08\/21\/2838\/\"},\"wordCount\":264,\"commentCount\":0,\"image\":{\"@id\":\"https:\/\/fermelarochette.ch\/index.php\/2025\/08\/21\/2838\/#primaryimage\"},\"thumbnailUrl\":\"https:\/\/fermelarochette.ch\/wp-content\/uploads\/2025\/08\/Le-Gout-des-choses_affiche.webp\",\"articleSection\":[\"Ev\u00e9nements\"],\"inLanguage\":\"fr-FR\",\"potentialAction\":[{\"@type\":\"CommentAction\",\"name\":\"Comment\",\"target\":[\"https:\/\/fermelarochette.ch\/index.php\/2025\/08\/21\/2838\/#respond\"]}]},{\"@type\":\"WebPage\",\"@id\":\"https:\/\/fermelarochette.ch\/index.php\/2025\/08\/21\/2838\/\",\"url\":\"https:\/\/fermelarochette.ch\/index.php\/2025\/08\/21\/2838\/\",\"name\":\"Diffusion en pr\u00e9sence du cin\u00e9aste et de La Rochette - La Rochette\",\"isPartOf\":{\"@id\":\"https:\/\/fermelarochette.ch\/#website\"},\"primaryImageOfPage\":{\"@id\":\"https:\/\/fermelarochette.ch\/index.php\/2025\/08\/21\/2838\/#primaryimage\"},\"image\":{\"@id\":\"https:\/\/fermelarochette.ch\/index.php\/2025\/08\/21\/2838\/#primaryimage\"},\"thumbnailUrl\":\"https:\/\/fermelarochette.ch\/wp-content\/uploads\/2025\/08\/Le-Gout-des-choses_affiche.webp\",\"datePublished\":\"2025-08-21T19:25:29+00:00\",\"dateModified\":\"2026-02-16T10:31:53+00:00\",\"author\":{\"@id\":\"https:\/\/fermelarochette.ch\/#\/schema\/person\/8b775b7362809e3390b8957cb4cbe9b7\"},\"breadcrumb\":{\"@id\":\"https:\/\/fermelarochette.ch\/index.php\/2025\/08\/21\/2838\/#breadcrumb\"},\"inLanguage\":\"fr-FR\",\"potentialAction\":[{\"@type\":\"ReadAction\",\"target\":[\"https:\/\/fermelarochette.ch\/index.php\/2025\/08\/21\/2838\/\"]}]},{\"@type\":\"ImageObject\",\"inLanguage\":\"fr-FR\",\"@id\":\"https:\/\/fermelarochette.ch\/index.php\/2025\/08\/21\/2838\/#primaryimage\",\"url\":\"https:\/\/fermelarochette.ch\/wp-content\/uploads\/2025\/08\/Le-Gout-des-choses_affiche.webp\",\"contentUrl\":\"https:\/\/fermelarochette.ch\/wp-content\/uploads\/2025\/08\/Le-Gout-des-choses_affiche.webp\",\"width\":1086,\"height\":1536},{\"@type\":\"BreadcrumbList\",\"@id\":\"https:\/\/fermelarochette.ch\/index.php\/2025\/08\/21\/2838\/#breadcrumb\",\"itemListElement\":[{\"@type\":\"ListItem\",\"position\":1,\"name\":\"Accueil\",\"item\":\"https:\/\/fermelarochette.ch\/\"},{\"@type\":\"ListItem\",\"position\":2,\"name\":\"Diffusion en pr\u00e9sence du cin\u00e9aste et de La Rochette\"}]},{\"@type\":\"WebSite\",\"@id\":\"https:\/\/fermelarochette.ch\/#website\",\"url\":\"https:\/\/fermelarochette.ch\/\",\"name\":\"La Rochette\",\"description\":\"Micro-ferme biologique\",\"potentialAction\":[{\"@type\":\"SearchAction\",\"target\":{\"@type\":\"EntryPoint\",\"urlTemplate\":\"https:\/\/fermelarochette.ch\/?s={search_term_string}\"},\"query-input\":{\"@type\":\"PropertyValueSpecification\",\"valueRequired\":true,\"valueName\":\"search_term_string\"}}],\"inLanguage\":\"fr-FR\"},{\"@type\":\"Person\",\"@id\":\"https:\/\/fermelarochette.ch\/#\/schema\/person\/8b775b7362809e3390b8957cb4cbe9b7\",\"name\":\"Claudine\",\"image\":{\"@type\":\"ImageObject\",\"inLanguage\":\"fr-FR\",\"@id\":\"https:\/\/fermelarochette.ch\/#\/schema\/person\/image\/\",\"url\":\"https:\/\/secure.gravatar.com\/avatar\/c0dbc1c85619dc3f9e194c4bf5d3dc2a869999ff80aac4f0369e52a5ffe5b600?s=96&d=mm&r=g\",\"contentUrl\":\"https:\/\/secure.gravatar.com\/avatar\/c0dbc1c85619dc3f9e194c4bf5d3dc2a869999ff80aac4f0369e52a5ffe5b600?s=96&d=mm&r=g\",\"caption\":\"Claudine\"},\"sameAs\":[\"https:\/\/fermelarochette.ch\"],\"url\":\"https:\/\/fermelarochette.ch\/index.php\/author\/claudine\/\"}]}<\/script>\n<!-- \/ Yoast SEO plugin. -->","yoast_head_json":{"title":"Diffusion en pr\u00e9sence du cin\u00e9aste et de La Rochette - La Rochette","robots":{"index":"index","follow":"follow","max-snippet":"max-snippet:-1","max-image-preview":"max-image-preview:large","max-video-preview":"max-video-preview:-1"},"canonical":"https:\/\/fermelarochette.ch\/index.php\/2025\/08\/21\/2838\/","og_locale":"fr_FR","og_type":"article","og_title":"Diffusion en pr\u00e9sence du cin\u00e9aste et de La Rochette - La Rochette","og_description":"Le dimanche 21 septembre \u00e0 10h sera diffus\u00e9 \u00e0 Porrentruy le documentaire Le Go\u00fbt des choses, en pr\u00e9sence du cin\u00e9aste Alain Wirth et de St\u00e9phane, &hellip;","og_url":"https:\/\/fermelarochette.ch\/index.php\/2025\/08\/21\/2838\/","og_site_name":"La Rochette","article_published_time":"2025-08-21T19:25:29+00:00","article_modified_time":"2026-02-16T10:31:53+00:00","og_image":[{"width":1086,"height":1536,"url":"https:\/\/fermelarochette.ch\/wp-content\/uploads\/2025\/08\/Le-Gout-des-choses_affiche.webp","type":"image\/webp"}],"author":"Claudine","twitter_card":"summary_large_image","twitter_misc":{"\u00c9crit par":"Claudine","Dur\u00e9e de lecture estim\u00e9e":"1 minute"},"schema":{"@context":"https:\/\/schema.org","@graph":[{"@type":"Article","@id":"https:\/\/fermelarochette.ch\/index.php\/2025\/08\/21\/2838\/#article","isPartOf":{"@id":"https:\/\/fermelarochette.ch\/index.php\/2025\/08\/21\/2838\/"},"author":{"name":"Claudine","@id":"https:\/\/fermelarochette.ch\/#\/schema\/person\/8b775b7362809e3390b8957cb4cbe9b7"},"headline":"Diffusion en pr\u00e9sence du cin\u00e9aste et de La Rochette","datePublished":"2025-08-21T19:25:29+00:00","dateModified":"2026-02-16T10:31:53+00:00","mainEntityOfPage":{"@id":"https:\/\/fermelarochette.ch\/index.php\/2025\/08\/21\/2838\/"},"wordCount":264,"commentCount":0,"image":{"@id":"https:\/\/fermelarochette.ch\/index.php\/2025\/08\/21\/2838\/#primaryimage"},"thumbnailUrl":"https:\/\/fermelarochette.ch\/wp-content\/uploads\/2025\/08\/Le-Gout-des-choses_affiche.webp","articleSection":["Ev\u00e9nements"],"inLanguage":"fr-FR","potentialAction":[{"@type":"CommentAction","name":"Comment","target":["https:\/\/fermelarochette.ch\/index.php\/2025\/08\/21\/2838\/#respond"]}]},{"@type":"WebPage","@id":"https:\/\/fermelarochette.ch\/index.php\/2025\/08\/21\/2838\/","url":"https:\/\/fermelarochette.ch\/index.php\/2025\/08\/21\/2838\/","name":"Diffusion en pr\u00e9sence du cin\u00e9aste et de La Rochette - La Rochette","isPartOf":{"@id":"https:\/\/fermelarochette.ch\/#website"},"primaryImageOfPage":{"@id":"https:\/\/fermelarochette.ch\/index.php\/2025\/08\/21\/2838\/#primaryimage"},"image":{"@id":"https:\/\/fermelarochette.ch\/index.php\/2025\/08\/21\/2838\/#primaryimage"},"thumbnailUrl":"https:\/\/fermelarochette.ch\/wp-content\/uploads\/2025\/08\/Le-Gout-des-choses_affiche.webp","datePublished":"2025-08-21T19:25:29+00:00","dateModified":"2026-02-16T10:31:53+00:00","author":{"@id":"https:\/\/fermelarochette.ch\/#\/schema\/person\/8b775b7362809e3390b8957cb4cbe9b7"},"breadcrumb":{"@id":"https:\/\/fermelarochette.ch\/index.php\/2025\/08\/21\/2838\/#breadcrumb"},"inLanguage":"fr-FR","potentialAction":[{"@type":"ReadAction","target":["https:\/\/fermelarochette.ch\/index.php\/2025\/08\/21\/2838\/"]}]},{"@type":"ImageObject","inLanguage":"fr-FR","@id":"https:\/\/fermelarochette.ch\/index.php\/2025\/08\/21\/2838\/#primaryimage","url":"https:\/\/fermelarochette.ch\/wp-content\/uploads\/2025\/08\/Le-Gout-des-choses_affiche.webp","contentUrl":"https:\/\/fermelarochette.ch\/wp-content\/uploads\/2025\/08\/Le-Gout-des-choses_affiche.webp","width":1086,"height":1536},{"@type":"BreadcrumbList","@id":"https:\/\/fermelarochette.ch\/index.php\/2025\/08\/21\/2838\/#breadcrumb","itemListElement":[{"@type":"ListItem","position":1,"name":"Accueil","item":"https:\/\/fermelarochette.ch\/"},{"@type":"ListItem","position":2,"name":"Diffusion en pr\u00e9sence du cin\u00e9aste et de La Rochette"}]},{"@type":"WebSite","@id":"https:\/\/fermelarochette.ch\/#website","url":"https:\/\/fermelarochette.ch\/","name":"La Rochette","description":"Micro-ferme biologique","potentialAction":[{"@type":"SearchAction","target":{"@type":"EntryPoint","urlTemplate":"https:\/\/fermelarochette.ch\/?s={search_term_string}"},"query-input":{"@type":"PropertyValueSpecification","valueRequired":true,"valueName":"search_term_string"}}],"inLanguage":"fr-FR"},{"@type":"Person","@id":"https:\/\/fermelarochette.ch\/#\/schema\/person\/8b775b7362809e3390b8957cb4cbe9b7","name":"Claudine","image":{"@type":"ImageObject","inLanguage":"fr-FR","@id":"https:\/\/fermelarochette.ch\/#\/schema\/person\/image\/","url":"https:\/\/secure.gravatar.com\/avatar\/c0dbc1c85619dc3f9e194c4bf5d3dc2a869999ff80aac4f0369e52a5ffe5b600?s=96&d=mm&r=g","contentUrl":"https:\/\/secure.gravatar.com\/avatar\/c0dbc1c85619dc3f9e194c4bf5d3dc2a869999ff80aac4f0369e52a5ffe5b600?s=96&d=mm&r=g","caption":"Claudine"},"sameAs":["https:\/\/fermelarochette.ch"],"url":"https:\/\/fermelarochette.ch\/index.php\/author\/claudine\/"}]}},"jetpack_featured_media_url":"https:\/\/fermelarochette.ch\/wp-content\/uploads\/2025\/08\/Le-Gout-des-choses_affiche.webp","jetpack_sharing_enabled":true,"_links":{"self":[{"href":"https:\/\/fermelarochette.ch\/index.php\/wp-json\/wp\/v2\/posts\/2838","targetHints":{"allow":["GET"]}}],"collection":[{"href":"https:\/\/fermelarochette.ch\/index.php\/wp-json\/wp\/v2\/posts"}],"about":[{"href":"https:\/\/fermelarochette.ch\/index.php\/wp-json\/wp\/v2\/types\/post"}],"author":[{"embeddable":true,"href":"https:\/\/fermelarochette.ch\/index.php\/wp-json\/wp\/v2\/users\/1"}],"replies":[{"embeddable":true,"href":"https:\/\/fermelarochette.ch\/index.php\/wp-json\/wp\/v2\/comments?post=2838"}],"version-history":[{"count":3,"href":"https:\/\/fermelarochette.ch\/index.php\/wp-json\/wp\/v2\/posts\/2838\/revisions"}],"predecessor-version":[{"id":2842,"href":"https:\/\/fermelarochette.ch\/index.php\/wp-json\/wp\/v2\/posts\/2838\/revisions\/2842"}],"wp:featuredmedia":[{"embeddable":true,"href":"https:\/\/fermelarochette.ch\/index.php\/wp-json\/wp\/v2\/media\/2839"}],"wp:attachment":[{"href":"https:\/\/fermelarochette.ch\/index.php\/wp-json\/wp\/v2\/media?parent=2838"}],"wp:term":[{"taxonomy":"category","embeddable":true,"href":"https:\/\/fermelarochette.ch\/index.php\/wp-json\/wp\/v2\/categories?post=2838"},{"taxonomy":"post_tag","embeddable":true,"href":"https:\/\/fermelarochette.ch\/index.php\/wp-json\/wp\/v2\/tags?post=2838"}],"curies":[{"name":"wp","href":"https:\/\/api.w.org\/{rel}","templated":true}]}}