{"id":2821,"date":"2025-08-21T15:07:35","date_gmt":"2025-08-21T14:07:35","guid":{"rendered":"https:\/\/fermelarochette.ch\/?p=2821"},"modified":"2026-02-16T11:36:24","modified_gmt":"2026-02-16T10:36:24","slug":"medievales-2025","status":"publish","type":"post","link":"https:\/\/fermelarochette.ch\/index.php\/2025\/08\/21\/medievales-2025\/","title":{"rendered":"Les M\u00e9di\u00e9vales de Saint-Ursanne"},"content":{"rendered":"\n<p>En juillet dernier, nous avons eu beaucoup de plaisir \u00e0 participer aux M\u00e9di\u00e9vales de Saint-Ursanne ; l&rsquo;ambiance, les odeurs, les sons, le public&#8230; Tout \u00e9tait sympa ! Sur le stand de vente, nous avons pr\u00e9sent\u00e9 nos tous nouveaux produits ainsi que nos classiques. En d\u00e9monstration, nous avions install\u00e9 une charrette garnie de pr\u00e9parations aux plantes et d&rsquo;un petit alambic qui n&rsquo;a pas manqu\u00e9 d&rsquo;attirer l&rsquo;attention. Nous remercions les b\u00e9n\u00e9voles qui nous ont si chaleureusement aid\u00e9s : Christophe Blin, Elsa Gabriel, C\u00e9line Jallon, Pauline Miserez et Christine Miserez, ainsi qu&rsquo;Yves Bacon pour le transport de la charrette et le montage. <\/p>\n\n\n\n<p>L&rsquo;\u00e9v\u00e9nement a lieu tous les deux ans, le deuxi\u00e8me weekend de juillet. Rendez-vous est pris pour 2027 \ud83d\ude09 <\/p>\n\n\n\n<div style=\"height:54px\" aria-hidden=\"true\" class=\"wp-block-spacer\"><\/div>\n\n\n\n<figure class=\"wp-block-gallery has-nested-images columns-2 is-cropped wp-block-gallery-1 is-layout-flex wp-block-gallery-is-layout-flex\">\n<figure class=\"wp-block-image size-large\"><img decoding=\"async\" width=\"768\" height=\"1024\" data-id=\"2835\" data-src=\"https:\/\/fermelarochette.ch\/wp-content\/uploads\/2025\/08\/Plantes-sechees-et-lanternes-768x1024.jpg\" alt=\"\" class=\"wp-image-2835 lazyload\" data-srcset=\"https:\/\/fermelarochette.ch\/wp-content\/uploads\/2025\/08\/Plantes-sechees-et-lanternes-768x1024.jpg 768w, https:\/\/fermelarochette.ch\/wp-content\/uploads\/2025\/08\/Plantes-sechees-et-lanternes-scaled-600x800.jpg 600w, https:\/\/fermelarochette.ch\/wp-content\/uploads\/2025\/08\/Plantes-sechees-et-lanternes-225x300.jpg 225w, https:\/\/fermelarochette.ch\/wp-content\/uploads\/2025\/08\/Plantes-sechees-et-lanternes-1152x1536.jpg 1152w, https:\/\/fermelarochette.ch\/wp-content\/uploads\/2025\/08\/Plantes-sechees-et-lanternes-1536x2048.jpg 1536w, https:\/\/fermelarochette.ch\/wp-content\/uploads\/2025\/08\/Plantes-sechees-et-lanternes-scaled.jpg 1920w\" data-sizes=\"(max-width: 768px) 100vw, 768px\" src=\"data:image\/svg+xml;base64,PHN2ZyB3aWR0aD0iMSIgaGVpZ2h0PSIxIiB4bWxucz0iaHR0cDovL3d3dy53My5vcmcvMjAwMC9zdmciPjwvc3ZnPg==\" style=\"--smush-placeholder-width: 768px; --smush-placeholder-aspect-ratio: 768\/1024;\" \/><\/figure>\n\n\n\n<figure class=\"wp-block-image size-large\"><img decoding=\"async\" width=\"1024\" height=\"768\" data-id=\"2832\" data-src=\"https:\/\/fermelarochette.ch\/wp-content\/uploads\/2025\/08\/La-charrette-1024x768.jpg\" alt=\"\" class=\"wp-image-2832 lazyload\" data-srcset=\"https:\/\/fermelarochette.ch\/wp-content\/uploads\/2025\/08\/La-charrette-1024x768.jpg 1024w, https:\/\/fermelarochette.ch\/wp-content\/uploads\/2025\/08\/La-charrette-600x450.jpg 600w, https:\/\/fermelarochette.ch\/wp-content\/uploads\/2025\/08\/La-charrette-300x225.jpg 300w, https:\/\/fermelarochette.ch\/wp-content\/uploads\/2025\/08\/La-charrette-768x576.jpg 768w, https:\/\/fermelarochette.ch\/wp-content\/uploads\/2025\/08\/La-charrette-1536x1152.jpg 1536w, https:\/\/fermelarochette.ch\/wp-content\/uploads\/2025\/08\/La-charrette-400x300.jpg 400w, https:\/\/fermelarochette.ch\/wp-content\/uploads\/2025\/08\/La-charrette.jpg 2048w\" data-sizes=\"(max-width: 1024px) 100vw, 1024px\" src=\"data:image\/svg+xml;base64,PHN2ZyB3aWR0aD0iMSIgaGVpZ2h0PSIxIiB4bWxucz0iaHR0cDovL3d3dy53My5vcmcvMjAwMC9zdmciPjwvc3ZnPg==\" style=\"--smush-placeholder-width: 1024px; --smush-placeholder-aspect-ratio: 1024\/768;\" \/><\/figure>\n\n\n\n<figure class=\"wp-block-image size-large\"><img decoding=\"async\" width=\"768\" height=\"1024\" data-id=\"2823\" data-src=\"https:\/\/fermelarochette.ch\/wp-content\/uploads\/2025\/08\/Agathe-768x1024.jpg\" alt=\"\" class=\"wp-image-2823 lazyload\" data-srcset=\"https:\/\/fermelarochette.ch\/wp-content\/uploads\/2025\/08\/Agathe-768x1024.jpg 768w, https:\/\/fermelarochette.ch\/wp-content\/uploads\/2025\/08\/Agathe-600x800.jpg 600w, https:\/\/fermelarochette.ch\/wp-content\/uploads\/2025\/08\/Agathe-225x300.jpg 225w, https:\/\/fermelarochette.ch\/wp-content\/uploads\/2025\/08\/Agathe-1152x1536.jpg 1152w, https:\/\/fermelarochette.ch\/wp-content\/uploads\/2025\/08\/Agathe.jpg 1536w\" data-sizes=\"(max-width: 768px) 100vw, 768px\" src=\"data:image\/svg+xml;base64,PHN2ZyB3aWR0aD0iMSIgaGVpZ2h0PSIxIiB4bWxucz0iaHR0cDovL3d3dy53My5vcmcvMjAwMC9zdmciPjwvc3ZnPg==\" style=\"--smush-placeholder-width: 768px; --smush-placeholder-aspect-ratio: 768\/1024;\" \/><\/figure>\n\n\n\n<figure class=\"wp-block-image size-large\"><img decoding=\"async\" width=\"768\" height=\"1024\" data-id=\"2822\" data-src=\"https:\/\/fermelarochette.ch\/wp-content\/uploads\/2025\/08\/Ambiance-de-rue-2-768x1024.jpg\" alt=\"\" class=\"wp-image-2822 lazyload\" data-srcset=\"https:\/\/fermelarochette.ch\/wp-content\/uploads\/2025\/08\/Ambiance-de-rue-2-768x1024.jpg 768w, https:\/\/fermelarochette.ch\/wp-content\/uploads\/2025\/08\/Ambiance-de-rue-2-600x800.jpg 600w, https:\/\/fermelarochette.ch\/wp-content\/uploads\/2025\/08\/Ambiance-de-rue-2-225x300.jpg 225w, https:\/\/fermelarochette.ch\/wp-content\/uploads\/2025\/08\/Ambiance-de-rue-2-1152x1536.jpg 1152w, https:\/\/fermelarochette.ch\/wp-content\/uploads\/2025\/08\/Ambiance-de-rue-2.jpg 1536w\" data-sizes=\"(max-width: 768px) 100vw, 768px\" src=\"data:image\/svg+xml;base64,PHN2ZyB3aWR0aD0iMSIgaGVpZ2h0PSIxIiB4bWxucz0iaHR0cDovL3d3dy53My5vcmcvMjAwMC9zdmciPjwvc3ZnPg==\" style=\"--smush-placeholder-width: 768px; --smush-placeholder-aspect-ratio: 768\/1024;\" \/><\/figure>\n\n\n\n<figure class=\"wp-block-image size-large\"><img decoding=\"async\" width=\"768\" height=\"1024\" data-id=\"2824\" data-src=\"https:\/\/fermelarochette.ch\/wp-content\/uploads\/2025\/08\/Ambiance-de-rue-768x1024.jpg\" alt=\"\" class=\"wp-image-2824 lazyload\" data-srcset=\"https:\/\/fermelarochette.ch\/wp-content\/uploads\/2025\/08\/Ambiance-de-rue-768x1024.jpg 768w, https:\/\/fermelarochette.ch\/wp-content\/uploads\/2025\/08\/Ambiance-de-rue-600x800.jpg 600w, https:\/\/fermelarochette.ch\/wp-content\/uploads\/2025\/08\/Ambiance-de-rue-225x300.jpg 225w, https:\/\/fermelarochette.ch\/wp-content\/uploads\/2025\/08\/Ambiance-de-rue-1152x1536.jpg 1152w, https:\/\/fermelarochette.ch\/wp-content\/uploads\/2025\/08\/Ambiance-de-rue.jpg 1536w\" data-sizes=\"(max-width: 768px) 100vw, 768px\" src=\"data:image\/svg+xml;base64,PHN2ZyB3aWR0aD0iMSIgaGVpZ2h0PSIxIiB4bWxucz0iaHR0cDovL3d3dy53My5vcmcvMjAwMC9zdmciPjwvc3ZnPg==\" style=\"--smush-placeholder-width: 768px; --smush-placeholder-aspect-ratio: 768\/1024;\" \/><\/figure>\n\n\n\n<figure class=\"wp-block-image size-large\"><img decoding=\"async\" width=\"1024\" height=\"1024\" data-id=\"2831\" data-src=\"https:\/\/fermelarochette.ch\/wp-content\/uploads\/2025\/08\/Defile-du-samedi-soir-1024x1024.jpg\" alt=\"\" class=\"wp-image-2831 lazyload\" data-srcset=\"https:\/\/fermelarochette.ch\/wp-content\/uploads\/2025\/08\/Defile-du-samedi-soir-1024x1024.jpg 1024w, https:\/\/fermelarochette.ch\/wp-content\/uploads\/2025\/08\/Defile-du-samedi-soir-800x800.jpg 800w, https:\/\/fermelarochette.ch\/wp-content\/uploads\/2025\/08\/Defile-du-samedi-soir-100x100.jpg 100w, https:\/\/fermelarochette.ch\/wp-content\/uploads\/2025\/08\/Defile-du-samedi-soir-600x600.jpg 600w, https:\/\/fermelarochette.ch\/wp-content\/uploads\/2025\/08\/Defile-du-samedi-soir-300x300.jpg 300w, https:\/\/fermelarochette.ch\/wp-content\/uploads\/2025\/08\/Defile-du-samedi-soir-150x150.jpg 150w, https:\/\/fermelarochette.ch\/wp-content\/uploads\/2025\/08\/Defile-du-samedi-soir-768x768.jpg 768w, https:\/\/fermelarochette.ch\/wp-content\/uploads\/2025\/08\/Defile-du-samedi-soir-1536x1536.jpg 1536w, https:\/\/fermelarochette.ch\/wp-content\/uploads\/2025\/08\/Defile-du-samedi-soir.jpg 2048w\" data-sizes=\"(max-width: 1024px) 100vw, 1024px\" src=\"data:image\/svg+xml;base64,PHN2ZyB3aWR0aD0iMSIgaGVpZ2h0PSIxIiB4bWxucz0iaHR0cDovL3d3dy53My5vcmcvMjAwMC9zdmciPjwvc3ZnPg==\" style=\"--smush-placeholder-width: 1024px; --smush-placeholder-aspect-ratio: 1024\/1024;\" \/><\/figure>\n\n\n\n<figure class=\"wp-block-image size-large\"><img decoding=\"async\" width=\"768\" height=\"1024\" data-id=\"2825\" data-src=\"https:\/\/fermelarochette.ch\/wp-content\/uploads\/2025\/08\/Alambic-de-nuit-768x1024.jpg\" alt=\"\" class=\"wp-image-2825 lazyload\" data-srcset=\"https:\/\/fermelarochette.ch\/wp-content\/uploads\/2025\/08\/Alambic-de-nuit-768x1024.jpg 768w, https:\/\/fermelarochette.ch\/wp-content\/uploads\/2025\/08\/Alambic-de-nuit-scaled-600x800.jpg 600w, https:\/\/fermelarochette.ch\/wp-content\/uploads\/2025\/08\/Alambic-de-nuit-225x300.jpg 225w, https:\/\/fermelarochette.ch\/wp-content\/uploads\/2025\/08\/Alambic-de-nuit-1152x1536.jpg 1152w, https:\/\/fermelarochette.ch\/wp-content\/uploads\/2025\/08\/Alambic-de-nuit-1536x2048.jpg 1536w, https:\/\/fermelarochette.ch\/wp-content\/uploads\/2025\/08\/Alambic-de-nuit-scaled.jpg 1920w\" data-sizes=\"(max-width: 768px) 100vw, 768px\" src=\"data:image\/svg+xml;base64,PHN2ZyB3aWR0aD0iMSIgaGVpZ2h0PSIxIiB4bWxucz0iaHR0cDovL3d3dy53My5vcmcvMjAwMC9zdmciPjwvc3ZnPg==\" style=\"--smush-placeholder-width: 768px; --smush-placeholder-aspect-ratio: 768\/1024;\" \/><\/figure>\n\n\n\n<figure class=\"wp-block-image size-large\"><img decoding=\"async\" data-id=\"2826\" data-src=\"https:\/\/fermelarochette.ch\/wp-content\/uploads\/2025\/08\/ambiance-nocturne-2-768x1024.jpg\" alt=\"\" class=\"wp-image-2826 lazyload\" src=\"data:image\/svg+xml;base64,PHN2ZyB3aWR0aD0iMSIgaGVpZ2h0PSIxIiB4bWxucz0iaHR0cDovL3d3dy53My5vcmcvMjAwMC9zdmciPjwvc3ZnPg==\" style=\"--smush-placeholder-width: 768px; --smush-placeholder-aspect-ratio: 768\/1024;\" \/><\/figure>\n\n\n\n<figure class=\"wp-block-image size-large\"><img decoding=\"async\" width=\"768\" height=\"1024\" data-id=\"2828\" data-src=\"https:\/\/fermelarochette.ch\/wp-content\/uploads\/2025\/08\/baumes-et-petites-fees-768x1024.jpg\" alt=\"\" class=\"wp-image-2828 lazyload\" data-srcset=\"https:\/\/fermelarochette.ch\/wp-content\/uploads\/2025\/08\/baumes-et-petites-fees-768x1024.jpg 768w, https:\/\/fermelarochette.ch\/wp-content\/uploads\/2025\/08\/baumes-et-petites-fees-600x800.jpg 600w, https:\/\/fermelarochette.ch\/wp-content\/uploads\/2025\/08\/baumes-et-petites-fees-225x300.jpg 225w, https:\/\/fermelarochette.ch\/wp-content\/uploads\/2025\/08\/baumes-et-petites-fees-1152x1536.jpg 1152w, https:\/\/fermelarochette.ch\/wp-content\/uploads\/2025\/08\/baumes-et-petites-fees.jpg 1536w\" data-sizes=\"(max-width: 768px) 100vw, 768px\" src=\"data:image\/svg+xml;base64,PHN2ZyB3aWR0aD0iMSIgaGVpZ2h0PSIxIiB4bWxucz0iaHR0cDovL3d3dy53My5vcmcvMjAwMC9zdmciPjwvc3ZnPg==\" style=\"--smush-placeholder-width: 768px; --smush-placeholder-aspect-ratio: 768\/1024;\" \/><\/figure>\n\n\n\n<figure class=\"wp-block-image size-large\"><img decoding=\"async\" width=\"1024\" height=\"768\" data-id=\"2829\" data-src=\"https:\/\/fermelarochette.ch\/wp-content\/uploads\/2025\/08\/Christine-Christophe-et-Agathe-1024x768.jpg\" alt=\"\" class=\"wp-image-2829 lazyload\" data-srcset=\"https:\/\/fermelarochette.ch\/wp-content\/uploads\/2025\/08\/Christine-Christophe-et-Agathe-1024x768.jpg 1024w, https:\/\/fermelarochette.ch\/wp-content\/uploads\/2025\/08\/Christine-Christophe-et-Agathe-600x450.jpg 600w, https:\/\/fermelarochette.ch\/wp-content\/uploads\/2025\/08\/Christine-Christophe-et-Agathe-300x225.jpg 300w, https:\/\/fermelarochette.ch\/wp-content\/uploads\/2025\/08\/Christine-Christophe-et-Agathe-768x576.jpg 768w, https:\/\/fermelarochette.ch\/wp-content\/uploads\/2025\/08\/Christine-Christophe-et-Agathe-1536x1152.jpg 1536w, https:\/\/fermelarochette.ch\/wp-content\/uploads\/2025\/08\/Christine-Christophe-et-Agathe-400x300.jpg 400w, https:\/\/fermelarochette.ch\/wp-content\/uploads\/2025\/08\/Christine-Christophe-et-Agathe.jpg 1600w\" data-sizes=\"(max-width: 1024px) 100vw, 1024px\" src=\"data:image\/svg+xml;base64,PHN2ZyB3aWR0aD0iMSIgaGVpZ2h0PSIxIiB4bWxucz0iaHR0cDovL3d3dy53My5vcmcvMjAwMC9zdmciPjwvc3ZnPg==\" style=\"--smush-placeholder-width: 1024px; --smush-placeholder-aspect-ratio: 1024\/768;\" \/><\/figure>\n\n\n\n<figure class=\"wp-block-image size-large\"><img decoding=\"async\" width=\"768\" height=\"1024\" data-id=\"2830\" data-src=\"https:\/\/fermelarochette.ch\/wp-content\/uploads\/2025\/08\/Claudine-et-les-couronnes-de-fleurs-768x1024.jpg\" alt=\"\" class=\"wp-image-2830 lazyload\" data-srcset=\"https:\/\/fermelarochette.ch\/wp-content\/uploads\/2025\/08\/Claudine-et-les-couronnes-de-fleurs-768x1024.jpg 768w, https:\/\/fermelarochette.ch\/wp-content\/uploads\/2025\/08\/Claudine-et-les-couronnes-de-fleurs-600x800.jpg 600w, https:\/\/fermelarochette.ch\/wp-content\/uploads\/2025\/08\/Claudine-et-les-couronnes-de-fleurs-225x300.jpg 225w, https:\/\/fermelarochette.ch\/wp-content\/uploads\/2025\/08\/Claudine-et-les-couronnes-de-fleurs-1152x1536.jpg 1152w, https:\/\/fermelarochette.ch\/wp-content\/uploads\/2025\/08\/Claudine-et-les-couronnes-de-fleurs.jpg 1536w\" data-sizes=\"(max-width: 768px) 100vw, 768px\" src=\"data:image\/svg+xml;base64,PHN2ZyB3aWR0aD0iMSIgaGVpZ2h0PSIxIiB4bWxucz0iaHR0cDovL3d3dy53My5vcmcvMjAwMC9zdmciPjwvc3ZnPg==\" style=\"--smush-placeholder-width: 768px; --smush-placeholder-aspect-ratio: 768\/1024;\" \/><\/figure>\n\n\n\n<figure class=\"wp-block-image size-large\"><img decoding=\"async\" width=\"768\" height=\"1024\" data-id=\"2833\" data-src=\"https:\/\/fermelarochette.ch\/wp-content\/uploads\/2025\/08\/Le-forgeron-Marc-Grelat-768x1024.jpg\" alt=\"\" class=\"wp-image-2833 lazyload\" data-srcset=\"https:\/\/fermelarochette.ch\/wp-content\/uploads\/2025\/08\/Le-forgeron-Marc-Grelat-768x1024.jpg 768w, https:\/\/fermelarochette.ch\/wp-content\/uploads\/2025\/08\/Le-forgeron-Marc-Grelat-600x800.jpg 600w, https:\/\/fermelarochette.ch\/wp-content\/uploads\/2025\/08\/Le-forgeron-Marc-Grelat-225x300.jpg 225w, https:\/\/fermelarochette.ch\/wp-content\/uploads\/2025\/08\/Le-forgeron-Marc-Grelat-1152x1536.jpg 1152w, https:\/\/fermelarochette.ch\/wp-content\/uploads\/2025\/08\/Le-forgeron-Marc-Grelat.jpg 1536w\" data-sizes=\"(max-width: 768px) 100vw, 768px\" src=\"data:image\/svg+xml;base64,PHN2ZyB3aWR0aD0iMSIgaGVpZ2h0PSIxIiB4bWxucz0iaHR0cDovL3d3dy53My5vcmcvMjAwMC9zdmciPjwvc3ZnPg==\" style=\"--smush-placeholder-width: 768px; --smush-placeholder-aspect-ratio: 768\/1024;\" \/><\/figure>\n\n\n\n<figure class=\"wp-block-image size-large\"><img decoding=\"async\" width=\"1024\" height=\"768\" data-id=\"2834\" data-src=\"https:\/\/fermelarochette.ch\/wp-content\/uploads\/2025\/08\/Les-benevoles-1024x768.jpg\" alt=\"\" class=\"wp-image-2834 lazyload\" data-srcset=\"https:\/\/fermelarochette.ch\/wp-content\/uploads\/2025\/08\/Les-benevoles-1024x768.jpg 1024w, https:\/\/fermelarochette.ch\/wp-content\/uploads\/2025\/08\/Les-benevoles-600x450.jpg 600w, https:\/\/fermelarochette.ch\/wp-content\/uploads\/2025\/08\/Les-benevoles-300x225.jpg 300w, https:\/\/fermelarochette.ch\/wp-content\/uploads\/2025\/08\/Les-benevoles-768x576.jpg 768w, https:\/\/fermelarochette.ch\/wp-content\/uploads\/2025\/08\/Les-benevoles-1536x1152.jpg 1536w, https:\/\/fermelarochette.ch\/wp-content\/uploads\/2025\/08\/Les-benevoles-400x300.jpg 400w, https:\/\/fermelarochette.ch\/wp-content\/uploads\/2025\/08\/Les-benevoles.jpg 2048w\" data-sizes=\"(max-width: 1024px) 100vw, 1024px\" src=\"data:image\/svg+xml;base64,PHN2ZyB3aWR0aD0iMSIgaGVpZ2h0PSIxIiB4bWxucz0iaHR0cDovL3d3dy53My5vcmcvMjAwMC9zdmciPjwvc3ZnPg==\" style=\"--smush-placeholder-width: 1024px; --smush-placeholder-aspect-ratio: 1024\/768;\" \/><\/figure>\n<\/figure>\n\n\n\n<p><\/p>\n","protected":false},"excerpt":{"rendered":"<p>En juillet dernier, nous avons eu beaucoup de plaisir \u00e0 participer aux M\u00e9di\u00e9vales de Saint-Ursanne ; l&rsquo;ambiance, les odeurs, les sons, le public&#8230; Tout \u00e9tait &hellip;<\/p>\n","protected":false},"author":1,"featured_media":2826,"comment_status":"open","ping_status":"open","sticky":false,"template":"","format":"standard","meta":{"_price":"","_stock":"","_tribe_ticket_header":"","_tribe_default_ticket_provider":"","_ticket_start_date":"","_ticket_end_date":"","_tribe_ticket_show_description":"","_tribe_ticket_show_not_going":false,"_tribe_ticket_use_global_stock":"","_tribe_ticket_global_stock_level":"","_global_stock_mode":"","_global_stock_cap":"","_tribe_rsvp_for_event":"","_tribe_ticket_going_count":"","_tribe_ticket_not_going_count":"","_tribe_tickets_list":"[]","_tribe_ticket_has_attendee_info_fields":false,"_jetpack_memberships_contains_paid_content":false,"footnotes":""},"categories":[7],"tags":[],"class_list":["post-2821","post","type-post","status-publish","format-standard","has-post-thumbnail","hentry","category-evenements"],"yoast_head":"<!-- This site is optimized with the Yoast SEO plugin v26.9 - https:\/\/yoast.com\/product\/yoast-seo-wordpress\/ -->\n<title>Les M\u00e9di\u00e9vales de Saint-Ursanne - La Rochette<\/title>\n<meta name=\"robots\" content=\"index, follow, max-snippet:-1, max-image-preview:large, max-video-preview:-1\" \/>\n<link rel=\"canonical\" href=\"https:\/\/fermelarochette.ch\/index.php\/2025\/08\/21\/medievales-2025\/\" \/>\n<meta property=\"og:locale\" content=\"fr_FR\" \/>\n<meta property=\"og:type\" content=\"article\" \/>\n<meta property=\"og:title\" content=\"Les M\u00e9di\u00e9vales de Saint-Ursanne - La Rochette\" \/>\n<meta property=\"og:description\" content=\"En juillet dernier, nous avons eu beaucoup de plaisir \u00e0 participer aux M\u00e9di\u00e9vales de Saint-Ursanne ; l&rsquo;ambiance, les odeurs, les sons, le public&#8230; Tout \u00e9tait &hellip;\" \/>\n<meta property=\"og:url\" content=\"https:\/\/fermelarochette.ch\/index.php\/2025\/08\/21\/medievales-2025\/\" \/>\n<meta property=\"og:site_name\" content=\"La Rochette\" \/>\n<meta property=\"article:published_time\" content=\"2025-08-21T14:07:35+00:00\" \/>\n<meta property=\"article:modified_time\" content=\"2026-02-16T10:36:24+00:00\" \/>\n<meta property=\"og:image\" content=\"https:\/\/fermelarochette.ch\/wp-content\/uploads\/2025\/08\/ambiance-nocturne-2-scaled.jpg\" \/>\n\t<meta property=\"og:image:width\" content=\"1920\" \/>\n\t<meta property=\"og:image:height\" content=\"2560\" \/>\n\t<meta property=\"og:image:type\" content=\"image\/jpeg\" \/>\n<meta name=\"author\" content=\"Claudine\" \/>\n<meta name=\"twitter:card\" content=\"summary_large_image\" \/>\n<meta name=\"twitter:label1\" content=\"\u00c9crit par\" \/>\n\t<meta name=\"twitter:data1\" content=\"Claudine\" \/>\n\t<meta name=\"twitter:label2\" content=\"Dur\u00e9e de lecture estim\u00e9e\" \/>\n\t<meta name=\"twitter:data2\" content=\"1 minute\" \/>\n<script type=\"application\/ld+json\" class=\"yoast-schema-graph\">{\"@context\":\"https:\/\/schema.org\",\"@graph\":[{\"@type\":\"Article\",\"@id\":\"https:\/\/fermelarochette.ch\/index.php\/2025\/08\/21\/medievales-2025\/#article\",\"isPartOf\":{\"@id\":\"https:\/\/fermelarochette.ch\/index.php\/2025\/08\/21\/medievales-2025\/\"},\"author\":{\"name\":\"Claudine\",\"@id\":\"https:\/\/fermelarochette.ch\/#\/schema\/person\/8b775b7362809e3390b8957cb4cbe9b7\"},\"headline\":\"Les M\u00e9di\u00e9vales de Saint-Ursanne\",\"datePublished\":\"2025-08-21T14:07:35+00:00\",\"dateModified\":\"2026-02-16T10:36:24+00:00\",\"mainEntityOfPage\":{\"@id\":\"https:\/\/fermelarochette.ch\/index.php\/2025\/08\/21\/medievales-2025\/\"},\"wordCount\":129,\"commentCount\":0,\"image\":{\"@id\":\"https:\/\/fermelarochette.ch\/index.php\/2025\/08\/21\/medievales-2025\/#primaryimage\"},\"thumbnailUrl\":\"https:\/\/fermelarochette.ch\/wp-content\/uploads\/2025\/08\/ambiance-nocturne-2-scaled.jpg\",\"articleSection\":[\"Ev\u00e9nements\"],\"inLanguage\":\"fr-FR\",\"potentialAction\":[{\"@type\":\"CommentAction\",\"name\":\"Comment\",\"target\":[\"https:\/\/fermelarochette.ch\/index.php\/2025\/08\/21\/medievales-2025\/#respond\"]}]},{\"@type\":\"WebPage\",\"@id\":\"https:\/\/fermelarochette.ch\/index.php\/2025\/08\/21\/medievales-2025\/\",\"url\":\"https:\/\/fermelarochette.ch\/index.php\/2025\/08\/21\/medievales-2025\/\",\"name\":\"Les M\u00e9di\u00e9vales de Saint-Ursanne - La Rochette\",\"isPartOf\":{\"@id\":\"https:\/\/fermelarochette.ch\/#website\"},\"primaryImageOfPage\":{\"@id\":\"https:\/\/fermelarochette.ch\/index.php\/2025\/08\/21\/medievales-2025\/#primaryimage\"},\"image\":{\"@id\":\"https:\/\/fermelarochette.ch\/index.php\/2025\/08\/21\/medievales-2025\/#primaryimage\"},\"thumbnailUrl\":\"https:\/\/fermelarochette.ch\/wp-content\/uploads\/2025\/08\/ambiance-nocturne-2-scaled.jpg\",\"datePublished\":\"2025-08-21T14:07:35+00:00\",\"dateModified\":\"2026-02-16T10:36:24+00:00\",\"author\":{\"@id\":\"https:\/\/fermelarochette.ch\/#\/schema\/person\/8b775b7362809e3390b8957cb4cbe9b7\"},\"breadcrumb\":{\"@id\":\"https:\/\/fermelarochette.ch\/index.php\/2025\/08\/21\/medievales-2025\/#breadcrumb\"},\"inLanguage\":\"fr-FR\",\"potentialAction\":[{\"@type\":\"ReadAction\",\"target\":[\"https:\/\/fermelarochette.ch\/index.php\/2025\/08\/21\/medievales-2025\/\"]}]},{\"@type\":\"ImageObject\",\"inLanguage\":\"fr-FR\",\"@id\":\"https:\/\/fermelarochette.ch\/index.php\/2025\/08\/21\/medievales-2025\/#primaryimage\",\"url\":\"https:\/\/fermelarochette.ch\/wp-content\/uploads\/2025\/08\/ambiance-nocturne-2-scaled.jpg\",\"contentUrl\":\"https:\/\/fermelarochette.ch\/wp-content\/uploads\/2025\/08\/ambiance-nocturne-2-scaled.jpg\",\"width\":1920,\"height\":2560},{\"@type\":\"BreadcrumbList\",\"@id\":\"https:\/\/fermelarochette.ch\/index.php\/2025\/08\/21\/medievales-2025\/#breadcrumb\",\"itemListElement\":[{\"@type\":\"ListItem\",\"position\":1,\"name\":\"Accueil\",\"item\":\"https:\/\/fermelarochette.ch\/\"},{\"@type\":\"ListItem\",\"position\":2,\"name\":\"Les M\u00e9di\u00e9vales de Saint-Ursanne\"}]},{\"@type\":\"WebSite\",\"@id\":\"https:\/\/fermelarochette.ch\/#website\",\"url\":\"https:\/\/fermelarochette.ch\/\",\"name\":\"La Rochette\",\"description\":\"Micro-ferme biologique\",\"potentialAction\":[{\"@type\":\"SearchAction\",\"target\":{\"@type\":\"EntryPoint\",\"urlTemplate\":\"https:\/\/fermelarochette.ch\/?s={search_term_string}\"},\"query-input\":{\"@type\":\"PropertyValueSpecification\",\"valueRequired\":true,\"valueName\":\"search_term_string\"}}],\"inLanguage\":\"fr-FR\"},{\"@type\":\"Person\",\"@id\":\"https:\/\/fermelarochette.ch\/#\/schema\/person\/8b775b7362809e3390b8957cb4cbe9b7\",\"name\":\"Claudine\",\"image\":{\"@type\":\"ImageObject\",\"inLanguage\":\"fr-FR\",\"@id\":\"https:\/\/fermelarochette.ch\/#\/schema\/person\/image\/\",\"url\":\"https:\/\/secure.gravatar.com\/avatar\/c0dbc1c85619dc3f9e194c4bf5d3dc2a869999ff80aac4f0369e52a5ffe5b600?s=96&d=mm&r=g\",\"contentUrl\":\"https:\/\/secure.gravatar.com\/avatar\/c0dbc1c85619dc3f9e194c4bf5d3dc2a869999ff80aac4f0369e52a5ffe5b600?s=96&d=mm&r=g\",\"caption\":\"Claudine\"},\"sameAs\":[\"https:\/\/fermelarochette.ch\"],\"url\":\"https:\/\/fermelarochette.ch\/index.php\/author\/claudine\/\"}]}<\/script>\n<!-- \/ Yoast SEO plugin. -->","yoast_head_json":{"title":"Les M\u00e9di\u00e9vales de Saint-Ursanne - La Rochette","robots":{"index":"index","follow":"follow","max-snippet":"max-snippet:-1","max-image-preview":"max-image-preview:large","max-video-preview":"max-video-preview:-1"},"canonical":"https:\/\/fermelarochette.ch\/index.php\/2025\/08\/21\/medievales-2025\/","og_locale":"fr_FR","og_type":"article","og_title":"Les M\u00e9di\u00e9vales de Saint-Ursanne - La Rochette","og_description":"En juillet dernier, nous avons eu beaucoup de plaisir \u00e0 participer aux M\u00e9di\u00e9vales de Saint-Ursanne ; l&rsquo;ambiance, les odeurs, les sons, le public&#8230; Tout \u00e9tait &hellip;","og_url":"https:\/\/fermelarochette.ch\/index.php\/2025\/08\/21\/medievales-2025\/","og_site_name":"La Rochette","article_published_time":"2025-08-21T14:07:35+00:00","article_modified_time":"2026-02-16T10:36:24+00:00","og_image":[{"width":1920,"height":2560,"url":"https:\/\/fermelarochette.ch\/wp-content\/uploads\/2025\/08\/ambiance-nocturne-2-scaled.jpg","type":"image\/jpeg"}],"author":"Claudine","twitter_card":"summary_large_image","twitter_misc":{"\u00c9crit par":"Claudine","Dur\u00e9e de lecture estim\u00e9e":"1 minute"},"schema":{"@context":"https:\/\/schema.org","@graph":[{"@type":"Article","@id":"https:\/\/fermelarochette.ch\/index.php\/2025\/08\/21\/medievales-2025\/#article","isPartOf":{"@id":"https:\/\/fermelarochette.ch\/index.php\/2025\/08\/21\/medievales-2025\/"},"author":{"name":"Claudine","@id":"https:\/\/fermelarochette.ch\/#\/schema\/person\/8b775b7362809e3390b8957cb4cbe9b7"},"headline":"Les M\u00e9di\u00e9vales de Saint-Ursanne","datePublished":"2025-08-21T14:07:35+00:00","dateModified":"2026-02-16T10:36:24+00:00","mainEntityOfPage":{"@id":"https:\/\/fermelarochette.ch\/index.php\/2025\/08\/21\/medievales-2025\/"},"wordCount":129,"commentCount":0,"image":{"@id":"https:\/\/fermelarochette.ch\/index.php\/2025\/08\/21\/medievales-2025\/#primaryimage"},"thumbnailUrl":"https:\/\/fermelarochette.ch\/wp-content\/uploads\/2025\/08\/ambiance-nocturne-2-scaled.jpg","articleSection":["Ev\u00e9nements"],"inLanguage":"fr-FR","potentialAction":[{"@type":"CommentAction","name":"Comment","target":["https:\/\/fermelarochette.ch\/index.php\/2025\/08\/21\/medievales-2025\/#respond"]}]},{"@type":"WebPage","@id":"https:\/\/fermelarochette.ch\/index.php\/2025\/08\/21\/medievales-2025\/","url":"https:\/\/fermelarochette.ch\/index.php\/2025\/08\/21\/medievales-2025\/","name":"Les M\u00e9di\u00e9vales de Saint-Ursanne - La Rochette","isPartOf":{"@id":"https:\/\/fermelarochette.ch\/#website"},"primaryImageOfPage":{"@id":"https:\/\/fermelarochette.ch\/index.php\/2025\/08\/21\/medievales-2025\/#primaryimage"},"image":{"@id":"https:\/\/fermelarochette.ch\/index.php\/2025\/08\/21\/medievales-2025\/#primaryimage"},"thumbnailUrl":"https:\/\/fermelarochette.ch\/wp-content\/uploads\/2025\/08\/ambiance-nocturne-2-scaled.jpg","datePublished":"2025-08-21T14:07:35+00:00","dateModified":"2026-02-16T10:36:24+00:00","author":{"@id":"https:\/\/fermelarochette.ch\/#\/schema\/person\/8b775b7362809e3390b8957cb4cbe9b7"},"breadcrumb":{"@id":"https:\/\/fermelarochette.ch\/index.php\/2025\/08\/21\/medievales-2025\/#breadcrumb"},"inLanguage":"fr-FR","potentialAction":[{"@type":"ReadAction","target":["https:\/\/fermelarochette.ch\/index.php\/2025\/08\/21\/medievales-2025\/"]}]},{"@type":"ImageObject","inLanguage":"fr-FR","@id":"https:\/\/fermelarochette.ch\/index.php\/2025\/08\/21\/medievales-2025\/#primaryimage","url":"https:\/\/fermelarochette.ch\/wp-content\/uploads\/2025\/08\/ambiance-nocturne-2-scaled.jpg","contentUrl":"https:\/\/fermelarochette.ch\/wp-content\/uploads\/2025\/08\/ambiance-nocturne-2-scaled.jpg","width":1920,"height":2560},{"@type":"BreadcrumbList","@id":"https:\/\/fermelarochette.ch\/index.php\/2025\/08\/21\/medievales-2025\/#breadcrumb","itemListElement":[{"@type":"ListItem","position":1,"name":"Accueil","item":"https:\/\/fermelarochette.ch\/"},{"@type":"ListItem","position":2,"name":"Les M\u00e9di\u00e9vales de Saint-Ursanne"}]},{"@type":"WebSite","@id":"https:\/\/fermelarochette.ch\/#website","url":"https:\/\/fermelarochette.ch\/","name":"La Rochette","description":"Micro-ferme biologique","potentialAction":[{"@type":"SearchAction","target":{"@type":"EntryPoint","urlTemplate":"https:\/\/fermelarochette.ch\/?s={search_term_string}"},"query-input":{"@type":"PropertyValueSpecification","valueRequired":true,"valueName":"search_term_string"}}],"inLanguage":"fr-FR"},{"@type":"Person","@id":"https:\/\/fermelarochette.ch\/#\/schema\/person\/8b775b7362809e3390b8957cb4cbe9b7","name":"Claudine","image":{"@type":"ImageObject","inLanguage":"fr-FR","@id":"https:\/\/fermelarochette.ch\/#\/schema\/person\/image\/","url":"https:\/\/secure.gravatar.com\/avatar\/c0dbc1c85619dc3f9e194c4bf5d3dc2a869999ff80aac4f0369e52a5ffe5b600?s=96&d=mm&r=g","contentUrl":"https:\/\/secure.gravatar.com\/avatar\/c0dbc1c85619dc3f9e194c4bf5d3dc2a869999ff80aac4f0369e52a5ffe5b600?s=96&d=mm&r=g","caption":"Claudine"},"sameAs":["https:\/\/fermelarochette.ch"],"url":"https:\/\/fermelarochette.ch\/index.php\/author\/claudine\/"}]}},"jetpack_featured_media_url":"https:\/\/fermelarochette.ch\/wp-content\/uploads\/2025\/08\/ambiance-nocturne-2-scaled.jpg","jetpack_sharing_enabled":true,"_links":{"self":[{"href":"https:\/\/fermelarochette.ch\/index.php\/wp-json\/wp\/v2\/posts\/2821","targetHints":{"allow":["GET"]}}],"collection":[{"href":"https:\/\/fermelarochette.ch\/index.php\/wp-json\/wp\/v2\/posts"}],"about":[{"href":"https:\/\/fermelarochette.ch\/index.php\/wp-json\/wp\/v2\/types\/post"}],"author":[{"embeddable":true,"href":"https:\/\/fermelarochette.ch\/index.php\/wp-json\/wp\/v2\/users\/1"}],"replies":[{"embeddable":true,"href":"https:\/\/fermelarochette.ch\/index.php\/wp-json\/wp\/v2\/comments?post=2821"}],"version-history":[{"count":2,"href":"https:\/\/fermelarochette.ch\/index.php\/wp-json\/wp\/v2\/posts\/2821\/revisions"}],"predecessor-version":[{"id":2837,"href":"https:\/\/fermelarochette.ch\/index.php\/wp-json\/wp\/v2\/posts\/2821\/revisions\/2837"}],"wp:featuredmedia":[{"embeddable":true,"href":"https:\/\/fermelarochette.ch\/index.php\/wp-json\/wp\/v2\/media\/2826"}],"wp:attachment":[{"href":"https:\/\/fermelarochette.ch\/index.php\/wp-json\/wp\/v2\/media?parent=2821"}],"wp:term":[{"taxonomy":"category","embeddable":true,"href":"https:\/\/fermelarochette.ch\/index.php\/wp-json\/wp\/v2\/categories?post=2821"},{"taxonomy":"post_tag","embeddable":true,"href":"https:\/\/fermelarochette.ch\/index.php\/wp-json\/wp\/v2\/tags?post=2821"}],"curies":[{"name":"wp","href":"https:\/\/api.w.org\/{rel}","templated":true}]}}