{"id":2560,"date":"2025-03-21T00:24:12","date_gmt":"2025-03-20T23:24:12","guid":{"rendered":"https:\/\/fermelarochette.ch\/?p=2560"},"modified":"2026-02-16T11:40:55","modified_gmt":"2026-02-16T10:40:55","slug":"2024-retrospective","status":"publish","type":"post","link":"https:\/\/fermelarochette.ch\/index.php\/2025\/03\/21\/2024-retrospective\/","title":{"rendered":"R\u00e9trospective 2024"},"content":{"rendered":"\n<p><strong>L&rsquo;ann\u00e9e 2024 a \u00e9t\u00e9 riche en \u00e9v\u00e9nements ! R\u00e9trospective en images.<\/strong><\/p>\n\n\n\n<div style=\"height:40px\" aria-hidden=\"true\" class=\"wp-block-spacer\"><\/div>\n\n\n\n<div class=\"wp-block-media-text is-stacked-on-mobile\" style=\"grid-template-columns:30% auto\"><figure class=\"wp-block-media-text__media\"><a href=\"https:\/\/fermelarochette.ch\/wp-content\/uploads\/2024\/02\/Fevrier-2024_Preparation-du-jardin.jpg\" target=\"_blank\" rel=\" noreferrer noopener\"><img decoding=\"async\" width=\"1024\" height=\"768\" data-src=\"https:\/\/fermelarochette.ch\/wp-content\/uploads\/2024\/02\/Fevrier-2024_Preparation-du-jardin-1024x768.jpg\" alt=\"\" class=\"wp-image-1921 size-full lazyload\" data-srcset=\"https:\/\/fermelarochette.ch\/wp-content\/uploads\/2024\/02\/Fevrier-2024_Preparation-du-jardin-1024x768.jpg 1024w, https:\/\/fermelarochette.ch\/wp-content\/uploads\/2024\/02\/Fevrier-2024_Preparation-du-jardin-600x450.jpg 600w, https:\/\/fermelarochette.ch\/wp-content\/uploads\/2024\/02\/Fevrier-2024_Preparation-du-jardin-300x225.jpg 300w, https:\/\/fermelarochette.ch\/wp-content\/uploads\/2024\/02\/Fevrier-2024_Preparation-du-jardin-768x576.jpg 768w, https:\/\/fermelarochette.ch\/wp-content\/uploads\/2024\/02\/Fevrier-2024_Preparation-du-jardin-1536x1152.jpg 1536w, https:\/\/fermelarochette.ch\/wp-content\/uploads\/2024\/02\/Fevrier-2024_Preparation-du-jardin-400x300.jpg 400w, https:\/\/fermelarochette.ch\/wp-content\/uploads\/2024\/02\/Fevrier-2024_Preparation-du-jardin.jpg 2016w\" data-sizes=\"(max-width: 1024px) 100vw, 1024px\" src=\"data:image\/svg+xml;base64,PHN2ZyB3aWR0aD0iMSIgaGVpZ2h0PSIxIiB4bWxucz0iaHR0cDovL3d3dy53My5vcmcvMjAwMC9zdmciPjwvc3ZnPg==\" style=\"--smush-placeholder-width: 1024px; --smush-placeholder-aspect-ratio: 1024\/768;\" \/><\/a><\/figure><div class=\"wp-block-media-text__content\">\n<p>L&rsquo;ann\u00e9e commence sur les chapeaux de roues avec l&rsquo;ouverture de plusieurs nouvelles zones dans le jardin-mara\u00eecher. <\/p>\n\n\n\n<p>Claudine est enceinte, pour le plus grand bonheur de toute la famille.<\/p>\n<\/div><\/div>\n\n\n\n<div style=\"height:16px\" aria-hidden=\"true\" class=\"wp-block-spacer\"><\/div>\n\n\n\n<div class=\"wp-block-media-text is-stacked-on-mobile\" style=\"grid-template-columns:30% auto\"><figure class=\"wp-block-media-text__media\"><a href=\"https:\/\/fermelarochette.ch\/wp-content\/uploads\/2024\/03\/La-cabane-est-construite--scaled-e1711399102599.jpg\" target=\"_blank\" rel=\" noreferrer noopener\"><img decoding=\"async\" width=\"1024\" height=\"709\" data-src=\"https:\/\/fermelarochette.ch\/wp-content\/uploads\/2024\/03\/La-cabane-est-construite--scaled-e1711399102599-1024x709.jpg\" alt=\"\" class=\"wp-image-1988 size-full lazyload\" data-srcset=\"https:\/\/fermelarochette.ch\/wp-content\/uploads\/2024\/03\/La-cabane-est-construite--scaled-e1711399102599-1024x709.jpg 1024w, https:\/\/fermelarochette.ch\/wp-content\/uploads\/2024\/03\/La-cabane-est-construite--scaled-e1711399102599-600x415.jpg 600w, https:\/\/fermelarochette.ch\/wp-content\/uploads\/2024\/03\/La-cabane-est-construite--scaled-e1711399102599-300x208.jpg 300w, https:\/\/fermelarochette.ch\/wp-content\/uploads\/2024\/03\/La-cabane-est-construite--scaled-e1711399102599-768x531.jpg 768w, https:\/\/fermelarochette.ch\/wp-content\/uploads\/2024\/03\/La-cabane-est-construite--scaled-e1711399102599-1536x1063.jpg 1536w, https:\/\/fermelarochette.ch\/wp-content\/uploads\/2024\/03\/La-cabane-est-construite--scaled-e1711399102599-2048x1417.jpg 2048w, https:\/\/fermelarochette.ch\/wp-content\/uploads\/2024\/03\/La-cabane-est-construite--scaled-e1711399102599-434x300.jpg 434w\" data-sizes=\"(max-width: 1024px) 100vw, 1024px\" src=\"data:image\/svg+xml;base64,PHN2ZyB3aWR0aD0iMSIgaGVpZ2h0PSIxIiB4bWxucz0iaHR0cDovL3d3dy53My5vcmcvMjAwMC9zdmciPjwvc3ZnPg==\" style=\"--smush-placeholder-width: 1024px; --smush-placeholder-aspect-ratio: 1024\/709;\" \/><\/a><\/figure><div class=\"wp-block-media-text__content\">\n<p>En mars, St\u00e9phane, Agathe et de nombreuses mains indispensables construisent une <a href=\"https:\/\/fermelarochette.ch\/index.php\/2024\/03\/25\/la-cabane-est-en-place\/\">cabane<\/a> n\u00e9cessaire au stockage du mat\u00e9riel. <\/p>\n<\/div><\/div>\n\n\n\n<div style=\"height:16px\" aria-hidden=\"true\" class=\"wp-block-spacer\"><\/div>\n\n\n\n<div class=\"wp-block-media-text is-stacked-on-mobile\" style=\"grid-template-columns:30% auto\"><figure class=\"wp-block-media-text__media\"><a href=\"https:\/\/fermelarochette.ch\/wp-content\/uploads\/2025\/03\/2_Tetards-scaled.jpg\" target=\"_blank\" rel=\" noreferrer noopener\"><img decoding=\"async\" width=\"768\" height=\"1024\" data-src=\"https:\/\/fermelarochette.ch\/wp-content\/uploads\/2025\/03\/2_Tetards-768x1024.jpg\" alt=\"\" class=\"wp-image-2562 size-full lazyload\" data-srcset=\"https:\/\/fermelarochette.ch\/wp-content\/uploads\/2025\/03\/2_Tetards-768x1024.jpg 768w, https:\/\/fermelarochette.ch\/wp-content\/uploads\/2025\/03\/2_Tetards-scaled-600x800.jpg 600w, https:\/\/fermelarochette.ch\/wp-content\/uploads\/2025\/03\/2_Tetards-225x300.jpg 225w, https:\/\/fermelarochette.ch\/wp-content\/uploads\/2025\/03\/2_Tetards-1152x1536.jpg 1152w, https:\/\/fermelarochette.ch\/wp-content\/uploads\/2025\/03\/2_Tetards-1536x2048.jpg 1536w, https:\/\/fermelarochette.ch\/wp-content\/uploads\/2025\/03\/2_Tetards-scaled.jpg 1920w\" data-sizes=\"(max-width: 768px) 100vw, 768px\" src=\"data:image\/svg+xml;base64,PHN2ZyB3aWR0aD0iMSIgaGVpZ2h0PSIxIiB4bWxucz0iaHR0cDovL3d3dy53My5vcmcvMjAwMC9zdmciPjwvc3ZnPg==\" style=\"--smush-placeholder-width: 768px; --smush-placeholder-aspect-ratio: 768\/1024;\" \/><\/a><\/figure><div class=\"wp-block-media-text__content\">\n<p>Hourra, il y des \u0153ufs de grenouilles dans la mare, seulement un an apr\u00e8s sa cr\u00e9ation ! Mais les pluies sont si abondantes et si fr\u00e9quentes qu&rsquo;ils se feront emporter hors du point d&rsquo;eau. Ou serait-ce les canards sauvages aper\u00e7us parfois au jardin ?<\/p>\n<\/div><\/div>\n\n\n\n<div style=\"height:16px\" aria-hidden=\"true\" class=\"wp-block-spacer\"><\/div>\n\n\n\n<div class=\"wp-block-media-text is-stacked-on-mobile\" style=\"grid-template-columns:30% auto\"><figure class=\"wp-block-media-text__media\"><a href=\"https:\/\/fermelarochette.ch\/wp-content\/uploads\/2025\/03\/4_Primeveres-scaled.jpg\" target=\"_blank\" rel=\" noreferrer noopener\"><img decoding=\"async\" width=\"768\" height=\"1024\" data-src=\"https:\/\/fermelarochette.ch\/wp-content\/uploads\/2025\/03\/4_Primeveres-768x1024.jpg\" alt=\"\" class=\"wp-image-2565 size-full lazyload\" data-srcset=\"https:\/\/fermelarochette.ch\/wp-content\/uploads\/2025\/03\/4_Primeveres-768x1024.jpg 768w, https:\/\/fermelarochette.ch\/wp-content\/uploads\/2025\/03\/4_Primeveres-scaled-600x800.jpg 600w, https:\/\/fermelarochette.ch\/wp-content\/uploads\/2025\/03\/4_Primeveres-225x300.jpg 225w, https:\/\/fermelarochette.ch\/wp-content\/uploads\/2025\/03\/4_Primeveres-1152x1536.jpg 1152w, https:\/\/fermelarochette.ch\/wp-content\/uploads\/2025\/03\/4_Primeveres-1536x2048.jpg 1536w, https:\/\/fermelarochette.ch\/wp-content\/uploads\/2025\/03\/4_Primeveres-scaled.jpg 1920w\" data-sizes=\"(max-width: 768px) 100vw, 768px\" src=\"data:image\/svg+xml;base64,PHN2ZyB3aWR0aD0iMSIgaGVpZ2h0PSIxIiB4bWxucz0iaHR0cDovL3d3dy53My5vcmcvMjAwMC9zdmciPjwvc3ZnPg==\" style=\"--smush-placeholder-width: 768px; --smush-placeholder-aspect-ratio: 768\/1024;\" \/><\/a><\/figure><div class=\"wp-block-media-text__content\">\n<p>Au mois de mars, on r\u00e9colte les premi\u00e8res primev\u00e8res en pr\u00e9vision des tisanes de l&rsquo;hiver. Quel bonheur de se promener au milieu des fleurs de printemps !<\/p>\n<\/div><\/div>\n\n\n\n<div style=\"height:16px\" aria-hidden=\"true\" class=\"wp-block-spacer\"><\/div>\n\n\n\n<div class=\"wp-block-media-text is-stacked-on-mobile is-vertically-aligned-center\" style=\"grid-template-columns:30% auto\"><figure class=\"wp-block-media-text__media\"><a href=\"https:\/\/fermelarochette.ch\/wp-content\/uploads\/2025\/03\/3_Agathe-aux-semis-scaled.jpg\" target=\"_blank\" rel=\" noreferrer noopener\"><img decoding=\"async\" width=\"768\" height=\"1024\" data-src=\"https:\/\/fermelarochette.ch\/wp-content\/uploads\/2025\/03\/3_Agathe-aux-semis-768x1024.jpg\" alt=\"\" class=\"wp-image-2563 size-full lazyload\" data-srcset=\"https:\/\/fermelarochette.ch\/wp-content\/uploads\/2025\/03\/3_Agathe-aux-semis-768x1024.jpg 768w, https:\/\/fermelarochette.ch\/wp-content\/uploads\/2025\/03\/3_Agathe-aux-semis-scaled-600x800.jpg 600w, https:\/\/fermelarochette.ch\/wp-content\/uploads\/2025\/03\/3_Agathe-aux-semis-225x300.jpg 225w, https:\/\/fermelarochette.ch\/wp-content\/uploads\/2025\/03\/3_Agathe-aux-semis-1152x1536.jpg 1152w, https:\/\/fermelarochette.ch\/wp-content\/uploads\/2025\/03\/3_Agathe-aux-semis-1536x2048.jpg 1536w, https:\/\/fermelarochette.ch\/wp-content\/uploads\/2025\/03\/3_Agathe-aux-semis-scaled.jpg 1920w\" data-sizes=\"(max-width: 768px) 100vw, 768px\" src=\"data:image\/svg+xml;base64,PHN2ZyB3aWR0aD0iMSIgaGVpZ2h0PSIxIiB4bWxucz0iaHR0cDovL3d3dy53My5vcmcvMjAwMC9zdmciPjwvc3ZnPg==\" style=\"--smush-placeholder-width: 768px; --smush-placeholder-aspect-ratio: 768\/1024;\" \/><\/a><\/figure><div class=\"wp-block-media-text__content\">\n<p>Avril, la pluie continue. Cela ne d\u00e9motive personne ! La vente des l\u00e9gumes d\u00e9bute au milieu du mois. Agathe et St\u00e9phane produisent des plants et plantons pour la vente, une premi\u00e8re. <\/p>\n\n\n\n<p>Fin avril, les inondations se poursuivent et de nouvelles r\u00e9surgences font leur apparition au jardin. Certaines plates-bandes sont emport\u00e9es, des zones enti\u00e8res ne peuvent \u00eatre cultiv\u00e9es. On revoit les perspectives de production \u00e0 la baisse.<\/p>\n<\/div><\/div>\n\n\n\n<div style=\"height:16px\" aria-hidden=\"true\" class=\"wp-block-spacer\"><\/div>\n\n\n\n<div class=\"wp-block-media-text is-stacked-on-mobile\" style=\"grid-template-columns:30% auto\"><figure class=\"wp-block-media-text__media\"><a href=\"https:\/\/fermelarochette.ch\/wp-content\/uploads\/2025\/03\/5_Marche-de-printemps.jpg\" target=\"_blank\" rel=\" noreferrer noopener\"><img decoding=\"async\" width=\"1024\" height=\"768\" data-src=\"https:\/\/fermelarochette.ch\/wp-content\/uploads\/2025\/03\/5_Marche-de-printemps-1024x768.jpg\" alt=\"\" class=\"wp-image-2566 size-full lazyload\" data-srcset=\"https:\/\/fermelarochette.ch\/wp-content\/uploads\/2025\/03\/5_Marche-de-printemps-1024x768.jpg 1024w, https:\/\/fermelarochette.ch\/wp-content\/uploads\/2025\/03\/5_Marche-de-printemps-600x450.jpg 600w, https:\/\/fermelarochette.ch\/wp-content\/uploads\/2025\/03\/5_Marche-de-printemps-300x225.jpg 300w, https:\/\/fermelarochette.ch\/wp-content\/uploads\/2025\/03\/5_Marche-de-printemps-768x576.jpg 768w, https:\/\/fermelarochette.ch\/wp-content\/uploads\/2025\/03\/5_Marche-de-printemps-1536x1152.jpg 1536w, https:\/\/fermelarochette.ch\/wp-content\/uploads\/2025\/03\/5_Marche-de-printemps-400x300.jpg 400w, https:\/\/fermelarochette.ch\/wp-content\/uploads\/2025\/03\/5_Marche-de-printemps.jpg 1600w\" data-sizes=\"(max-width: 1024px) 100vw, 1024px\" src=\"data:image\/svg+xml;base64,PHN2ZyB3aWR0aD0iMSIgaGVpZ2h0PSIxIiB4bWxucz0iaHR0cDovL3d3dy53My5vcmcvMjAwMC9zdmciPjwvc3ZnPg==\" style=\"--smush-placeholder-width: 1024px; --smush-placeholder-aspect-ratio: 1024\/768;\" \/><\/a><\/figure><div class=\"wp-block-media-text__content\">\n<p>D\u00e9but du mois de mai. La Rochette participe au <a href=\"https:\/\/fermelarochette.ch\/index.php\/2024\/05\/06\/succes-pour-le-premier-marche-aux-plantons\/\" target=\"_blank\" rel=\"noreferrer noopener\">premier March\u00e9 de printemps de La Baroche<\/a>, avec plaisir et succ\u00e8s. <\/p>\n\n\n\n<p>Agathe et St\u00e9phane prennent compl\u00e8tement le relais alors que Claudine, en fin de grossesse, se tra\u00eene difficilement.<\/p>\n\n\n\n<p>La Rochette devient sponsor officiel de l&rsquo;Union Jura Rugby, dont font partie St\u00e9phane et Agathe. <\/p>\n<\/div><\/div>\n\n\n\n<div style=\"height:16px\" aria-hidden=\"true\" class=\"wp-block-spacer\"><\/div>\n\n\n\n<div class=\"wp-block-media-text is-stacked-on-mobile\" style=\"grid-template-columns:30% auto\"><figure class=\"wp-block-media-text__media\"><a href=\"https:\/\/fermelarochette.ch\/wp-content\/uploads\/2025\/03\/5_Nouvelle-zone-daromatiques-rotated.jpg\" target=\"_blank\" rel=\" noreferrer noopener\"><img decoding=\"async\" width=\"480\" height=\"640\" data-src=\"https:\/\/fermelarochette.ch\/wp-content\/uploads\/2025\/03\/5_Nouvelle-zone-daromatiques-rotated.jpg\" alt=\"\" class=\"wp-image-2567 size-full lazyload\" data-srcset=\"https:\/\/fermelarochette.ch\/wp-content\/uploads\/2025\/03\/5_Nouvelle-zone-daromatiques-rotated.jpg 480w, https:\/\/fermelarochette.ch\/wp-content\/uploads\/2025\/03\/5_Nouvelle-zone-daromatiques-225x300.jpg 225w\" data-sizes=\"(max-width: 480px) 100vw, 480px\" src=\"data:image\/svg+xml;base64,PHN2ZyB3aWR0aD0iMSIgaGVpZ2h0PSIxIiB4bWxucz0iaHR0cDovL3d3dy53My5vcmcvMjAwMC9zdmciPjwvc3ZnPg==\" style=\"--smush-placeholder-width: 480px; --smush-placeholder-aspect-ratio: 480\/640;\" \/><\/a><\/figure><div class=\"wp-block-media-text__content\">\n<p>Une <a href=\"https:\/\/fermelarochette.ch\/index.php\/2024\/05\/06\/nouvelle-zone-pour-les-aromatiques\/\" target=\"_blank\" rel=\"noreferrer noopener\">nouvelle zone <\/a>est am\u00e9nag\u00e9e pour les aromatiques aimant l&rsquo;humidit\u00e9. Menthes et monarde y seront \u00e0 leurs aises.<\/p>\n<\/div><\/div>\n\n\n\n<div style=\"height:16px\" aria-hidden=\"true\" class=\"wp-block-spacer\"><\/div>\n\n\n\n<div class=\"wp-block-media-text is-stacked-on-mobile\" style=\"grid-template-columns:30% auto\"><figure class=\"wp-block-media-text__media\"><a href=\"https:\/\/fermelarochette.ch\/wp-content\/uploads\/2024\/11\/Hydrolats_2.jpg\" target=\"_blank\" rel=\" noreferrer noopener\"><img decoding=\"async\" data-src=\"https:\/\/fermelarochette.ch\/wp-content\/uploads\/2024\/11\/Hydrolats_2-1024x768.jpg\" alt=\"\" class=\"wp-image-2276 size-full lazyload\" src=\"data:image\/svg+xml;base64,PHN2ZyB3aWR0aD0iMSIgaGVpZ2h0PSIxIiB4bWxucz0iaHR0cDovL3d3dy53My5vcmcvMjAwMC9zdmciPjwvc3ZnPg==\" style=\"--smush-placeholder-width: 1024px; --smush-placeholder-aspect-ratio: 1024\/768;\" \/><\/a><\/figure><div class=\"wp-block-media-text__content\">\n<p>Les premiers hydrolats sont produits avec les plantes du jardin. Pour Claudine, c&rsquo;est un r\u00eave qui devient r\u00e9alit\u00e9.<\/p>\n<\/div><\/div>\n\n\n\n<div style=\"height:16px\" aria-hidden=\"true\" class=\"wp-block-spacer\"><\/div>\n\n\n\n<div class=\"wp-block-media-text is-stacked-on-mobile\" style=\"grid-template-columns:30% auto\"><figure class=\"wp-block-media-text__media\"><a href=\"https:\/\/fermelarochette.ch\/wp-content\/uploads\/2025\/03\/06_Flora-scaled.jpg\" target=\"_blank\" rel=\" noreferrer noopener\"><img decoding=\"async\" width=\"768\" height=\"1024\" data-src=\"https:\/\/fermelarochette.ch\/wp-content\/uploads\/2025\/03\/06_Flora-768x1024.jpg\" alt=\"\" class=\"wp-image-2569 size-full lazyload\" data-srcset=\"https:\/\/fermelarochette.ch\/wp-content\/uploads\/2025\/03\/06_Flora-768x1024.jpg 768w, https:\/\/fermelarochette.ch\/wp-content\/uploads\/2025\/03\/06_Flora-scaled-600x800.jpg 600w, https:\/\/fermelarochette.ch\/wp-content\/uploads\/2025\/03\/06_Flora-225x300.jpg 225w, https:\/\/fermelarochette.ch\/wp-content\/uploads\/2025\/03\/06_Flora-1152x1536.jpg 1152w, https:\/\/fermelarochette.ch\/wp-content\/uploads\/2025\/03\/06_Flora-1536x2048.jpg 1536w, https:\/\/fermelarochette.ch\/wp-content\/uploads\/2025\/03\/06_Flora-scaled.jpg 1920w\" data-sizes=\"(max-width: 768px) 100vw, 768px\" src=\"data:image\/svg+xml;base64,PHN2ZyB3aWR0aD0iMSIgaGVpZ2h0PSIxIiB4bWxucz0iaHR0cDovL3d3dy53My5vcmcvMjAwMC9zdmciPjwvc3ZnPg==\" style=\"--smush-placeholder-width: 768px; --smush-placeholder-aspect-ratio: 768\/1024;\" \/><\/a><\/figure><div class=\"wp-block-media-text__content\">\n<p>29 juin 2025. Flora Caravellas, la fille de Claudine et St\u00e9phane, na\u00eet \u00e0 la maison de naissance Les Cigognes, \u00e0 Vicques. Merlin et Galaad, les grands fr\u00e8res, sont aux anges, comme les parents. C&rsquo;est une merveilleuse aventure qui commence !<\/p>\n<\/div><\/div>\n\n\n\n<div style=\"height:16px\" aria-hidden=\"true\" class=\"wp-block-spacer\"><\/div>\n\n\n\n<div class=\"wp-block-media-text is-stacked-on-mobile\" style=\"grid-template-columns:30% auto\"><figure class=\"wp-block-media-text__media\"><a href=\"https:\/\/fermelarochette.ch\/wp-content\/uploads\/2025\/03\/6_Christophe-et-Agathe-scaled-e1742514833208.jpg\" target=\"_blank\" rel=\" noreferrer noopener\"><img decoding=\"async\" width=\"1024\" height=\"967\" data-src=\"https:\/\/fermelarochette.ch\/wp-content\/uploads\/2025\/03\/6_Christophe-et-Agathe-scaled-e1742514833208-1024x967.jpg\" alt=\"\" class=\"wp-image-2571 size-full lazyload\" data-srcset=\"https:\/\/fermelarochette.ch\/wp-content\/uploads\/2025\/03\/6_Christophe-et-Agathe-scaled-e1742514833208-1024x967.jpg 1024w, https:\/\/fermelarochette.ch\/wp-content\/uploads\/2025\/03\/6_Christophe-et-Agathe-scaled-e1742514833208-600x567.jpg 600w, https:\/\/fermelarochette.ch\/wp-content\/uploads\/2025\/03\/6_Christophe-et-Agathe-scaled-e1742514833208-300x283.jpg 300w, https:\/\/fermelarochette.ch\/wp-content\/uploads\/2025\/03\/6_Christophe-et-Agathe-scaled-e1742514833208-768x725.jpg 768w, https:\/\/fermelarochette.ch\/wp-content\/uploads\/2025\/03\/6_Christophe-et-Agathe-scaled-e1742514833208-1536x1450.jpg 1536w, https:\/\/fermelarochette.ch\/wp-content\/uploads\/2025\/03\/6_Christophe-et-Agathe-scaled-e1742514833208-318x300.jpg 318w, https:\/\/fermelarochette.ch\/wp-content\/uploads\/2025\/03\/6_Christophe-et-Agathe-scaled-e1742514833208.jpg 1920w\" data-sizes=\"(max-width: 1024px) 100vw, 1024px\" src=\"data:image\/svg+xml;base64,PHN2ZyB3aWR0aD0iMSIgaGVpZ2h0PSIxIiB4bWxucz0iaHR0cDovL3d3dy53My5vcmcvMjAwMC9zdmciPjwvc3ZnPg==\" style=\"--smush-placeholder-width: 1024px; --smush-placeholder-aspect-ratio: 1024\/967;\" \/><\/a><\/figure><div class=\"wp-block-media-text__content\">\n<p>Durant cette ann\u00e9e pleine d&rsquo;impr\u00e9vus, nous avons pu compter sur le soutien de Christophe Blin, b\u00e9n\u00e9vole infatigable, et sur celui de Heidi, Julie et Mayiune, stagiaires superbement motiv\u00e9es. Leur aide a \u00e9t\u00e9 des plus pr\u00e9cieuses. Un grand merci \u00e0 eux !  <\/p>\n<\/div><\/div>\n\n\n\n<div style=\"height:16px\" aria-hidden=\"true\" class=\"wp-block-spacer\"><\/div>\n\n\n\n<div class=\"wp-block-media-text is-stacked-on-mobile\" style=\"grid-template-columns:30% auto\"><figure class=\"wp-block-media-text__media\"><a href=\"https:\/\/fermelarochette.ch\/wp-content\/uploads\/2024\/12\/Sechoir4.jpg\" target=\"_blank\" rel=\" noreferrer noopener\"><img decoding=\"async\" width=\"768\" height=\"1024\" data-src=\"https:\/\/fermelarochette.ch\/wp-content\/uploads\/2024\/12\/Sechoir4-768x1024.jpg\" alt=\"\" class=\"wp-image-2389 size-full lazyload\" data-srcset=\"https:\/\/fermelarochette.ch\/wp-content\/uploads\/2024\/12\/Sechoir4-768x1024.jpg 768w, https:\/\/fermelarochette.ch\/wp-content\/uploads\/2024\/12\/Sechoir4-600x800.jpg 600w, https:\/\/fermelarochette.ch\/wp-content\/uploads\/2024\/12\/Sechoir4-225x300.jpg 225w, https:\/\/fermelarochette.ch\/wp-content\/uploads\/2024\/12\/Sechoir4-1152x1536.jpg 1152w, https:\/\/fermelarochette.ch\/wp-content\/uploads\/2024\/12\/Sechoir4.jpg 1200w\" data-sizes=\"(max-width: 768px) 100vw, 768px\" src=\"data:image\/svg+xml;base64,PHN2ZyB3aWR0aD0iMSIgaGVpZ2h0PSIxIiB4bWxucz0iaHR0cDovL3d3dy53My5vcmcvMjAwMC9zdmciPjwvc3ZnPg==\" style=\"--smush-placeholder-width: 768px; --smush-placeholder-aspect-ratio: 768\/1024;\" \/><\/a><\/figure><div class=\"wp-block-media-text__content\">\n<p>Juillet. St\u00e9phane construit le <a href=\"https:\/\/fermelarochette.ch\/index.php\/2024\/12\/19\/le-sechoir-pour-plantes\/\" target=\"_blank\" rel=\"noreferrer noopener\">s\u00e9choir<\/a> indispensable au s\u00e9chage des plantes pour les tisanes et autres pr\u00e9parations. Tout en bois, il utilise autant que possible la chaleur du soleil. L&rsquo;odeur des plantes y est envo\u00fbtante&#8230;<\/p>\n<\/div><\/div>\n\n\n\n<div style=\"height:16px\" aria-hidden=\"true\" class=\"wp-block-spacer\"><\/div>\n\n\n\n<div class=\"wp-block-media-text is-stacked-on-mobile\" style=\"grid-template-columns:30% auto\"><figure class=\"wp-block-media-text__media\"><a href=\"https:\/\/fermelarochette.ch\/wp-content\/uploads\/2025\/03\/6_Carottes-et-cotes-de-bettes-scaled.jpeg\" target=\"_blank\" rel=\" noreferrer noopener\"><img decoding=\"async\" width=\"768\" height=\"1024\" data-src=\"https:\/\/fermelarochette.ch\/wp-content\/uploads\/2025\/03\/6_Carottes-et-cotes-de-bettes-768x1024.jpeg\" alt=\"\" class=\"wp-image-2570 size-full lazyload\" data-srcset=\"https:\/\/fermelarochette.ch\/wp-content\/uploads\/2025\/03\/6_Carottes-et-cotes-de-bettes-768x1024.jpeg 768w, https:\/\/fermelarochette.ch\/wp-content\/uploads\/2025\/03\/6_Carottes-et-cotes-de-bettes-scaled-600x800.jpeg 600w, https:\/\/fermelarochette.ch\/wp-content\/uploads\/2025\/03\/6_Carottes-et-cotes-de-bettes-225x300.jpeg 225w, https:\/\/fermelarochette.ch\/wp-content\/uploads\/2025\/03\/6_Carottes-et-cotes-de-bettes-1152x1536.jpeg 1152w, https:\/\/fermelarochette.ch\/wp-content\/uploads\/2025\/03\/6_Carottes-et-cotes-de-bettes-1536x2048.jpeg 1536w, https:\/\/fermelarochette.ch\/wp-content\/uploads\/2025\/03\/6_Carottes-et-cotes-de-bettes-scaled.jpeg 1920w\" data-sizes=\"(max-width: 768px) 100vw, 768px\" src=\"data:image\/svg+xml;base64,PHN2ZyB3aWR0aD0iMSIgaGVpZ2h0PSIxIiB4bWxucz0iaHR0cDovL3d3dy53My5vcmcvMjAwMC9zdmciPjwvc3ZnPg==\" style=\"--smush-placeholder-width: 768px; --smush-placeholder-aspect-ratio: 768\/1024;\" \/><\/a><\/figure><div class=\"wp-block-media-text__content\">\n<p>Durant l&rsquo;\u00e9t\u00e9, la production de l\u00e9gumes bat son plein. St\u00e9phane et Agathe font face comme ils peuvent, alors qu&rsquo;Agathe a la cheville mal en point apr\u00e8s un match de rugby un peu muscl\u00e9. Cela signe pour elle la fin de ce sport, car les douleurs la poursuivront toute l&rsquo;ann\u00e9e.<\/p>\n<\/div><\/div>\n\n\n\n<div style=\"height:16px\" aria-hidden=\"true\" class=\"wp-block-spacer\"><\/div>\n\n\n\n<div class=\"wp-block-media-text is-stacked-on-mobile\" style=\"grid-template-columns:30% auto\"><figure class=\"wp-block-media-text__media\"><a href=\"https:\/\/fermelarochette.ch\/wp-content\/uploads\/2025\/03\/9_Tomates-et-basilic-grec-scaled-e1742514215856.jpeg\" target=\"_blank\" rel=\" noreferrer noopener\"><img decoding=\"async\" width=\"898\" height=\"1024\" data-src=\"https:\/\/fermelarochette.ch\/wp-content\/uploads\/2025\/03\/9_Tomates-et-basilic-grec-scaled-e1742514215856-898x1024.jpeg\" alt=\"\" class=\"wp-image-2580 size-full lazyload\" data-srcset=\"https:\/\/fermelarochette.ch\/wp-content\/uploads\/2025\/03\/9_Tomates-et-basilic-grec-scaled-e1742514215856-898x1024.jpeg 898w, https:\/\/fermelarochette.ch\/wp-content\/uploads\/2025\/03\/9_Tomates-et-basilic-grec-scaled-e1742514215856-600x684.jpeg 600w, https:\/\/fermelarochette.ch\/wp-content\/uploads\/2025\/03\/9_Tomates-et-basilic-grec-scaled-e1742514215856-263x300.jpeg 263w, https:\/\/fermelarochette.ch\/wp-content\/uploads\/2025\/03\/9_Tomates-et-basilic-grec-scaled-e1742514215856-768x876.jpeg 768w, https:\/\/fermelarochette.ch\/wp-content\/uploads\/2025\/03\/9_Tomates-et-basilic-grec-scaled-e1742514215856-1347x1536.jpeg 1347w, https:\/\/fermelarochette.ch\/wp-content\/uploads\/2025\/03\/9_Tomates-et-basilic-grec-scaled-e1742514215856-1796x2048.jpeg 1796w, https:\/\/fermelarochette.ch\/wp-content\/uploads\/2025\/03\/9_Tomates-et-basilic-grec-scaled-e1742514215856.jpeg 1920w\" data-sizes=\"(max-width: 898px) 100vw, 898px\" src=\"data:image\/svg+xml;base64,PHN2ZyB3aWR0aD0iMSIgaGVpZ2h0PSIxIiB4bWxucz0iaHR0cDovL3d3dy53My5vcmcvMjAwMC9zdmciPjwvc3ZnPg==\" style=\"--smush-placeholder-width: 898px; --smush-placeholder-aspect-ratio: 898\/1024;\" \/><\/a><\/figure><div class=\"wp-block-media-text__content\">\n<p>\u00c0 la mi-\u00e9t\u00e9, c&rsquo;est le moment de r\u00e9colter les tomates rouges, oranges et jaunes, le basilic et les piments. D\u00e8s la mi-f\u00e9vrier, les plants ont \u00e9t\u00e9 patiemment cultiv\u00e9s sur des couches chaudes, ch\u00e2ssis remplis de fumier permettant de produire de la chaleur naturellement. Cette technique nous convainc compl\u00e8tement : c&rsquo;est d\u00e9cid\u00e9, en 2025, tous les plantons pr\u00e9coces seront produits sur couches chaudes !<\/p>\n<\/div><\/div>\n\n\n\n<div style=\"height:16px\" aria-hidden=\"true\" class=\"wp-block-spacer\"><\/div>\n\n\n\n<div class=\"wp-block-media-text is-stacked-on-mobile\" style=\"grid-template-columns:30% auto\"><figure class=\"wp-block-media-text__media\"><a href=\"https:\/\/fermelarochette.ch\/wp-content\/uploads\/2024\/12\/DSC06908.jpg\" target=\"_blank\" rel=\" noreferrer noopener\"><img decoding=\"async\" width=\"1024\" height=\"576\" data-src=\"https:\/\/fermelarochette.ch\/wp-content\/uploads\/2024\/12\/DSC06908-1024x576.jpg\" alt=\"\" class=\"wp-image-2399 size-full lazyload\" data-srcset=\"https:\/\/fermelarochette.ch\/wp-content\/uploads\/2024\/12\/DSC06908-1024x576.jpg 1024w, https:\/\/fermelarochette.ch\/wp-content\/uploads\/2024\/12\/DSC06908-600x338.jpg 600w, https:\/\/fermelarochette.ch\/wp-content\/uploads\/2024\/12\/DSC06908-300x169.jpg 300w, https:\/\/fermelarochette.ch\/wp-content\/uploads\/2024\/12\/DSC06908-768x432.jpg 768w, https:\/\/fermelarochette.ch\/wp-content\/uploads\/2024\/12\/DSC06908-1536x864.jpg 1536w, https:\/\/fermelarochette.ch\/wp-content\/uploads\/2024\/12\/DSC06908-496x279.jpg 496w, https:\/\/fermelarochette.ch\/wp-content\/uploads\/2024\/12\/DSC06908.jpg 1920w\" data-sizes=\"(max-width: 1024px) 100vw, 1024px\" src=\"data:image\/svg+xml;base64,PHN2ZyB3aWR0aD0iMSIgaGVpZ2h0PSIxIiB4bWxucz0iaHR0cDovL3d3dy53My5vcmcvMjAwMC9zdmciPjwvc3ZnPg==\" style=\"--smush-placeholder-width: 1024px; --smush-placeholder-aspect-ratio: 1024\/576;\" \/><\/a><\/figure><div class=\"wp-block-media-text__content\">\n<p>Agathe et Claudine participent \u00e0 une <a href=\"https:\/\/fermelarochette.ch\/index.php\/2024\/12\/19\/nous-produisons-nos-semences\/\" target=\"_blank\" rel=\"noreferrer noopener\">formation de multiplication de semences<\/a> organis\u00e9e par l&rsquo;association Pro Specie Rara, pleine de rencontres int\u00e9ressantes et d&rsquo;informations utiles.<\/p>\n<\/div><\/div>\n\n\n\n<div style=\"height:16px\" aria-hidden=\"true\" class=\"wp-block-spacer\"><\/div>\n\n\n\n<div class=\"wp-block-media-text is-stacked-on-mobile\" style=\"grid-template-columns:30% auto\"><figure class=\"wp-block-media-text__media\"><a href=\"https:\/\/fermelarochette.ch\/wp-content\/uploads\/2025\/03\/10_Cueillette-des-orties.jpg\" target=\"_blank\" rel=\" noreferrer noopener\"><img decoding=\"async\" width=\"768\" height=\"1024\" data-src=\"https:\/\/fermelarochette.ch\/wp-content\/uploads\/2025\/03\/10_Cueillette-des-orties-768x1024.jpg\" alt=\"\" class=\"wp-image-2581 size-full lazyload\" data-srcset=\"https:\/\/fermelarochette.ch\/wp-content\/uploads\/2025\/03\/10_Cueillette-des-orties-768x1024.jpg 768w, https:\/\/fermelarochette.ch\/wp-content\/uploads\/2025\/03\/10_Cueillette-des-orties-600x800.jpg 600w, https:\/\/fermelarochette.ch\/wp-content\/uploads\/2025\/03\/10_Cueillette-des-orties-225x300.jpg 225w, https:\/\/fermelarochette.ch\/wp-content\/uploads\/2025\/03\/10_Cueillette-des-orties-1152x1536.jpg 1152w, https:\/\/fermelarochette.ch\/wp-content\/uploads\/2025\/03\/10_Cueillette-des-orties.jpg 1500w\" data-sizes=\"(max-width: 768px) 100vw, 768px\" src=\"data:image\/svg+xml;base64,PHN2ZyB3aWR0aD0iMSIgaGVpZ2h0PSIxIiB4bWxucz0iaHR0cDovL3d3dy53My5vcmcvMjAwMC9zdmciPjwvc3ZnPg==\" style=\"--smush-placeholder-width: 768px; --smush-placeholder-aspect-ratio: 768\/1024;\" \/><\/a><\/figure><div class=\"wp-block-media-text__content\">\n<p>En octobre, toute derni\u00e8re r\u00e9colte d&rsquo;orties. Claudine est en robe, seul v\u00eatement qu&rsquo;elle peut porter car elle n&rsquo;entre plus dans ses pantalons de travail&#8230; Au moins, cela met de la couleur dans le d\u00e9cor !<\/p>\n\n\n\n<p>D\u00e9but octobre, Agathe d\u00e9m\u00e9nage \u00e0 Asuel. L&rsquo;occasion pour les membres de l&rsquo;\u00e9quipe de trouver un nouvel \u00e9quilibre entre amiti\u00e9s, vie professionnelle et vie familiale. <\/p>\n<\/div><\/div>\n\n\n\n<div style=\"height:16px\" aria-hidden=\"true\" class=\"wp-block-spacer\"><\/div>\n\n\n\n<div class=\"wp-block-media-text is-stacked-on-mobile\" style=\"grid-template-columns:30% auto\"><figure class=\"wp-block-media-text__media\"><a href=\"https:\/\/fermelarochette.ch\/wp-content\/uploads\/2025\/03\/Agathe-sur-le-char-scaled.jpg\" target=\"_blank\" rel=\" noreferrer noopener\"><img decoding=\"async\" width=\"769\" height=\"1024\" data-src=\"https:\/\/fermelarochette.ch\/wp-content\/uploads\/2025\/03\/Agathe-sur-le-char-769x1024.jpg\" alt=\"\" class=\"wp-image-2590 size-full lazyload\" data-srcset=\"https:\/\/fermelarochette.ch\/wp-content\/uploads\/2025\/03\/Agathe-sur-le-char-769x1024.jpg 769w, https:\/\/fermelarochette.ch\/wp-content\/uploads\/2025\/03\/Agathe-sur-le-char-scaled-600x799.jpg 600w, https:\/\/fermelarochette.ch\/wp-content\/uploads\/2025\/03\/Agathe-sur-le-char-225x300.jpg 225w, https:\/\/fermelarochette.ch\/wp-content\/uploads\/2025\/03\/Agathe-sur-le-char-768x1023.jpg 768w, https:\/\/fermelarochette.ch\/wp-content\/uploads\/2025\/03\/Agathe-sur-le-char-1153x1536.jpg 1153w, https:\/\/fermelarochette.ch\/wp-content\/uploads\/2025\/03\/Agathe-sur-le-char-1538x2048.jpg 1538w, https:\/\/fermelarochette.ch\/wp-content\/uploads\/2025\/03\/Agathe-sur-le-char-scaled.jpg 1922w\" data-sizes=\"(max-width: 769px) 100vw, 769px\" src=\"data:image\/svg+xml;base64,PHN2ZyB3aWR0aD0iMSIgaGVpZ2h0PSIxIiB4bWxucz0iaHR0cDovL3d3dy53My5vcmcvMjAwMC9zdmciPjwvc3ZnPg==\" style=\"--smush-placeholder-width: 769px; --smush-placeholder-aspect-ratio: 769\/1024;\" \/><\/a><\/figure><div class=\"wp-block-media-text__content\">\n<p>Durant toute l&rsquo;ann\u00e9e, Agathe poursuit son apprentissage de l&rsquo;attelage pour le transport, entre autres, du fumier n\u00e9cessaire aux cultures. Luc Jallon, ma\u00eetre en la mati\u00e8re, lui enseigne les ficelles.<\/p>\n<\/div><\/div>\n\n\n\n<div style=\"height:16px\" aria-hidden=\"true\" class=\"wp-block-spacer\"><\/div>\n\n\n\n<div class=\"wp-block-media-text is-stacked-on-mobile\" style=\"grid-template-columns:30% auto\"><figure class=\"wp-block-media-text__media\"><a href=\"https:\/\/fermelarochette.ch\/wp-content\/uploads\/2024\/12\/Tisane-De-Bonne-heure-scaled.jpeg\" target=\"_blank\" rel=\" noreferrer noopener\"><img decoding=\"async\" width=\"768\" height=\"1024\" data-src=\"https:\/\/fermelarochette.ch\/wp-content\/uploads\/2024\/12\/Tisane-De-Bonne-heure-768x1024.jpeg\" alt=\"\" class=\"wp-image-2324 size-full lazyload\" data-srcset=\"https:\/\/fermelarochette.ch\/wp-content\/uploads\/2024\/12\/Tisane-De-Bonne-heure-768x1024.jpeg 768w, https:\/\/fermelarochette.ch\/wp-content\/uploads\/2024\/12\/Tisane-De-Bonne-heure-scaled-600x800.jpeg 600w, https:\/\/fermelarochette.ch\/wp-content\/uploads\/2024\/12\/Tisane-De-Bonne-heure-225x300.jpeg 225w, https:\/\/fermelarochette.ch\/wp-content\/uploads\/2024\/12\/Tisane-De-Bonne-heure-1152x1536.jpeg 1152w, https:\/\/fermelarochette.ch\/wp-content\/uploads\/2024\/12\/Tisane-De-Bonne-heure-1536x2048.jpeg 1536w, https:\/\/fermelarochette.ch\/wp-content\/uploads\/2024\/12\/Tisane-De-Bonne-heure-scaled.jpeg 1920w\" data-sizes=\"(max-width: 768px) 100vw, 768px\" src=\"data:image\/svg+xml;base64,PHN2ZyB3aWR0aD0iMSIgaGVpZ2h0PSIxIiB4bWxucz0iaHR0cDovL3d3dy53My5vcmcvMjAwMC9zdmciPjwvc3ZnPg==\" style=\"--smush-placeholder-width: 768px; --smush-placeholder-aspect-ratio: 768\/1024;\" \/><\/a><\/figure><div class=\"wp-block-media-text__content\">\n<p>Novembre. Les premi\u00e8res tisanes compos\u00e9es sont propos\u00e9es \u00e0 la vente, de m\u00eame que de nombreux nouveaux produits pr\u00e9vus depuis bien longtemps. Un accomplissement, trois ans apr\u00e8s le d\u00e9marrage du projet !<\/p>\n\n\n\n<p>Les l\u00e9gumes seront livr\u00e9s jusqu&rsquo;au milieu du mois. Au total, la production mara\u00eech\u00e8re du jardin aura permis de livrer durant toute la saison une trentaine d&rsquo;abonn\u00e9s, deux magasins r\u00e9gionaux et un restaurant, sans compter les commandes sp\u00e9ciales et autres march\u00e9s occasionnels. Pas si mal, pour une ann\u00e9e somme toute assez chaotique&#8230;<\/p>\n<\/div><\/div>\n\n\n\n<div style=\"height:16px\" aria-hidden=\"true\" class=\"wp-block-spacer\"><\/div>\n\n\n\n<div class=\"wp-block-media-text is-stacked-on-mobile\" style=\"grid-template-columns:30% auto\"><figure class=\"wp-block-media-text__media\"><a href=\"https:\/\/fermelarochette.ch\/wp-content\/uploads\/2025\/03\/12_Claudine-au-marche-de-Noel-de-Delemont-scaled.jpg\" target=\"_blank\" rel=\" noreferrer noopener\"><img decoding=\"async\" width=\"1024\" height=\"768\" data-src=\"https:\/\/fermelarochette.ch\/wp-content\/uploads\/2025\/03\/12_Claudine-au-marche-de-Noel-de-Delemont-1024x768.jpg\" alt=\"\" class=\"wp-image-2582 size-full lazyload\" data-srcset=\"https:\/\/fermelarochette.ch\/wp-content\/uploads\/2025\/03\/12_Claudine-au-marche-de-Noel-de-Delemont-1024x768.jpg 1024w, https:\/\/fermelarochette.ch\/wp-content\/uploads\/2025\/03\/12_Claudine-au-marche-de-Noel-de-Delemont-scaled-600x450.jpg 600w, https:\/\/fermelarochette.ch\/wp-content\/uploads\/2025\/03\/12_Claudine-au-marche-de-Noel-de-Delemont-300x225.jpg 300w, https:\/\/fermelarochette.ch\/wp-content\/uploads\/2025\/03\/12_Claudine-au-marche-de-Noel-de-Delemont-768x576.jpg 768w, https:\/\/fermelarochette.ch\/wp-content\/uploads\/2025\/03\/12_Claudine-au-marche-de-Noel-de-Delemont-1536x1152.jpg 1536w, https:\/\/fermelarochette.ch\/wp-content\/uploads\/2025\/03\/12_Claudine-au-marche-de-Noel-de-Delemont-2048x1536.jpg 2048w, https:\/\/fermelarochette.ch\/wp-content\/uploads\/2025\/03\/12_Claudine-au-marche-de-Noel-de-Delemont-400x300.jpg 400w\" data-sizes=\"(max-width: 1024px) 100vw, 1024px\" src=\"data:image\/svg+xml;base64,PHN2ZyB3aWR0aD0iMSIgaGVpZ2h0PSIxIiB4bWxucz0iaHR0cDovL3d3dy53My5vcmcvMjAwMC9zdmciPjwvc3ZnPg==\" style=\"--smush-placeholder-width: 1024px; --smush-placeholder-aspect-ratio: 1024\/768;\" \/><\/a><\/figure><div class=\"wp-block-media-text__content\">\n<p>Cette ann\u00e9e belle et houleuse se termine en beaut\u00e9 avec de nombreux march\u00e9s, durant lesquels Christine Miserez et Pauline Arpin viennent pr\u00eater mains fortes. Cela donne chaud au c\u0153ur, surtout lorsqu&rsquo;il fait froid&#8230; \u00c0 celui de Del\u00e9mont, les temp\u00e9ratures n&rsquo;ont pas d\u00e9pass\u00e9 les -5\u00b0C !<strong> <\/strong><\/p>\n<\/div><\/div>\n\n\n\n<div style=\"height:16px\" aria-hidden=\"true\" class=\"wp-block-spacer\"><\/div>\n\n\n\n<div class=\"wp-block-media-text is-stacked-on-mobile\" style=\"grid-template-columns:30% auto\"><figure class=\"wp-block-media-text__media\"><a href=\"https:\/\/fermelarochette.ch\/wp-content\/uploads\/2025\/03\/La-Rochette-a-lete-2024.jpg\" target=\"_blank\" rel=\" noreferrer noopener\"><img decoding=\"async\" width=\"768\" height=\"1024\" data-src=\"https:\/\/fermelarochette.ch\/wp-content\/uploads\/2025\/03\/La-Rochette-a-lete-2024-768x1024.jpg\" alt=\"\" class=\"wp-image-2471 size-full lazyload\" data-srcset=\"https:\/\/fermelarochette.ch\/wp-content\/uploads\/2025\/03\/La-Rochette-a-lete-2024-768x1024.jpg 768w, https:\/\/fermelarochette.ch\/wp-content\/uploads\/2025\/03\/La-Rochette-a-lete-2024-600x800.jpg 600w, https:\/\/fermelarochette.ch\/wp-content\/uploads\/2025\/03\/La-Rochette-a-lete-2024-225x300.jpg 225w, https:\/\/fermelarochette.ch\/wp-content\/uploads\/2025\/03\/La-Rochette-a-lete-2024-1152x1536.jpg 1152w, https:\/\/fermelarochette.ch\/wp-content\/uploads\/2025\/03\/La-Rochette-a-lete-2024.jpg 1200w\" data-sizes=\"(max-width: 768px) 100vw, 768px\" src=\"data:image\/svg+xml;base64,PHN2ZyB3aWR0aD0iMSIgaGVpZ2h0PSIxIiB4bWxucz0iaHR0cDovL3d3dy53My5vcmcvMjAwMC9zdmciPjwvc3ZnPg==\" style=\"--smush-placeholder-width: 768px; --smush-placeholder-aspect-ratio: 768\/1024;\" \/><\/a><\/figure><div class=\"wp-block-media-text__content\">\n<p><strong>Les nombreux retours positifs au sujet des produits de La Rochette nous motivent \u00e9norm\u00e9ment. Le 20 d\u00e9cembre, alors que nous d\u00e9butons une p\u00e9riode de repos, nous savons qu&rsquo;il y a encore du travail afin d&rsquo;achever enfin l&rsquo;installation du projet dans son ensemble, produire suffisamment pour en vivre tout en maintenant la forme, et peaufiner les nouvelles cr\u00e9ations qui nous trottent dans la t\u00eate. Bonne nouvelle : <mark style=\"background-color:rgba(0, 0, 0, 0)\" class=\"has-inline-color has-accent-1-color\">on y croit comme au premier jour !<\/mark><\/strong> <strong>Merci \u00e0 toutes celles et tous ceux qui nous soutiennent, de pr\u00e8s ou de loin, et qui rendent tout cela possible \ud83d\ude42<\/strong><\/p>\n<\/div><\/div>\n\n\n\n<div style=\"height:16px\" aria-hidden=\"true\" class=\"wp-block-spacer\"><\/div>\n","protected":false},"excerpt":{"rendered":"<p>L&rsquo;ann\u00e9e 2024 a \u00e9t\u00e9 riche en \u00e9v\u00e9nements ! R\u00e9trospective en images. L&rsquo;ann\u00e9e commence sur les chapeaux de roues avec l&rsquo;ouverture de plusieurs nouvelles zones dans &hellip;<\/p>\n","protected":false},"author":1,"featured_media":2578,"comment_status":"closed","ping_status":"closed","sticky":false,"template":"","format":"standard","meta":{"_price":"","_stock":"","_tribe_ticket_header":"","_tribe_default_ticket_provider":"","_ticket_start_date":"","_ticket_end_date":"","_tribe_ticket_show_description":"","_tribe_ticket_show_not_going":false,"_tribe_ticket_use_global_stock":"","_tribe_ticket_global_stock_level":"","_global_stock_mode":"","_global_stock_cap":"","_tribe_rsvp_for_event":"","_tribe_ticket_going_count":"","_tribe_ticket_not_going_count":"","_tribe_tickets_list":"[]","_tribe_ticket_has_attendee_info_fields":false,"_jetpack_memberships_contains_paid_content":false,"footnotes":""},"categories":[7,22,8],"tags":[],"class_list":["post-2560","post","type-post","status-publish","format-standard","has-post-thumbnail","hentry","category-evenements","category-installation","category-nos-produits"],"yoast_head":"<!-- This site is optimized with the Yoast SEO plugin v26.9 - https:\/\/yoast.com\/product\/yoast-seo-wordpress\/ -->\n<title>R\u00e9trospective 2024 - La Rochette<\/title>\n<meta name=\"robots\" content=\"index, follow, max-snippet:-1, max-image-preview:large, max-video-preview:-1\" \/>\n<link rel=\"canonical\" href=\"https:\/\/fermelarochette.ch\/index.php\/2025\/03\/21\/2024-retrospective\/\" \/>\n<meta property=\"og:locale\" content=\"fr_FR\" \/>\n<meta property=\"og:type\" content=\"article\" \/>\n<meta property=\"og:title\" content=\"R\u00e9trospective 2024 - La Rochette\" \/>\n<meta property=\"og:description\" content=\"L&rsquo;ann\u00e9e 2024 a \u00e9t\u00e9 riche en \u00e9v\u00e9nements ! R\u00e9trospective en images. L&rsquo;ann\u00e9e commence sur les chapeaux de roues avec l&rsquo;ouverture de plusieurs nouvelles zones dans &hellip;\" \/>\n<meta property=\"og:url\" content=\"https:\/\/fermelarochette.ch\/index.php\/2025\/03\/21\/2024-retrospective\/\" \/>\n<meta property=\"og:site_name\" content=\"La Rochette\" \/>\n<meta property=\"article:published_time\" content=\"2025-03-20T23:24:12+00:00\" \/>\n<meta property=\"article:modified_time\" content=\"2026-02-16T10:40:55+00:00\" \/>\n<meta property=\"og:image\" content=\"https:\/\/fermelarochette.ch\/wp-content\/uploads\/2025\/03\/Lavande-et-papillon-scaled.jpeg\" \/>\n\t<meta property=\"og:image:width\" content=\"1920\" \/>\n\t<meta property=\"og:image:height\" content=\"2560\" \/>\n\t<meta property=\"og:image:type\" content=\"image\/jpeg\" \/>\n<meta name=\"author\" content=\"Claudine\" \/>\n<meta name=\"twitter:card\" content=\"summary_large_image\" \/>\n<meta name=\"twitter:label1\" content=\"\u00c9crit par\" \/>\n\t<meta name=\"twitter:data1\" content=\"Claudine\" \/>\n\t<meta name=\"twitter:label2\" content=\"Dur\u00e9e de lecture estim\u00e9e\" \/>\n\t<meta name=\"twitter:data2\" content=\"5 minutes\" \/>\n<script type=\"application\/ld+json\" class=\"yoast-schema-graph\">{\"@context\":\"https:\/\/schema.org\",\"@graph\":[{\"@type\":\"Article\",\"@id\":\"https:\/\/fermelarochette.ch\/index.php\/2025\/03\/21\/2024-retrospective\/#article\",\"isPartOf\":{\"@id\":\"https:\/\/fermelarochette.ch\/index.php\/2025\/03\/21\/2024-retrospective\/\"},\"author\":{\"name\":\"Claudine\",\"@id\":\"https:\/\/fermelarochette.ch\/#\/schema\/person\/8b775b7362809e3390b8957cb4cbe9b7\"},\"headline\":\"R\u00e9trospective 2024\",\"datePublished\":\"2025-03-20T23:24:12+00:00\",\"dateModified\":\"2026-02-16T10:40:55+00:00\",\"mainEntityOfPage\":{\"@id\":\"https:\/\/fermelarochette.ch\/index.php\/2025\/03\/21\/2024-retrospective\/\"},\"wordCount\":923,\"image\":{\"@id\":\"https:\/\/fermelarochette.ch\/index.php\/2025\/03\/21\/2024-retrospective\/#primaryimage\"},\"thumbnailUrl\":\"https:\/\/fermelarochette.ch\/wp-content\/uploads\/2025\/03\/Lavande-et-papillon-scaled.jpeg\",\"articleSection\":[\"Ev\u00e9nements\",\"Installation de la ferme\",\"Nos produits\"],\"inLanguage\":\"fr-FR\"},{\"@type\":\"WebPage\",\"@id\":\"https:\/\/fermelarochette.ch\/index.php\/2025\/03\/21\/2024-retrospective\/\",\"url\":\"https:\/\/fermelarochette.ch\/index.php\/2025\/03\/21\/2024-retrospective\/\",\"name\":\"R\u00e9trospective 2024 - La Rochette\",\"isPartOf\":{\"@id\":\"https:\/\/fermelarochette.ch\/#website\"},\"primaryImageOfPage\":{\"@id\":\"https:\/\/fermelarochette.ch\/index.php\/2025\/03\/21\/2024-retrospective\/#primaryimage\"},\"image\":{\"@id\":\"https:\/\/fermelarochette.ch\/index.php\/2025\/03\/21\/2024-retrospective\/#primaryimage\"},\"thumbnailUrl\":\"https:\/\/fermelarochette.ch\/wp-content\/uploads\/2025\/03\/Lavande-et-papillon-scaled.jpeg\",\"datePublished\":\"2025-03-20T23:24:12+00:00\",\"dateModified\":\"2026-02-16T10:40:55+00:00\",\"author\":{\"@id\":\"https:\/\/fermelarochette.ch\/#\/schema\/person\/8b775b7362809e3390b8957cb4cbe9b7\"},\"breadcrumb\":{\"@id\":\"https:\/\/fermelarochette.ch\/index.php\/2025\/03\/21\/2024-retrospective\/#breadcrumb\"},\"inLanguage\":\"fr-FR\",\"potentialAction\":[{\"@type\":\"ReadAction\",\"target\":[\"https:\/\/fermelarochette.ch\/index.php\/2025\/03\/21\/2024-retrospective\/\"]}]},{\"@type\":\"ImageObject\",\"inLanguage\":\"fr-FR\",\"@id\":\"https:\/\/fermelarochette.ch\/index.php\/2025\/03\/21\/2024-retrospective\/#primaryimage\",\"url\":\"https:\/\/fermelarochette.ch\/wp-content\/uploads\/2025\/03\/Lavande-et-papillon-scaled.jpeg\",\"contentUrl\":\"https:\/\/fermelarochette.ch\/wp-content\/uploads\/2025\/03\/Lavande-et-papillon-scaled.jpeg\",\"width\":1920,\"height\":2560},{\"@type\":\"BreadcrumbList\",\"@id\":\"https:\/\/fermelarochette.ch\/index.php\/2025\/03\/21\/2024-retrospective\/#breadcrumb\",\"itemListElement\":[{\"@type\":\"ListItem\",\"position\":1,\"name\":\"Accueil\",\"item\":\"https:\/\/fermelarochette.ch\/\"},{\"@type\":\"ListItem\",\"position\":2,\"name\":\"R\u00e9trospective 2024\"}]},{\"@type\":\"WebSite\",\"@id\":\"https:\/\/fermelarochette.ch\/#website\",\"url\":\"https:\/\/fermelarochette.ch\/\",\"name\":\"La Rochette\",\"description\":\"Micro-ferme biologique\",\"potentialAction\":[{\"@type\":\"SearchAction\",\"target\":{\"@type\":\"EntryPoint\",\"urlTemplate\":\"https:\/\/fermelarochette.ch\/?s={search_term_string}\"},\"query-input\":{\"@type\":\"PropertyValueSpecification\",\"valueRequired\":true,\"valueName\":\"search_term_string\"}}],\"inLanguage\":\"fr-FR\"},{\"@type\":\"Person\",\"@id\":\"https:\/\/fermelarochette.ch\/#\/schema\/person\/8b775b7362809e3390b8957cb4cbe9b7\",\"name\":\"Claudine\",\"image\":{\"@type\":\"ImageObject\",\"inLanguage\":\"fr-FR\",\"@id\":\"https:\/\/fermelarochette.ch\/#\/schema\/person\/image\/\",\"url\":\"https:\/\/secure.gravatar.com\/avatar\/c0dbc1c85619dc3f9e194c4bf5d3dc2a869999ff80aac4f0369e52a5ffe5b600?s=96&d=mm&r=g\",\"contentUrl\":\"https:\/\/secure.gravatar.com\/avatar\/c0dbc1c85619dc3f9e194c4bf5d3dc2a869999ff80aac4f0369e52a5ffe5b600?s=96&d=mm&r=g\",\"caption\":\"Claudine\"},\"sameAs\":[\"https:\/\/fermelarochette.ch\"],\"url\":\"https:\/\/fermelarochette.ch\/index.php\/author\/claudine\/\"}]}<\/script>\n<!-- \/ Yoast SEO plugin. -->","yoast_head_json":{"title":"R\u00e9trospective 2024 - La Rochette","robots":{"index":"index","follow":"follow","max-snippet":"max-snippet:-1","max-image-preview":"max-image-preview:large","max-video-preview":"max-video-preview:-1"},"canonical":"https:\/\/fermelarochette.ch\/index.php\/2025\/03\/21\/2024-retrospective\/","og_locale":"fr_FR","og_type":"article","og_title":"R\u00e9trospective 2024 - La Rochette","og_description":"L&rsquo;ann\u00e9e 2024 a \u00e9t\u00e9 riche en \u00e9v\u00e9nements ! R\u00e9trospective en images. L&rsquo;ann\u00e9e commence sur les chapeaux de roues avec l&rsquo;ouverture de plusieurs nouvelles zones dans &hellip;","og_url":"https:\/\/fermelarochette.ch\/index.php\/2025\/03\/21\/2024-retrospective\/","og_site_name":"La Rochette","article_published_time":"2025-03-20T23:24:12+00:00","article_modified_time":"2026-02-16T10:40:55+00:00","og_image":[{"width":1920,"height":2560,"url":"https:\/\/fermelarochette.ch\/wp-content\/uploads\/2025\/03\/Lavande-et-papillon-scaled.jpeg","type":"image\/jpeg"}],"author":"Claudine","twitter_card":"summary_large_image","twitter_misc":{"\u00c9crit par":"Claudine","Dur\u00e9e de lecture estim\u00e9e":"5 minutes"},"schema":{"@context":"https:\/\/schema.org","@graph":[{"@type":"Article","@id":"https:\/\/fermelarochette.ch\/index.php\/2025\/03\/21\/2024-retrospective\/#article","isPartOf":{"@id":"https:\/\/fermelarochette.ch\/index.php\/2025\/03\/21\/2024-retrospective\/"},"author":{"name":"Claudine","@id":"https:\/\/fermelarochette.ch\/#\/schema\/person\/8b775b7362809e3390b8957cb4cbe9b7"},"headline":"R\u00e9trospective 2024","datePublished":"2025-03-20T23:24:12+00:00","dateModified":"2026-02-16T10:40:55+00:00","mainEntityOfPage":{"@id":"https:\/\/fermelarochette.ch\/index.php\/2025\/03\/21\/2024-retrospective\/"},"wordCount":923,"image":{"@id":"https:\/\/fermelarochette.ch\/index.php\/2025\/03\/21\/2024-retrospective\/#primaryimage"},"thumbnailUrl":"https:\/\/fermelarochette.ch\/wp-content\/uploads\/2025\/03\/Lavande-et-papillon-scaled.jpeg","articleSection":["Ev\u00e9nements","Installation de la ferme","Nos produits"],"inLanguage":"fr-FR"},{"@type":"WebPage","@id":"https:\/\/fermelarochette.ch\/index.php\/2025\/03\/21\/2024-retrospective\/","url":"https:\/\/fermelarochette.ch\/index.php\/2025\/03\/21\/2024-retrospective\/","name":"R\u00e9trospective 2024 - La Rochette","isPartOf":{"@id":"https:\/\/fermelarochette.ch\/#website"},"primaryImageOfPage":{"@id":"https:\/\/fermelarochette.ch\/index.php\/2025\/03\/21\/2024-retrospective\/#primaryimage"},"image":{"@id":"https:\/\/fermelarochette.ch\/index.php\/2025\/03\/21\/2024-retrospective\/#primaryimage"},"thumbnailUrl":"https:\/\/fermelarochette.ch\/wp-content\/uploads\/2025\/03\/Lavande-et-papillon-scaled.jpeg","datePublished":"2025-03-20T23:24:12+00:00","dateModified":"2026-02-16T10:40:55+00:00","author":{"@id":"https:\/\/fermelarochette.ch\/#\/schema\/person\/8b775b7362809e3390b8957cb4cbe9b7"},"breadcrumb":{"@id":"https:\/\/fermelarochette.ch\/index.php\/2025\/03\/21\/2024-retrospective\/#breadcrumb"},"inLanguage":"fr-FR","potentialAction":[{"@type":"ReadAction","target":["https:\/\/fermelarochette.ch\/index.php\/2025\/03\/21\/2024-retrospective\/"]}]},{"@type":"ImageObject","inLanguage":"fr-FR","@id":"https:\/\/fermelarochette.ch\/index.php\/2025\/03\/21\/2024-retrospective\/#primaryimage","url":"https:\/\/fermelarochette.ch\/wp-content\/uploads\/2025\/03\/Lavande-et-papillon-scaled.jpeg","contentUrl":"https:\/\/fermelarochette.ch\/wp-content\/uploads\/2025\/03\/Lavande-et-papillon-scaled.jpeg","width":1920,"height":2560},{"@type":"BreadcrumbList","@id":"https:\/\/fermelarochette.ch\/index.php\/2025\/03\/21\/2024-retrospective\/#breadcrumb","itemListElement":[{"@type":"ListItem","position":1,"name":"Accueil","item":"https:\/\/fermelarochette.ch\/"},{"@type":"ListItem","position":2,"name":"R\u00e9trospective 2024"}]},{"@type":"WebSite","@id":"https:\/\/fermelarochette.ch\/#website","url":"https:\/\/fermelarochette.ch\/","name":"La Rochette","description":"Micro-ferme biologique","potentialAction":[{"@type":"SearchAction","target":{"@type":"EntryPoint","urlTemplate":"https:\/\/fermelarochette.ch\/?s={search_term_string}"},"query-input":{"@type":"PropertyValueSpecification","valueRequired":true,"valueName":"search_term_string"}}],"inLanguage":"fr-FR"},{"@type":"Person","@id":"https:\/\/fermelarochette.ch\/#\/schema\/person\/8b775b7362809e3390b8957cb4cbe9b7","name":"Claudine","image":{"@type":"ImageObject","inLanguage":"fr-FR","@id":"https:\/\/fermelarochette.ch\/#\/schema\/person\/image\/","url":"https:\/\/secure.gravatar.com\/avatar\/c0dbc1c85619dc3f9e194c4bf5d3dc2a869999ff80aac4f0369e52a5ffe5b600?s=96&d=mm&r=g","contentUrl":"https:\/\/secure.gravatar.com\/avatar\/c0dbc1c85619dc3f9e194c4bf5d3dc2a869999ff80aac4f0369e52a5ffe5b600?s=96&d=mm&r=g","caption":"Claudine"},"sameAs":["https:\/\/fermelarochette.ch"],"url":"https:\/\/fermelarochette.ch\/index.php\/author\/claudine\/"}]}},"jetpack_featured_media_url":"https:\/\/fermelarochette.ch\/wp-content\/uploads\/2025\/03\/Lavande-et-papillon-scaled.jpeg","jetpack_sharing_enabled":true,"_links":{"self":[{"href":"https:\/\/fermelarochette.ch\/index.php\/wp-json\/wp\/v2\/posts\/2560","targetHints":{"allow":["GET"]}}],"collection":[{"href":"https:\/\/fermelarochette.ch\/index.php\/wp-json\/wp\/v2\/posts"}],"about":[{"href":"https:\/\/fermelarochette.ch\/index.php\/wp-json\/wp\/v2\/types\/post"}],"author":[{"embeddable":true,"href":"https:\/\/fermelarochette.ch\/index.php\/wp-json\/wp\/v2\/users\/1"}],"replies":[{"embeddable":true,"href":"https:\/\/fermelarochette.ch\/index.php\/wp-json\/wp\/v2\/comments?post=2560"}],"version-history":[{"count":18,"href":"https:\/\/fermelarochette.ch\/index.php\/wp-json\/wp\/v2\/posts\/2560\/revisions"}],"predecessor-version":[{"id":2611,"href":"https:\/\/fermelarochette.ch\/index.php\/wp-json\/wp\/v2\/posts\/2560\/revisions\/2611"}],"wp:featuredmedia":[{"embeddable":true,"href":"https:\/\/fermelarochette.ch\/index.php\/wp-json\/wp\/v2\/media\/2578"}],"wp:attachment":[{"href":"https:\/\/fermelarochette.ch\/index.php\/wp-json\/wp\/v2\/media?parent=2560"}],"wp:term":[{"taxonomy":"category","embeddable":true,"href":"https:\/\/fermelarochette.ch\/index.php\/wp-json\/wp\/v2\/categories?post=2560"},{"taxonomy":"post_tag","embeddable":true,"href":"https:\/\/fermelarochette.ch\/index.php\/wp-json\/wp\/v2\/tags?post=2560"}],"curies":[{"name":"wp","href":"https:\/\/api.w.org\/{rel}","templated":true}]}}