{"id":2392,"date":"2024-12-19T23:14:41","date_gmt":"2024-12-19T22:14:41","guid":{"rendered":"https:\/\/fermelarochette.ch\/?p=2392"},"modified":"2026-02-16T11:44:44","modified_gmt":"2026-02-16T10:44:44","slug":"le-sechoir-pour-plantes","status":"publish","type":"post","link":"https:\/\/fermelarochette.ch\/index.php\/2024\/12\/19\/le-sechoir-pour-plantes\/","title":{"rendered":"Le s\u00e9choir pour plantes"},"content":{"rendered":"\n<p><strong>Mmmm comme \u00e7a sent bon dans ce s\u00e9choir ! On se croirait dans un sachet de tisane, et ce n&rsquo;est pas pour nous d\u00e9plaire&#8230;<\/strong><\/p>\n\n\n\n<p>En juin dernier, nous avons construit un s\u00e9choir pour plantes aromatiques et sauvages. Apr\u00e8s deux ans de r\u00e9flexion et d&rsquo;observation, quel plaisir de l&#8217;employer !<\/p>\n\n\n\n<p>Construit en partie avec du mat\u00e9riel de r\u00e9cup\u00e9ration, des planches du coin et une bonne dose d&rsquo;huile de coude, le s\u00e9choir est entr\u00e9 en service en juillet dernier. Quel plaisir d&rsquo;avoir un endroit d\u00e9di\u00e9 au s\u00e9chage ! Nous y emportons les plantes aussit\u00f4t apr\u00e8s la r\u00e9colte et les faisons s\u00e9cher sur des \u00ab\u00a0claies\u00a0\u00bb, cadres munis d&rsquo;un treillis de fromager en coton permettant une bonne a\u00e9ration. Apr\u00e8s ces quelques mois d&rsquo;utilisation, nous pouvons joyeusement dire que le s\u00e9choir fonctionne tr\u00e8s bien ! Ce n&rsquo;\u00e9tait pourtant pas gagn\u00e9 d&rsquo;avance, car nous avions beaucoup de crit\u00e8res&#8230;<\/p>\n\n\n\n<ul class=\"wp-block-list\">\n<li>Le s\u00e9choir devait pouvoir \u00eatre d\u00e9montable en cas de besoin, c&rsquo;est-\u00e0-dire sans fondations.<\/li>\n\n\n\n<li>Les mat\u00e9riaux en contact avec les plantes, et si possible dans tout le s\u00e9choir, devaient \u00eatre compl\u00e8tement naturels, sans colle ni traitement chimique.<\/li>\n\n\n\n<li>Le s\u00e9chage des plantes devait se faire principalement gr\u00e2ce \u00e0 la chaleur du soleil&#8230; autant que possible compte tenu de la m\u00e9t\u00e9o, bien s\u00fbr.<\/li>\n\n\n\n<li>Pour assurer une bonne qualit\u00e9 de s\u00e9chage, les temp\u00e9ratures ne doivent pas \u00eatre trop \u00e9lev\u00e9es, le s\u00e9chage doit \u00eatre suffisamment rapide (quelques jours tout au plus), et les plantes ne doivent pas se r\u00e9humidifier une fois s\u00e8ches. <\/li>\n\n\n\n<li>Le s\u00e9choir devait \u00eatre herm\u00e9tique aux \u00e9ventuels ravageurs (mites, rongeurs, etc.).<\/li>\n\n\n\n<li>Enfin, il devait \u00eatre suffisamment grand pour permettre un roulement de plantes.<\/li>\n<\/ul>\n\n\n\n<p>Pari (presque) r\u00e9ussi ! Le s\u00e9choir a \u00e9t\u00e9 plac\u00e9 dans le lieu le plus ensoleill\u00e9 aux alentours de la ferme. Son toit, en t\u00f4le fonc\u00e9e, a \u00e9t\u00e9 inclin\u00e9 de fa\u00e7on a emmagasiner un maximum de chaleur. Lorsqu&rsquo;il fait sec, il suffit donc d&rsquo;entre-ouvrir la fen\u00eatre pour cr\u00e9er un courant, permettant ainsi aux plantes de s\u00e9cher.<\/p>\n\n\n\n<p>Mais&#8230; Nous vivons dans une r\u00e9gion humide et nos r\u00e9coltes commencent en mai pour se terminer au d\u00e9but du mois d&rsquo;octobre. Il fallait donc pr\u00e9voir de quoi s\u00e9cher les plantes, m\u00eame par temps humide, et \u00e9viter qu&rsquo;elles se r\u00e9humidifient une fois s\u00e8ches afin de pr\u00e9server toutes leurs saveurs et odeurs. Nous avons donc plac\u00e9 un d\u00e9shumidificateur d&rsquo;archive dans le s\u00e9choir, qui s&rsquo;enclenche en cas de besoin. Notre r\u00eave de s\u00e9choir 100% \u00ab\u00a0nature\u00a0\u00bb n&rsquo;\u00e9tait malheureusement pas compatible avec nos standards de s\u00e9chage&#8230; ni avec la r\u00e9gion g\u00e9ographique \ud83d\ude42<\/p>\n\n\n\n<p>La saison est termin\u00e9e et le s\u00e9choir est entr\u00e9 en pause hivernale, comme nous&#8230; On se r\u00e9jouit d\u00e9j\u00e0 de l&rsquo;utiliser \u00e0 nouveau au printemps prochain !<\/p>\n\n\n\n<div style=\"height:39px\" aria-hidden=\"true\" class=\"wp-block-spacer\"><\/div>\n\n\n\n<figure class=\"wp-block-gallery has-nested-images columns-default is-cropped wp-block-gallery-1 is-layout-flex wp-block-gallery-is-layout-flex\">\n<figure class=\"wp-block-image size-large\"><img decoding=\"async\" width=\"768\" height=\"1024\" data-id=\"2388\" data-src=\"https:\/\/fermelarochette.ch\/wp-content\/uploads\/2024\/12\/Sechoir2-768x1024.jpg\" alt=\"\" class=\"wp-image-2388 lazyload\" data-srcset=\"https:\/\/fermelarochette.ch\/wp-content\/uploads\/2024\/12\/Sechoir2-768x1024.jpg 768w, https:\/\/fermelarochette.ch\/wp-content\/uploads\/2024\/12\/Sechoir2-600x800.jpg 600w, https:\/\/fermelarochette.ch\/wp-content\/uploads\/2024\/12\/Sechoir2-225x300.jpg 225w, https:\/\/fermelarochette.ch\/wp-content\/uploads\/2024\/12\/Sechoir2-1152x1536.jpg 1152w, https:\/\/fermelarochette.ch\/wp-content\/uploads\/2024\/12\/Sechoir2.jpg 1200w\" data-sizes=\"(max-width: 768px) 100vw, 768px\" src=\"data:image\/svg+xml;base64,PHN2ZyB3aWR0aD0iMSIgaGVpZ2h0PSIxIiB4bWxucz0iaHR0cDovL3d3dy53My5vcmcvMjAwMC9zdmciPjwvc3ZnPg==\" style=\"--smush-placeholder-width: 768px; --smush-placeholder-aspect-ratio: 768\/1024;\" \/><figcaption class=\"wp-element-caption\">Face sud<\/figcaption><\/figure>\n\n\n\n<figure class=\"wp-block-image size-large\"><img decoding=\"async\" width=\"768\" height=\"1024\" data-id=\"2387\" data-src=\"https:\/\/fermelarochette.ch\/wp-content\/uploads\/2024\/12\/sechoir1-768x1024.jpg\" alt=\"\" class=\"wp-image-2387 lazyload\" data-srcset=\"https:\/\/fermelarochette.ch\/wp-content\/uploads\/2024\/12\/sechoir1-768x1024.jpg 768w, https:\/\/fermelarochette.ch\/wp-content\/uploads\/2024\/12\/sechoir1-600x800.jpg 600w, https:\/\/fermelarochette.ch\/wp-content\/uploads\/2024\/12\/sechoir1-225x300.jpg 225w, https:\/\/fermelarochette.ch\/wp-content\/uploads\/2024\/12\/sechoir1-1152x1536.jpg 1152w, https:\/\/fermelarochette.ch\/wp-content\/uploads\/2024\/12\/sechoir1.jpg 1200w\" data-sizes=\"(max-width: 768px) 100vw, 768px\" src=\"data:image\/svg+xml;base64,PHN2ZyB3aWR0aD0iMSIgaGVpZ2h0PSIxIiB4bWxucz0iaHR0cDovL3d3dy53My5vcmcvMjAwMC9zdmciPjwvc3ZnPg==\" style=\"--smush-placeholder-width: 768px; --smush-placeholder-aspect-ratio: 768\/1024;\" \/><figcaption class=\"wp-element-caption\">Face nord<\/figcaption><\/figure>\n\n\n\n<figure class=\"wp-block-image size-large\"><img decoding=\"async\" width=\"768\" height=\"1024\" data-id=\"2391\" data-src=\"https:\/\/fermelarochette.ch\/wp-content\/uploads\/2024\/12\/Sechoir9-768x1024.jpg\" alt=\"\" class=\"wp-image-2391 lazyload\" data-srcset=\"https:\/\/fermelarochette.ch\/wp-content\/uploads\/2024\/12\/Sechoir9-768x1024.jpg 768w, https:\/\/fermelarochette.ch\/wp-content\/uploads\/2024\/12\/Sechoir9-600x800.jpg 600w, https:\/\/fermelarochette.ch\/wp-content\/uploads\/2024\/12\/Sechoir9-225x300.jpg 225w, https:\/\/fermelarochette.ch\/wp-content\/uploads\/2024\/12\/Sechoir9-1152x1536.jpg 1152w, https:\/\/fermelarochette.ch\/wp-content\/uploads\/2024\/12\/Sechoir9.jpg 1200w\" data-sizes=\"(max-width: 768px) 100vw, 768px\" src=\"data:image\/svg+xml;base64,PHN2ZyB3aWR0aD0iMSIgaGVpZ2h0PSIxIiB4bWxucz0iaHR0cDovL3d3dy53My5vcmcvMjAwMC9zdmciPjwvc3ZnPg==\" style=\"--smush-placeholder-width: 768px; --smush-placeholder-aspect-ratio: 768\/1024;\" \/><figcaption class=\"wp-element-caption\">Agastache<\/figcaption><\/figure>\n\n\n\n<figure class=\"wp-block-image size-large\"><img decoding=\"async\" width=\"768\" height=\"1024\" data-id=\"2390\" data-src=\"https:\/\/fermelarochette.ch\/wp-content\/uploads\/2024\/12\/Sechoir8-768x1024.jpg\" alt=\"\" class=\"wp-image-2390 lazyload\" data-srcset=\"https:\/\/fermelarochette.ch\/wp-content\/uploads\/2024\/12\/Sechoir8-768x1024.jpg 768w, https:\/\/fermelarochette.ch\/wp-content\/uploads\/2024\/12\/Sechoir8-600x800.jpg 600w, https:\/\/fermelarochette.ch\/wp-content\/uploads\/2024\/12\/Sechoir8-225x300.jpg 225w, https:\/\/fermelarochette.ch\/wp-content\/uploads\/2024\/12\/Sechoir8-1152x1536.jpg 1152w, https:\/\/fermelarochette.ch\/wp-content\/uploads\/2024\/12\/Sechoir8.jpg 1200w\" data-sizes=\"(max-width: 768px) 100vw, 768px\" src=\"data:image\/svg+xml;base64,PHN2ZyB3aWR0aD0iMSIgaGVpZ2h0PSIxIiB4bWxucz0iaHR0cDovL3d3dy53My5vcmcvMjAwMC9zdmciPjwvc3ZnPg==\" style=\"--smush-placeholder-width: 768px; --smush-placeholder-aspect-ratio: 768\/1024;\" \/><figcaption class=\"wp-element-caption\">Verveine odorante<\/figcaption><\/figure>\n<\/figure>\n","protected":false},"excerpt":{"rendered":"<p>Mmmm comme \u00e7a sent bon dans ce s\u00e9choir ! On se croirait dans un sachet de tisane, et ce n&rsquo;est pas pour nous d\u00e9plaire&#8230; En &hellip;<\/p>\n","protected":false},"author":1,"featured_media":2389,"comment_status":"closed","ping_status":"closed","sticky":false,"template":"","format":"standard","meta":{"_price":"","_stock":"","_tribe_ticket_header":"","_tribe_default_ticket_provider":"","_ticket_start_date":"","_ticket_end_date":"","_tribe_ticket_show_description":"","_tribe_ticket_show_not_going":false,"_tribe_ticket_use_global_stock":"","_tribe_ticket_global_stock_level":"","_global_stock_mode":"","_global_stock_cap":"","_tribe_rsvp_for_event":"","_tribe_ticket_going_count":"","_tribe_ticket_not_going_count":"","_tribe_tickets_list":"[]","_tribe_ticket_has_attendee_info_fields":false,"_jetpack_memberships_contains_paid_content":false,"footnotes":""},"categories":[22],"tags":[],"class_list":["post-2392","post","type-post","status-publish","format-standard","has-post-thumbnail","hentry","category-installation"],"yoast_head":"<!-- This site is optimized with the Yoast SEO plugin v26.9 - https:\/\/yoast.com\/product\/yoast-seo-wordpress\/ -->\n<title>Le s\u00e9choir pour plantes - La Rochette<\/title>\n<meta name=\"robots\" content=\"index, follow, max-snippet:-1, max-image-preview:large, max-video-preview:-1\" \/>\n<link rel=\"canonical\" href=\"https:\/\/fermelarochette.ch\/index.php\/2024\/12\/19\/le-sechoir-pour-plantes\/\" \/>\n<meta property=\"og:locale\" content=\"fr_FR\" \/>\n<meta property=\"og:type\" content=\"article\" \/>\n<meta property=\"og:title\" content=\"Le s\u00e9choir pour plantes - La Rochette\" \/>\n<meta property=\"og:description\" content=\"Mmmm comme \u00e7a sent bon dans ce s\u00e9choir ! On se croirait dans un sachet de tisane, et ce n&rsquo;est pas pour nous d\u00e9plaire&#8230; En &hellip;\" \/>\n<meta property=\"og:url\" content=\"https:\/\/fermelarochette.ch\/index.php\/2024\/12\/19\/le-sechoir-pour-plantes\/\" \/>\n<meta property=\"og:site_name\" content=\"La Rochette\" \/>\n<meta property=\"article:published_time\" content=\"2024-12-19T22:14:41+00:00\" \/>\n<meta property=\"article:modified_time\" content=\"2026-02-16T10:44:44+00:00\" \/>\n<meta property=\"og:image\" content=\"https:\/\/fermelarochette.ch\/wp-content\/uploads\/2024\/12\/Sechoir4.jpg\" \/>\n\t<meta property=\"og:image:width\" content=\"1200\" \/>\n\t<meta property=\"og:image:height\" content=\"1600\" \/>\n\t<meta property=\"og:image:type\" content=\"image\/jpeg\" \/>\n<meta name=\"author\" content=\"Claudine\" \/>\n<meta name=\"twitter:card\" content=\"summary_large_image\" \/>\n<meta name=\"twitter:label1\" content=\"\u00c9crit par\" \/>\n\t<meta name=\"twitter:data1\" content=\"Claudine\" \/>\n\t<meta name=\"twitter:label2\" content=\"Dur\u00e9e de lecture estim\u00e9e\" \/>\n\t<meta name=\"twitter:data2\" content=\"2 minutes\" \/>\n<script type=\"application\/ld+json\" class=\"yoast-schema-graph\">{\"@context\":\"https:\/\/schema.org\",\"@graph\":[{\"@type\":\"Article\",\"@id\":\"https:\/\/fermelarochette.ch\/index.php\/2024\/12\/19\/le-sechoir-pour-plantes\/#article\",\"isPartOf\":{\"@id\":\"https:\/\/fermelarochette.ch\/index.php\/2024\/12\/19\/le-sechoir-pour-plantes\/\"},\"author\":{\"name\":\"Claudine\",\"@id\":\"https:\/\/fermelarochette.ch\/#\/schema\/person\/8b775b7362809e3390b8957cb4cbe9b7\"},\"headline\":\"Le s\u00e9choir pour plantes\",\"datePublished\":\"2024-12-19T22:14:41+00:00\",\"dateModified\":\"2026-02-16T10:44:44+00:00\",\"mainEntityOfPage\":{\"@id\":\"https:\/\/fermelarochette.ch\/index.php\/2024\/12\/19\/le-sechoir-pour-plantes\/\"},\"wordCount\":501,\"image\":{\"@id\":\"https:\/\/fermelarochette.ch\/index.php\/2024\/12\/19\/le-sechoir-pour-plantes\/#primaryimage\"},\"thumbnailUrl\":\"https:\/\/fermelarochette.ch\/wp-content\/uploads\/2024\/12\/Sechoir4.jpg\",\"articleSection\":[\"Installation de la ferme\"],\"inLanguage\":\"fr-FR\"},{\"@type\":\"WebPage\",\"@id\":\"https:\/\/fermelarochette.ch\/index.php\/2024\/12\/19\/le-sechoir-pour-plantes\/\",\"url\":\"https:\/\/fermelarochette.ch\/index.php\/2024\/12\/19\/le-sechoir-pour-plantes\/\",\"name\":\"Le s\u00e9choir pour plantes - La Rochette\",\"isPartOf\":{\"@id\":\"https:\/\/fermelarochette.ch\/#website\"},\"primaryImageOfPage\":{\"@id\":\"https:\/\/fermelarochette.ch\/index.php\/2024\/12\/19\/le-sechoir-pour-plantes\/#primaryimage\"},\"image\":{\"@id\":\"https:\/\/fermelarochette.ch\/index.php\/2024\/12\/19\/le-sechoir-pour-plantes\/#primaryimage\"},\"thumbnailUrl\":\"https:\/\/fermelarochette.ch\/wp-content\/uploads\/2024\/12\/Sechoir4.jpg\",\"datePublished\":\"2024-12-19T22:14:41+00:00\",\"dateModified\":\"2026-02-16T10:44:44+00:00\",\"author\":{\"@id\":\"https:\/\/fermelarochette.ch\/#\/schema\/person\/8b775b7362809e3390b8957cb4cbe9b7\"},\"breadcrumb\":{\"@id\":\"https:\/\/fermelarochette.ch\/index.php\/2024\/12\/19\/le-sechoir-pour-plantes\/#breadcrumb\"},\"inLanguage\":\"fr-FR\",\"potentialAction\":[{\"@type\":\"ReadAction\",\"target\":[\"https:\/\/fermelarochette.ch\/index.php\/2024\/12\/19\/le-sechoir-pour-plantes\/\"]}]},{\"@type\":\"ImageObject\",\"inLanguage\":\"fr-FR\",\"@id\":\"https:\/\/fermelarochette.ch\/index.php\/2024\/12\/19\/le-sechoir-pour-plantes\/#primaryimage\",\"url\":\"https:\/\/fermelarochette.ch\/wp-content\/uploads\/2024\/12\/Sechoir4.jpg\",\"contentUrl\":\"https:\/\/fermelarochette.ch\/wp-content\/uploads\/2024\/12\/Sechoir4.jpg\",\"width\":1200,\"height\":1600},{\"@type\":\"BreadcrumbList\",\"@id\":\"https:\/\/fermelarochette.ch\/index.php\/2024\/12\/19\/le-sechoir-pour-plantes\/#breadcrumb\",\"itemListElement\":[{\"@type\":\"ListItem\",\"position\":1,\"name\":\"Accueil\",\"item\":\"https:\/\/fermelarochette.ch\/\"},{\"@type\":\"ListItem\",\"position\":2,\"name\":\"Le s\u00e9choir pour plantes\"}]},{\"@type\":\"WebSite\",\"@id\":\"https:\/\/fermelarochette.ch\/#website\",\"url\":\"https:\/\/fermelarochette.ch\/\",\"name\":\"La Rochette\",\"description\":\"Micro-ferme biologique\",\"potentialAction\":[{\"@type\":\"SearchAction\",\"target\":{\"@type\":\"EntryPoint\",\"urlTemplate\":\"https:\/\/fermelarochette.ch\/?s={search_term_string}\"},\"query-input\":{\"@type\":\"PropertyValueSpecification\",\"valueRequired\":true,\"valueName\":\"search_term_string\"}}],\"inLanguage\":\"fr-FR\"},{\"@type\":\"Person\",\"@id\":\"https:\/\/fermelarochette.ch\/#\/schema\/person\/8b775b7362809e3390b8957cb4cbe9b7\",\"name\":\"Claudine\",\"image\":{\"@type\":\"ImageObject\",\"inLanguage\":\"fr-FR\",\"@id\":\"https:\/\/fermelarochette.ch\/#\/schema\/person\/image\/\",\"url\":\"https:\/\/secure.gravatar.com\/avatar\/c0dbc1c85619dc3f9e194c4bf5d3dc2a869999ff80aac4f0369e52a5ffe5b600?s=96&d=mm&r=g\",\"contentUrl\":\"https:\/\/secure.gravatar.com\/avatar\/c0dbc1c85619dc3f9e194c4bf5d3dc2a869999ff80aac4f0369e52a5ffe5b600?s=96&d=mm&r=g\",\"caption\":\"Claudine\"},\"sameAs\":[\"https:\/\/fermelarochette.ch\"],\"url\":\"https:\/\/fermelarochette.ch\/index.php\/author\/claudine\/\"}]}<\/script>\n<!-- \/ Yoast SEO plugin. -->","yoast_head_json":{"title":"Le s\u00e9choir pour plantes - La Rochette","robots":{"index":"index","follow":"follow","max-snippet":"max-snippet:-1","max-image-preview":"max-image-preview:large","max-video-preview":"max-video-preview:-1"},"canonical":"https:\/\/fermelarochette.ch\/index.php\/2024\/12\/19\/le-sechoir-pour-plantes\/","og_locale":"fr_FR","og_type":"article","og_title":"Le s\u00e9choir pour plantes - La Rochette","og_description":"Mmmm comme \u00e7a sent bon dans ce s\u00e9choir ! On se croirait dans un sachet de tisane, et ce n&rsquo;est pas pour nous d\u00e9plaire&#8230; En &hellip;","og_url":"https:\/\/fermelarochette.ch\/index.php\/2024\/12\/19\/le-sechoir-pour-plantes\/","og_site_name":"La Rochette","article_published_time":"2024-12-19T22:14:41+00:00","article_modified_time":"2026-02-16T10:44:44+00:00","og_image":[{"width":1200,"height":1600,"url":"https:\/\/fermelarochette.ch\/wp-content\/uploads\/2024\/12\/Sechoir4.jpg","type":"image\/jpeg"}],"author":"Claudine","twitter_card":"summary_large_image","twitter_misc":{"\u00c9crit par":"Claudine","Dur\u00e9e de lecture estim\u00e9e":"2 minutes"},"schema":{"@context":"https:\/\/schema.org","@graph":[{"@type":"Article","@id":"https:\/\/fermelarochette.ch\/index.php\/2024\/12\/19\/le-sechoir-pour-plantes\/#article","isPartOf":{"@id":"https:\/\/fermelarochette.ch\/index.php\/2024\/12\/19\/le-sechoir-pour-plantes\/"},"author":{"name":"Claudine","@id":"https:\/\/fermelarochette.ch\/#\/schema\/person\/8b775b7362809e3390b8957cb4cbe9b7"},"headline":"Le s\u00e9choir pour plantes","datePublished":"2024-12-19T22:14:41+00:00","dateModified":"2026-02-16T10:44:44+00:00","mainEntityOfPage":{"@id":"https:\/\/fermelarochette.ch\/index.php\/2024\/12\/19\/le-sechoir-pour-plantes\/"},"wordCount":501,"image":{"@id":"https:\/\/fermelarochette.ch\/index.php\/2024\/12\/19\/le-sechoir-pour-plantes\/#primaryimage"},"thumbnailUrl":"https:\/\/fermelarochette.ch\/wp-content\/uploads\/2024\/12\/Sechoir4.jpg","articleSection":["Installation de la ferme"],"inLanguage":"fr-FR"},{"@type":"WebPage","@id":"https:\/\/fermelarochette.ch\/index.php\/2024\/12\/19\/le-sechoir-pour-plantes\/","url":"https:\/\/fermelarochette.ch\/index.php\/2024\/12\/19\/le-sechoir-pour-plantes\/","name":"Le s\u00e9choir pour plantes - La Rochette","isPartOf":{"@id":"https:\/\/fermelarochette.ch\/#website"},"primaryImageOfPage":{"@id":"https:\/\/fermelarochette.ch\/index.php\/2024\/12\/19\/le-sechoir-pour-plantes\/#primaryimage"},"image":{"@id":"https:\/\/fermelarochette.ch\/index.php\/2024\/12\/19\/le-sechoir-pour-plantes\/#primaryimage"},"thumbnailUrl":"https:\/\/fermelarochette.ch\/wp-content\/uploads\/2024\/12\/Sechoir4.jpg","datePublished":"2024-12-19T22:14:41+00:00","dateModified":"2026-02-16T10:44:44+00:00","author":{"@id":"https:\/\/fermelarochette.ch\/#\/schema\/person\/8b775b7362809e3390b8957cb4cbe9b7"},"breadcrumb":{"@id":"https:\/\/fermelarochette.ch\/index.php\/2024\/12\/19\/le-sechoir-pour-plantes\/#breadcrumb"},"inLanguage":"fr-FR","potentialAction":[{"@type":"ReadAction","target":["https:\/\/fermelarochette.ch\/index.php\/2024\/12\/19\/le-sechoir-pour-plantes\/"]}]},{"@type":"ImageObject","inLanguage":"fr-FR","@id":"https:\/\/fermelarochette.ch\/index.php\/2024\/12\/19\/le-sechoir-pour-plantes\/#primaryimage","url":"https:\/\/fermelarochette.ch\/wp-content\/uploads\/2024\/12\/Sechoir4.jpg","contentUrl":"https:\/\/fermelarochette.ch\/wp-content\/uploads\/2024\/12\/Sechoir4.jpg","width":1200,"height":1600},{"@type":"BreadcrumbList","@id":"https:\/\/fermelarochette.ch\/index.php\/2024\/12\/19\/le-sechoir-pour-plantes\/#breadcrumb","itemListElement":[{"@type":"ListItem","position":1,"name":"Accueil","item":"https:\/\/fermelarochette.ch\/"},{"@type":"ListItem","position":2,"name":"Le s\u00e9choir pour plantes"}]},{"@type":"WebSite","@id":"https:\/\/fermelarochette.ch\/#website","url":"https:\/\/fermelarochette.ch\/","name":"La Rochette","description":"Micro-ferme biologique","potentialAction":[{"@type":"SearchAction","target":{"@type":"EntryPoint","urlTemplate":"https:\/\/fermelarochette.ch\/?s={search_term_string}"},"query-input":{"@type":"PropertyValueSpecification","valueRequired":true,"valueName":"search_term_string"}}],"inLanguage":"fr-FR"},{"@type":"Person","@id":"https:\/\/fermelarochette.ch\/#\/schema\/person\/8b775b7362809e3390b8957cb4cbe9b7","name":"Claudine","image":{"@type":"ImageObject","inLanguage":"fr-FR","@id":"https:\/\/fermelarochette.ch\/#\/schema\/person\/image\/","url":"https:\/\/secure.gravatar.com\/avatar\/c0dbc1c85619dc3f9e194c4bf5d3dc2a869999ff80aac4f0369e52a5ffe5b600?s=96&d=mm&r=g","contentUrl":"https:\/\/secure.gravatar.com\/avatar\/c0dbc1c85619dc3f9e194c4bf5d3dc2a869999ff80aac4f0369e52a5ffe5b600?s=96&d=mm&r=g","caption":"Claudine"},"sameAs":["https:\/\/fermelarochette.ch"],"url":"https:\/\/fermelarochette.ch\/index.php\/author\/claudine\/"}]}},"jetpack_featured_media_url":"https:\/\/fermelarochette.ch\/wp-content\/uploads\/2024\/12\/Sechoir4.jpg","jetpack_sharing_enabled":true,"_links":{"self":[{"href":"https:\/\/fermelarochette.ch\/index.php\/wp-json\/wp\/v2\/posts\/2392","targetHints":{"allow":["GET"]}}],"collection":[{"href":"https:\/\/fermelarochette.ch\/index.php\/wp-json\/wp\/v2\/posts"}],"about":[{"href":"https:\/\/fermelarochette.ch\/index.php\/wp-json\/wp\/v2\/types\/post"}],"author":[{"embeddable":true,"href":"https:\/\/fermelarochette.ch\/index.php\/wp-json\/wp\/v2\/users\/1"}],"replies":[{"embeddable":true,"href":"https:\/\/fermelarochette.ch\/index.php\/wp-json\/wp\/v2\/comments?post=2392"}],"version-history":[{"count":3,"href":"https:\/\/fermelarochette.ch\/index.php\/wp-json\/wp\/v2\/posts\/2392\/revisions"}],"predecessor-version":[{"id":2396,"href":"https:\/\/fermelarochette.ch\/index.php\/wp-json\/wp\/v2\/posts\/2392\/revisions\/2396"}],"wp:featuredmedia":[{"embeddable":true,"href":"https:\/\/fermelarochette.ch\/index.php\/wp-json\/wp\/v2\/media\/2389"}],"wp:attachment":[{"href":"https:\/\/fermelarochette.ch\/index.php\/wp-json\/wp\/v2\/media?parent=2392"}],"wp:term":[{"taxonomy":"category","embeddable":true,"href":"https:\/\/fermelarochette.ch\/index.php\/wp-json\/wp\/v2\/categories?post=2392"},{"taxonomy":"post_tag","embeddable":true,"href":"https:\/\/fermelarochette.ch\/index.php\/wp-json\/wp\/v2\/tags?post=2392"}],"curies":[{"name":"wp","href":"https:\/\/api.w.org\/{rel}","templated":true}]}}