{"id":2252,"date":"2024-11-05T22:30:52","date_gmt":"2024-11-05T21:30:52","guid":{"rendered":"https:\/\/fermelarochette.ch\/?p=2252"},"modified":"2026-02-16T11:45:11","modified_gmt":"2026-02-16T10:45:11","slug":"notre-offre-de-paniers-garnis-pour-les-fetes","status":"publish","type":"post","link":"https:\/\/fermelarochette.ch\/index.php\/2024\/11\/05\/notre-offre-de-paniers-garnis-pour-les-fetes\/","title":{"rendered":"Notre offre de paniers garnis pour les f\u00eates !"},"content":{"rendered":"\n<p><strong>Particuliers ou entreprises, vous souhaitez offrir des paniers garnis pleins de saveurs, bios, et artisanaux ?<\/strong> Nous avons ce qu&rsquo;il vous faut ! Voici notre <a href=\"https:\/\/fermelarochette.ch\/wp-content\/uploads\/2024\/11\/Offre-paniers-garnis-La-Rochette.pdf\">offre de paniers pour les f\u00eates<\/a>, compos\u00e9s pour vous parmi les tr\u00e9sors de notre assortiment. Vous pouvez \u00e9galement composer vous-m\u00eames les paniers en choisissant les produits qui vous inspirent !<\/p>\n\n\n\n<p>Pour passer commande, contactez-nous par mail \u00e0 l&rsquo;adresse<mark style=\"background-color:rgba(0, 0, 0, 0)\" class=\"has-inline-color has-accent-1-color\"> <a href=\"mailto:contact@fermelarochette.ch\">contact@fermelarochette.ch<\/a><\/mark> ou par t\u00e9l\u00e9phone aupr\u00e8s d&rsquo;Agathe au <strong>079 563 47 52<\/strong><\/p>\n\n\n\n<p>Belle p\u00e9riode de l&rsquo;Avent \u00e0 vous \ud83d\ude42<\/p>\n\n\n\n<div data-wp-interactive=\"core\/file\" class=\"wp-block-file\"><object data-wp-bind--hidden=\"!state.hasPdfPreview\" hidden class=\"wp-block-file__embed\" data=\"https:\/\/fermelarochette.ch\/wp-content\/uploads\/2024\/11\/Offre-paniers-garnis-La-Rochette.pdf\" type=\"application\/pdf\" style=\"width:100%;height:600px\" aria-label=\"Contenu embarqu\u00e9 Offre paniers garnis La Rochette.\"><\/object><a id=\"wp-block-file--media-6a2ddc20-1db7-47f8-affd-3ad6a66c80f8\" href=\"https:\/\/fermelarochette.ch\/wp-content\/uploads\/2024\/11\/Offre-paniers-garnis-La-Rochette.pdf\">Offre paniers garnis La Rochette<\/a><a href=\"https:\/\/fermelarochette.ch\/wp-content\/uploads\/2024\/11\/Offre-paniers-garnis-La-Rochette.pdf\" class=\"wp-block-file__button wp-element-button\" download aria-describedby=\"wp-block-file--media-6a2ddc20-1db7-47f8-affd-3ad6a66c80f8\">T\u00e9l\u00e9charger<\/a><\/div>\n\n\n\n<div style=\"height:65px\" aria-hidden=\"true\" class=\"wp-block-spacer\"><\/div>\n\n\n<div class=\"wp-block-image\">\n<figure class=\"aligncenter size-full is-resized\"><img decoding=\"async\" width=\"1200\" height=\"1600\" data-src=\"https:\/\/fermelarochette.ch\/wp-content\/uploads\/2024\/12\/Panier-de-Noel-La-Rochette-.jpg\" alt=\"\" class=\"wp-image-2344 lazyload\" style=\"--smush-placeholder-width: 1200px; --smush-placeholder-aspect-ratio: 1200\/1600;width:547px;height:auto\" data-srcset=\"https:\/\/fermelarochette.ch\/wp-content\/uploads\/2024\/12\/Panier-de-Noel-La-Rochette-.jpg 1200w, https:\/\/fermelarochette.ch\/wp-content\/uploads\/2024\/12\/Panier-de-Noel-La-Rochette--600x800.jpg 600w\" data-sizes=\"(max-width: 1200px) 100vw, 1200px\" src=\"data:image\/svg+xml;base64,PHN2ZyB3aWR0aD0iMSIgaGVpZ2h0PSIxIiB4bWxucz0iaHR0cDovL3d3dy53My5vcmcvMjAwMC9zdmciPjwvc3ZnPg==\" \/><\/figure>\n<\/div>","protected":false},"excerpt":{"rendered":"<p>Particuliers ou entreprises, vous souhaitez offrir des paniers garnis pleins de saveurs, bios, et artisanaux ? Nous avons ce qu&rsquo;il vous faut ! Voici notre &hellip;<\/p>\n","protected":false},"author":1,"featured_media":2345,"comment_status":"closed","ping_status":"closed","sticky":false,"template":"","format":"standard","meta":{"_price":"","_stock":"","_tribe_ticket_header":"","_tribe_default_ticket_provider":"","_ticket_start_date":"","_ticket_end_date":"","_tribe_ticket_show_description":"","_tribe_ticket_show_not_going":false,"_tribe_ticket_use_global_stock":"","_tribe_ticket_global_stock_level":"","_global_stock_mode":"","_global_stock_cap":"","_tribe_rsvp_for_event":"","_tribe_ticket_going_count":"","_tribe_ticket_not_going_count":"","_tribe_tickets_list":"[]","_tribe_ticket_has_attendee_info_fields":false,"_jetpack_memberships_contains_paid_content":false,"footnotes":""},"categories":[8],"tags":[],"class_list":["post-2252","post","type-post","status-publish","format-standard","has-post-thumbnail","hentry","category-nos-produits"],"yoast_head":"<!-- This site is optimized with the Yoast SEO plugin v26.9 - https:\/\/yoast.com\/product\/yoast-seo-wordpress\/ -->\n<title>Notre offre de paniers garnis pour les f\u00eates ! - La Rochette<\/title>\n<meta name=\"robots\" content=\"index, follow, max-snippet:-1, max-image-preview:large, max-video-preview:-1\" \/>\n<link rel=\"canonical\" href=\"https:\/\/fermelarochette.ch\/index.php\/2024\/11\/05\/notre-offre-de-paniers-garnis-pour-les-fetes\/\" \/>\n<meta property=\"og:locale\" content=\"fr_FR\" \/>\n<meta property=\"og:type\" content=\"article\" \/>\n<meta property=\"og:title\" content=\"Notre offre de paniers garnis pour les f\u00eates ! - La Rochette\" \/>\n<meta property=\"og:description\" content=\"Particuliers ou entreprises, vous souhaitez offrir des paniers garnis pleins de saveurs, bios, et artisanaux ? Nous avons ce qu&rsquo;il vous faut ! Voici notre &hellip;\" \/>\n<meta property=\"og:url\" content=\"https:\/\/fermelarochette.ch\/index.php\/2024\/11\/05\/notre-offre-de-paniers-garnis-pour-les-fetes\/\" \/>\n<meta property=\"og:site_name\" content=\"La Rochette\" \/>\n<meta property=\"article:published_time\" content=\"2024-11-05T21:30:52+00:00\" \/>\n<meta property=\"article:modified_time\" content=\"2026-02-16T10:45:11+00:00\" \/>\n<meta property=\"og:image\" content=\"https:\/\/fermelarochette.ch\/wp-content\/uploads\/2024\/12\/Panier-de-Noel-La-Rochette-2.jpg\" \/>\n\t<meta property=\"og:image:width\" content=\"1200\" \/>\n\t<meta property=\"og:image:height\" content=\"1600\" \/>\n\t<meta property=\"og:image:type\" content=\"image\/jpeg\" \/>\n<meta name=\"author\" content=\"Claudine\" \/>\n<meta name=\"twitter:card\" content=\"summary_large_image\" \/>\n<meta name=\"twitter:label1\" content=\"\u00c9crit par\" \/>\n\t<meta name=\"twitter:data1\" content=\"Claudine\" \/>\n<script type=\"application\/ld+json\" class=\"yoast-schema-graph\">{\"@context\":\"https:\/\/schema.org\",\"@graph\":[{\"@type\":\"Article\",\"@id\":\"https:\/\/fermelarochette.ch\/index.php\/2024\/11\/05\/notre-offre-de-paniers-garnis-pour-les-fetes\/#article\",\"isPartOf\":{\"@id\":\"https:\/\/fermelarochette.ch\/index.php\/2024\/11\/05\/notre-offre-de-paniers-garnis-pour-les-fetes\/\"},\"author\":{\"name\":\"Claudine\",\"@id\":\"https:\/\/fermelarochette.ch\/#\/schema\/person\/8b775b7362809e3390b8957cb4cbe9b7\"},\"headline\":\"Notre offre de paniers garnis pour les f\u00eates !\",\"datePublished\":\"2024-11-05T21:30:52+00:00\",\"dateModified\":\"2026-02-16T10:45:11+00:00\",\"mainEntityOfPage\":{\"@id\":\"https:\/\/fermelarochette.ch\/index.php\/2024\/11\/05\/notre-offre-de-paniers-garnis-pour-les-fetes\/\"},\"wordCount\":98,\"image\":{\"@id\":\"https:\/\/fermelarochette.ch\/index.php\/2024\/11\/05\/notre-offre-de-paniers-garnis-pour-les-fetes\/#primaryimage\"},\"thumbnailUrl\":\"https:\/\/fermelarochette.ch\/wp-content\/uploads\/2024\/12\/Panier-de-Noel-La-Rochette-2.jpg\",\"articleSection\":[\"Nos produits\"],\"inLanguage\":\"fr-FR\"},{\"@type\":\"WebPage\",\"@id\":\"https:\/\/fermelarochette.ch\/index.php\/2024\/11\/05\/notre-offre-de-paniers-garnis-pour-les-fetes\/\",\"url\":\"https:\/\/fermelarochette.ch\/index.php\/2024\/11\/05\/notre-offre-de-paniers-garnis-pour-les-fetes\/\",\"name\":\"Notre offre de paniers garnis pour les f\u00eates ! - La Rochette\",\"isPartOf\":{\"@id\":\"https:\/\/fermelarochette.ch\/#website\"},\"primaryImageOfPage\":{\"@id\":\"https:\/\/fermelarochette.ch\/index.php\/2024\/11\/05\/notre-offre-de-paniers-garnis-pour-les-fetes\/#primaryimage\"},\"image\":{\"@id\":\"https:\/\/fermelarochette.ch\/index.php\/2024\/11\/05\/notre-offre-de-paniers-garnis-pour-les-fetes\/#primaryimage\"},\"thumbnailUrl\":\"https:\/\/fermelarochette.ch\/wp-content\/uploads\/2024\/12\/Panier-de-Noel-La-Rochette-2.jpg\",\"datePublished\":\"2024-11-05T21:30:52+00:00\",\"dateModified\":\"2026-02-16T10:45:11+00:00\",\"author\":{\"@id\":\"https:\/\/fermelarochette.ch\/#\/schema\/person\/8b775b7362809e3390b8957cb4cbe9b7\"},\"breadcrumb\":{\"@id\":\"https:\/\/fermelarochette.ch\/index.php\/2024\/11\/05\/notre-offre-de-paniers-garnis-pour-les-fetes\/#breadcrumb\"},\"inLanguage\":\"fr-FR\",\"potentialAction\":[{\"@type\":\"ReadAction\",\"target\":[\"https:\/\/fermelarochette.ch\/index.php\/2024\/11\/05\/notre-offre-de-paniers-garnis-pour-les-fetes\/\"]}]},{\"@type\":\"ImageObject\",\"inLanguage\":\"fr-FR\",\"@id\":\"https:\/\/fermelarochette.ch\/index.php\/2024\/11\/05\/notre-offre-de-paniers-garnis-pour-les-fetes\/#primaryimage\",\"url\":\"https:\/\/fermelarochette.ch\/wp-content\/uploads\/2024\/12\/Panier-de-Noel-La-Rochette-2.jpg\",\"contentUrl\":\"https:\/\/fermelarochette.ch\/wp-content\/uploads\/2024\/12\/Panier-de-Noel-La-Rochette-2.jpg\",\"width\":1200,\"height\":1600},{\"@type\":\"BreadcrumbList\",\"@id\":\"https:\/\/fermelarochette.ch\/index.php\/2024\/11\/05\/notre-offre-de-paniers-garnis-pour-les-fetes\/#breadcrumb\",\"itemListElement\":[{\"@type\":\"ListItem\",\"position\":1,\"name\":\"Accueil\",\"item\":\"https:\/\/fermelarochette.ch\/\"},{\"@type\":\"ListItem\",\"position\":2,\"name\":\"Notre offre de paniers garnis pour les f\u00eates !\"}]},{\"@type\":\"WebSite\",\"@id\":\"https:\/\/fermelarochette.ch\/#website\",\"url\":\"https:\/\/fermelarochette.ch\/\",\"name\":\"La Rochette\",\"description\":\"Micro-ferme biologique\",\"potentialAction\":[{\"@type\":\"SearchAction\",\"target\":{\"@type\":\"EntryPoint\",\"urlTemplate\":\"https:\/\/fermelarochette.ch\/?s={search_term_string}\"},\"query-input\":{\"@type\":\"PropertyValueSpecification\",\"valueRequired\":true,\"valueName\":\"search_term_string\"}}],\"inLanguage\":\"fr-FR\"},{\"@type\":\"Person\",\"@id\":\"https:\/\/fermelarochette.ch\/#\/schema\/person\/8b775b7362809e3390b8957cb4cbe9b7\",\"name\":\"Claudine\",\"image\":{\"@type\":\"ImageObject\",\"inLanguage\":\"fr-FR\",\"@id\":\"https:\/\/fermelarochette.ch\/#\/schema\/person\/image\/\",\"url\":\"https:\/\/secure.gravatar.com\/avatar\/c0dbc1c85619dc3f9e194c4bf5d3dc2a869999ff80aac4f0369e52a5ffe5b600?s=96&d=mm&r=g\",\"contentUrl\":\"https:\/\/secure.gravatar.com\/avatar\/c0dbc1c85619dc3f9e194c4bf5d3dc2a869999ff80aac4f0369e52a5ffe5b600?s=96&d=mm&r=g\",\"caption\":\"Claudine\"},\"sameAs\":[\"https:\/\/fermelarochette.ch\"],\"url\":\"https:\/\/fermelarochette.ch\/index.php\/author\/claudine\/\"}]}<\/script>\n<!-- \/ Yoast SEO plugin. -->","yoast_head_json":{"title":"Notre offre de paniers garnis pour les f\u00eates ! - La Rochette","robots":{"index":"index","follow":"follow","max-snippet":"max-snippet:-1","max-image-preview":"max-image-preview:large","max-video-preview":"max-video-preview:-1"},"canonical":"https:\/\/fermelarochette.ch\/index.php\/2024\/11\/05\/notre-offre-de-paniers-garnis-pour-les-fetes\/","og_locale":"fr_FR","og_type":"article","og_title":"Notre offre de paniers garnis pour les f\u00eates ! - La Rochette","og_description":"Particuliers ou entreprises, vous souhaitez offrir des paniers garnis pleins de saveurs, bios, et artisanaux ? Nous avons ce qu&rsquo;il vous faut ! Voici notre &hellip;","og_url":"https:\/\/fermelarochette.ch\/index.php\/2024\/11\/05\/notre-offre-de-paniers-garnis-pour-les-fetes\/","og_site_name":"La Rochette","article_published_time":"2024-11-05T21:30:52+00:00","article_modified_time":"2026-02-16T10:45:11+00:00","og_image":[{"width":1200,"height":1600,"url":"https:\/\/fermelarochette.ch\/wp-content\/uploads\/2024\/12\/Panier-de-Noel-La-Rochette-2.jpg","type":"image\/jpeg"}],"author":"Claudine","twitter_card":"summary_large_image","twitter_misc":{"\u00c9crit par":"Claudine"},"schema":{"@context":"https:\/\/schema.org","@graph":[{"@type":"Article","@id":"https:\/\/fermelarochette.ch\/index.php\/2024\/11\/05\/notre-offre-de-paniers-garnis-pour-les-fetes\/#article","isPartOf":{"@id":"https:\/\/fermelarochette.ch\/index.php\/2024\/11\/05\/notre-offre-de-paniers-garnis-pour-les-fetes\/"},"author":{"name":"Claudine","@id":"https:\/\/fermelarochette.ch\/#\/schema\/person\/8b775b7362809e3390b8957cb4cbe9b7"},"headline":"Notre offre de paniers garnis pour les f\u00eates !","datePublished":"2024-11-05T21:30:52+00:00","dateModified":"2026-02-16T10:45:11+00:00","mainEntityOfPage":{"@id":"https:\/\/fermelarochette.ch\/index.php\/2024\/11\/05\/notre-offre-de-paniers-garnis-pour-les-fetes\/"},"wordCount":98,"image":{"@id":"https:\/\/fermelarochette.ch\/index.php\/2024\/11\/05\/notre-offre-de-paniers-garnis-pour-les-fetes\/#primaryimage"},"thumbnailUrl":"https:\/\/fermelarochette.ch\/wp-content\/uploads\/2024\/12\/Panier-de-Noel-La-Rochette-2.jpg","articleSection":["Nos produits"],"inLanguage":"fr-FR"},{"@type":"WebPage","@id":"https:\/\/fermelarochette.ch\/index.php\/2024\/11\/05\/notre-offre-de-paniers-garnis-pour-les-fetes\/","url":"https:\/\/fermelarochette.ch\/index.php\/2024\/11\/05\/notre-offre-de-paniers-garnis-pour-les-fetes\/","name":"Notre offre de paniers garnis pour les f\u00eates ! - La Rochette","isPartOf":{"@id":"https:\/\/fermelarochette.ch\/#website"},"primaryImageOfPage":{"@id":"https:\/\/fermelarochette.ch\/index.php\/2024\/11\/05\/notre-offre-de-paniers-garnis-pour-les-fetes\/#primaryimage"},"image":{"@id":"https:\/\/fermelarochette.ch\/index.php\/2024\/11\/05\/notre-offre-de-paniers-garnis-pour-les-fetes\/#primaryimage"},"thumbnailUrl":"https:\/\/fermelarochette.ch\/wp-content\/uploads\/2024\/12\/Panier-de-Noel-La-Rochette-2.jpg","datePublished":"2024-11-05T21:30:52+00:00","dateModified":"2026-02-16T10:45:11+00:00","author":{"@id":"https:\/\/fermelarochette.ch\/#\/schema\/person\/8b775b7362809e3390b8957cb4cbe9b7"},"breadcrumb":{"@id":"https:\/\/fermelarochette.ch\/index.php\/2024\/11\/05\/notre-offre-de-paniers-garnis-pour-les-fetes\/#breadcrumb"},"inLanguage":"fr-FR","potentialAction":[{"@type":"ReadAction","target":["https:\/\/fermelarochette.ch\/index.php\/2024\/11\/05\/notre-offre-de-paniers-garnis-pour-les-fetes\/"]}]},{"@type":"ImageObject","inLanguage":"fr-FR","@id":"https:\/\/fermelarochette.ch\/index.php\/2024\/11\/05\/notre-offre-de-paniers-garnis-pour-les-fetes\/#primaryimage","url":"https:\/\/fermelarochette.ch\/wp-content\/uploads\/2024\/12\/Panier-de-Noel-La-Rochette-2.jpg","contentUrl":"https:\/\/fermelarochette.ch\/wp-content\/uploads\/2024\/12\/Panier-de-Noel-La-Rochette-2.jpg","width":1200,"height":1600},{"@type":"BreadcrumbList","@id":"https:\/\/fermelarochette.ch\/index.php\/2024\/11\/05\/notre-offre-de-paniers-garnis-pour-les-fetes\/#breadcrumb","itemListElement":[{"@type":"ListItem","position":1,"name":"Accueil","item":"https:\/\/fermelarochette.ch\/"},{"@type":"ListItem","position":2,"name":"Notre offre de paniers garnis pour les f\u00eates !"}]},{"@type":"WebSite","@id":"https:\/\/fermelarochette.ch\/#website","url":"https:\/\/fermelarochette.ch\/","name":"La Rochette","description":"Micro-ferme biologique","potentialAction":[{"@type":"SearchAction","target":{"@type":"EntryPoint","urlTemplate":"https:\/\/fermelarochette.ch\/?s={search_term_string}"},"query-input":{"@type":"PropertyValueSpecification","valueRequired":true,"valueName":"search_term_string"}}],"inLanguage":"fr-FR"},{"@type":"Person","@id":"https:\/\/fermelarochette.ch\/#\/schema\/person\/8b775b7362809e3390b8957cb4cbe9b7","name":"Claudine","image":{"@type":"ImageObject","inLanguage":"fr-FR","@id":"https:\/\/fermelarochette.ch\/#\/schema\/person\/image\/","url":"https:\/\/secure.gravatar.com\/avatar\/c0dbc1c85619dc3f9e194c4bf5d3dc2a869999ff80aac4f0369e52a5ffe5b600?s=96&d=mm&r=g","contentUrl":"https:\/\/secure.gravatar.com\/avatar\/c0dbc1c85619dc3f9e194c4bf5d3dc2a869999ff80aac4f0369e52a5ffe5b600?s=96&d=mm&r=g","caption":"Claudine"},"sameAs":["https:\/\/fermelarochette.ch"],"url":"https:\/\/fermelarochette.ch\/index.php\/author\/claudine\/"}]}},"jetpack_featured_media_url":"https:\/\/fermelarochette.ch\/wp-content\/uploads\/2024\/12\/Panier-de-Noel-La-Rochette-2.jpg","jetpack_sharing_enabled":true,"_links":{"self":[{"href":"https:\/\/fermelarochette.ch\/index.php\/wp-json\/wp\/v2\/posts\/2252","targetHints":{"allow":["GET"]}}],"collection":[{"href":"https:\/\/fermelarochette.ch\/index.php\/wp-json\/wp\/v2\/posts"}],"about":[{"href":"https:\/\/fermelarochette.ch\/index.php\/wp-json\/wp\/v2\/types\/post"}],"author":[{"embeddable":true,"href":"https:\/\/fermelarochette.ch\/index.php\/wp-json\/wp\/v2\/users\/1"}],"replies":[{"embeddable":true,"href":"https:\/\/fermelarochette.ch\/index.php\/wp-json\/wp\/v2\/comments?post=2252"}],"version-history":[{"count":6,"href":"https:\/\/fermelarochette.ch\/index.php\/wp-json\/wp\/v2\/posts\/2252\/revisions"}],"predecessor-version":[{"id":2352,"href":"https:\/\/fermelarochette.ch\/index.php\/wp-json\/wp\/v2\/posts\/2252\/revisions\/2352"}],"wp:featuredmedia":[{"embeddable":true,"href":"https:\/\/fermelarochette.ch\/index.php\/wp-json\/wp\/v2\/media\/2345"}],"wp:attachment":[{"href":"https:\/\/fermelarochette.ch\/index.php\/wp-json\/wp\/v2\/media?parent=2252"}],"wp:term":[{"taxonomy":"category","embeddable":true,"href":"https:\/\/fermelarochette.ch\/index.php\/wp-json\/wp\/v2\/categories?post=2252"},{"taxonomy":"post_tag","embeddable":true,"href":"https:\/\/fermelarochette.ch\/index.php\/wp-json\/wp\/v2\/tags?post=2252"}],"curies":[{"name":"wp","href":"https:\/\/api.w.org\/{rel}","templated":true}]}}