{"id":2090,"date":"2024-05-28T11:27:45","date_gmt":"2024-05-28T10:27:45","guid":{"rendered":"https:\/\/fermelarochette.ch\/?p=2090"},"modified":"2026-02-16T11:45:45","modified_gmt":"2026-02-16T10:45:45","slug":"une-bien-jolie-fete-de-la-nature","status":"publish","type":"post","link":"https:\/\/fermelarochette.ch\/index.php\/2024\/05\/28\/une-bien-jolie-fete-de-la-nature\/","title":{"rendered":"Une bien jolie F\u00eate de la Nature"},"content":{"rendered":"\n<p>Ce dimanche 26 mai, La Rochette venait faire d\u00e9couvrir les plantes m\u00e9dicinales aux participants de la F\u00eate de la Nature \u00e0 Porrentruy. Cette bien jolie f\u00eate, organis\u00e9e par un comit\u00e9 cr\u00e9atif et dynamique, r\u00e9unissait sur la petite Place des Tilleuls une dizaine de stands : produits r\u00e9gionaux, d\u00e9couverte de sites naturels et initiatives environnementales, jeux, contes, cuisine indienne&#8230; Il y avait de quoi s&rsquo;amuser, s&rsquo;instruire et se restaurer ! Mais aussi, de nombreuses excursions au d\u00e9part de la place proposaient des activit\u00e9s sympathiques pour petits et grands. <\/p>\n\n\n\n<p>\u00c0 notre stand, nous faisions d\u00e9couvrir nos produits et vendions quelques plantes mais, surtout, nous proposions un petit atelier \u00ab\u00a0plantes m\u00e9dicinales\u00a0\u00bb. De nombreux passants s&rsquo;y sont essay\u00e9, dans la joie et la bonne humeur. Chacune et chacun pouvait d\u00e9couvrir des anecdotes \u00e0 propos des aromatiques, dont les propri\u00e9t\u00e9s m\u00e9dicinales sont souvent insoup\u00e7onn\u00e9es, et poser toutes sortes de questions \u00e0 leur sujet. Quel plaisir pour Claudine de papoter pendant des heures \u00e0 propos de plantes ! <\/p>\n\n\n\n<p>Nous esp\u00e9rons que la F\u00eate de la Nature aura \u00e0 nouveau bient\u00f4t lieu, pour que nous puissions y proposer un nouvel atelier \ud83d\ude42 <\/p>\n\n\n\n<div style=\"height:100px\" aria-hidden=\"true\" class=\"wp-block-spacer\"><\/div>\n","protected":false},"excerpt":{"rendered":"<p>Ce dimanche 26 mai, La Rochette venait faire d\u00e9couvrir les plantes m\u00e9dicinales aux participants de la F\u00eate de la Nature \u00e0 Porrentruy. Cette bien jolie &hellip;<\/p>\n","protected":false},"author":1,"featured_media":2088,"comment_status":"closed","ping_status":"closed","sticky":false,"template":"","format":"standard","meta":{"_price":"","_stock":"","_tribe_ticket_header":"","_tribe_default_ticket_provider":"","_ticket_start_date":"","_ticket_end_date":"","_tribe_ticket_show_description":"","_tribe_ticket_show_not_going":false,"_tribe_ticket_use_global_stock":"","_tribe_ticket_global_stock_level":"","_global_stock_mode":"","_global_stock_cap":"","_tribe_rsvp_for_event":"","_tribe_ticket_going_count":"","_tribe_ticket_not_going_count":"","_tribe_tickets_list":"[]","_tribe_ticket_has_attendee_info_fields":false,"_jetpack_memberships_contains_paid_content":false,"footnotes":""},"categories":[7],"tags":[],"class_list":["post-2090","post","type-post","status-publish","format-standard","has-post-thumbnail","hentry","category-evenements"],"yoast_head":"<!-- This site is optimized with the Yoast SEO plugin v26.9 - https:\/\/yoast.com\/product\/yoast-seo-wordpress\/ -->\n<title>Une bien jolie F\u00eate de la Nature - La Rochette<\/title>\n<meta name=\"robots\" content=\"index, follow, max-snippet:-1, max-image-preview:large, max-video-preview:-1\" \/>\n<link rel=\"canonical\" href=\"https:\/\/fermelarochette.ch\/index.php\/2024\/05\/28\/une-bien-jolie-fete-de-la-nature\/\" \/>\n<meta property=\"og:locale\" content=\"fr_FR\" \/>\n<meta property=\"og:type\" content=\"article\" \/>\n<meta property=\"og:title\" content=\"Une bien jolie F\u00eate de la Nature - La Rochette\" \/>\n<meta property=\"og:description\" content=\"Ce dimanche 26 mai, La Rochette venait faire d\u00e9couvrir les plantes m\u00e9dicinales aux participants de la F\u00eate de la Nature \u00e0 Porrentruy. Cette bien jolie &hellip;\" \/>\n<meta property=\"og:url\" content=\"https:\/\/fermelarochette.ch\/index.php\/2024\/05\/28\/une-bien-jolie-fete-de-la-nature\/\" \/>\n<meta property=\"og:site_name\" content=\"La Rochette\" \/>\n<meta property=\"article:published_time\" content=\"2024-05-28T10:27:45+00:00\" \/>\n<meta property=\"article:modified_time\" content=\"2026-02-16T10:45:45+00:00\" \/>\n<meta property=\"og:image\" content=\"https:\/\/fermelarochette.ch\/wp-content\/uploads\/2024\/05\/atelier-fete-de-la-nature-scaled.jpg\" \/>\n\t<meta property=\"og:image:width\" content=\"1920\" \/>\n\t<meta property=\"og:image:height\" content=\"2560\" \/>\n\t<meta property=\"og:image:type\" content=\"image\/jpeg\" \/>\n<meta name=\"author\" content=\"Claudine\" \/>\n<meta name=\"twitter:card\" content=\"summary_large_image\" \/>\n<meta name=\"twitter:label1\" content=\"\u00c9crit par\" \/>\n\t<meta name=\"twitter:data1\" content=\"Claudine\" \/>\n\t<meta name=\"twitter:label2\" content=\"Dur\u00e9e de lecture estim\u00e9e\" \/>\n\t<meta name=\"twitter:data2\" content=\"1 minute\" \/>\n<script type=\"application\/ld+json\" class=\"yoast-schema-graph\">{\"@context\":\"https:\/\/schema.org\",\"@graph\":[{\"@type\":\"Article\",\"@id\":\"https:\/\/fermelarochette.ch\/index.php\/2024\/05\/28\/une-bien-jolie-fete-de-la-nature\/#article\",\"isPartOf\":{\"@id\":\"https:\/\/fermelarochette.ch\/index.php\/2024\/05\/28\/une-bien-jolie-fete-de-la-nature\/\"},\"author\":{\"name\":\"Claudine\",\"@id\":\"https:\/\/fermelarochette.ch\/#\/schema\/person\/8b775b7362809e3390b8957cb4cbe9b7\"},\"headline\":\"Une bien jolie F\u00eate de la Nature\",\"datePublished\":\"2024-05-28T10:27:45+00:00\",\"dateModified\":\"2026-02-16T10:45:45+00:00\",\"mainEntityOfPage\":{\"@id\":\"https:\/\/fermelarochette.ch\/index.php\/2024\/05\/28\/une-bien-jolie-fete-de-la-nature\/\"},\"wordCount\":204,\"image\":{\"@id\":\"https:\/\/fermelarochette.ch\/index.php\/2024\/05\/28\/une-bien-jolie-fete-de-la-nature\/#primaryimage\"},\"thumbnailUrl\":\"https:\/\/fermelarochette.ch\/wp-content\/uploads\/2024\/05\/atelier-fete-de-la-nature-scaled.jpg\",\"articleSection\":[\"Ev\u00e9nements\"],\"inLanguage\":\"fr-FR\"},{\"@type\":\"WebPage\",\"@id\":\"https:\/\/fermelarochette.ch\/index.php\/2024\/05\/28\/une-bien-jolie-fete-de-la-nature\/\",\"url\":\"https:\/\/fermelarochette.ch\/index.php\/2024\/05\/28\/une-bien-jolie-fete-de-la-nature\/\",\"name\":\"Une bien jolie F\u00eate de la Nature - La Rochette\",\"isPartOf\":{\"@id\":\"https:\/\/fermelarochette.ch\/#website\"},\"primaryImageOfPage\":{\"@id\":\"https:\/\/fermelarochette.ch\/index.php\/2024\/05\/28\/une-bien-jolie-fete-de-la-nature\/#primaryimage\"},\"image\":{\"@id\":\"https:\/\/fermelarochette.ch\/index.php\/2024\/05\/28\/une-bien-jolie-fete-de-la-nature\/#primaryimage\"},\"thumbnailUrl\":\"https:\/\/fermelarochette.ch\/wp-content\/uploads\/2024\/05\/atelier-fete-de-la-nature-scaled.jpg\",\"datePublished\":\"2024-05-28T10:27:45+00:00\",\"dateModified\":\"2026-02-16T10:45:45+00:00\",\"author\":{\"@id\":\"https:\/\/fermelarochette.ch\/#\/schema\/person\/8b775b7362809e3390b8957cb4cbe9b7\"},\"breadcrumb\":{\"@id\":\"https:\/\/fermelarochette.ch\/index.php\/2024\/05\/28\/une-bien-jolie-fete-de-la-nature\/#breadcrumb\"},\"inLanguage\":\"fr-FR\",\"potentialAction\":[{\"@type\":\"ReadAction\",\"target\":[\"https:\/\/fermelarochette.ch\/index.php\/2024\/05\/28\/une-bien-jolie-fete-de-la-nature\/\"]}]},{\"@type\":\"ImageObject\",\"inLanguage\":\"fr-FR\",\"@id\":\"https:\/\/fermelarochette.ch\/index.php\/2024\/05\/28\/une-bien-jolie-fete-de-la-nature\/#primaryimage\",\"url\":\"https:\/\/fermelarochette.ch\/wp-content\/uploads\/2024\/05\/atelier-fete-de-la-nature-scaled.jpg\",\"contentUrl\":\"https:\/\/fermelarochette.ch\/wp-content\/uploads\/2024\/05\/atelier-fete-de-la-nature-scaled.jpg\",\"width\":1920,\"height\":2560},{\"@type\":\"BreadcrumbList\",\"@id\":\"https:\/\/fermelarochette.ch\/index.php\/2024\/05\/28\/une-bien-jolie-fete-de-la-nature\/#breadcrumb\",\"itemListElement\":[{\"@type\":\"ListItem\",\"position\":1,\"name\":\"Accueil\",\"item\":\"https:\/\/fermelarochette.ch\/\"},{\"@type\":\"ListItem\",\"position\":2,\"name\":\"Une bien jolie F\u00eate de la Nature\"}]},{\"@type\":\"WebSite\",\"@id\":\"https:\/\/fermelarochette.ch\/#website\",\"url\":\"https:\/\/fermelarochette.ch\/\",\"name\":\"La Rochette\",\"description\":\"Micro-ferme biologique\",\"potentialAction\":[{\"@type\":\"SearchAction\",\"target\":{\"@type\":\"EntryPoint\",\"urlTemplate\":\"https:\/\/fermelarochette.ch\/?s={search_term_string}\"},\"query-input\":{\"@type\":\"PropertyValueSpecification\",\"valueRequired\":true,\"valueName\":\"search_term_string\"}}],\"inLanguage\":\"fr-FR\"},{\"@type\":\"Person\",\"@id\":\"https:\/\/fermelarochette.ch\/#\/schema\/person\/8b775b7362809e3390b8957cb4cbe9b7\",\"name\":\"Claudine\",\"image\":{\"@type\":\"ImageObject\",\"inLanguage\":\"fr-FR\",\"@id\":\"https:\/\/fermelarochette.ch\/#\/schema\/person\/image\/\",\"url\":\"https:\/\/secure.gravatar.com\/avatar\/c0dbc1c85619dc3f9e194c4bf5d3dc2a869999ff80aac4f0369e52a5ffe5b600?s=96&d=mm&r=g\",\"contentUrl\":\"https:\/\/secure.gravatar.com\/avatar\/c0dbc1c85619dc3f9e194c4bf5d3dc2a869999ff80aac4f0369e52a5ffe5b600?s=96&d=mm&r=g\",\"caption\":\"Claudine\"},\"sameAs\":[\"https:\/\/fermelarochette.ch\"],\"url\":\"https:\/\/fermelarochette.ch\/index.php\/author\/claudine\/\"}]}<\/script>\n<!-- \/ Yoast SEO plugin. -->","yoast_head_json":{"title":"Une bien jolie F\u00eate de la Nature - La Rochette","robots":{"index":"index","follow":"follow","max-snippet":"max-snippet:-1","max-image-preview":"max-image-preview:large","max-video-preview":"max-video-preview:-1"},"canonical":"https:\/\/fermelarochette.ch\/index.php\/2024\/05\/28\/une-bien-jolie-fete-de-la-nature\/","og_locale":"fr_FR","og_type":"article","og_title":"Une bien jolie F\u00eate de la Nature - La Rochette","og_description":"Ce dimanche 26 mai, La Rochette venait faire d\u00e9couvrir les plantes m\u00e9dicinales aux participants de la F\u00eate de la Nature \u00e0 Porrentruy. Cette bien jolie &hellip;","og_url":"https:\/\/fermelarochette.ch\/index.php\/2024\/05\/28\/une-bien-jolie-fete-de-la-nature\/","og_site_name":"La Rochette","article_published_time":"2024-05-28T10:27:45+00:00","article_modified_time":"2026-02-16T10:45:45+00:00","og_image":[{"width":1920,"height":2560,"url":"https:\/\/fermelarochette.ch\/wp-content\/uploads\/2024\/05\/atelier-fete-de-la-nature-scaled.jpg","type":"image\/jpeg"}],"author":"Claudine","twitter_card":"summary_large_image","twitter_misc":{"\u00c9crit par":"Claudine","Dur\u00e9e de lecture estim\u00e9e":"1 minute"},"schema":{"@context":"https:\/\/schema.org","@graph":[{"@type":"Article","@id":"https:\/\/fermelarochette.ch\/index.php\/2024\/05\/28\/une-bien-jolie-fete-de-la-nature\/#article","isPartOf":{"@id":"https:\/\/fermelarochette.ch\/index.php\/2024\/05\/28\/une-bien-jolie-fete-de-la-nature\/"},"author":{"name":"Claudine","@id":"https:\/\/fermelarochette.ch\/#\/schema\/person\/8b775b7362809e3390b8957cb4cbe9b7"},"headline":"Une bien jolie F\u00eate de la Nature","datePublished":"2024-05-28T10:27:45+00:00","dateModified":"2026-02-16T10:45:45+00:00","mainEntityOfPage":{"@id":"https:\/\/fermelarochette.ch\/index.php\/2024\/05\/28\/une-bien-jolie-fete-de-la-nature\/"},"wordCount":204,"image":{"@id":"https:\/\/fermelarochette.ch\/index.php\/2024\/05\/28\/une-bien-jolie-fete-de-la-nature\/#primaryimage"},"thumbnailUrl":"https:\/\/fermelarochette.ch\/wp-content\/uploads\/2024\/05\/atelier-fete-de-la-nature-scaled.jpg","articleSection":["Ev\u00e9nements"],"inLanguage":"fr-FR"},{"@type":"WebPage","@id":"https:\/\/fermelarochette.ch\/index.php\/2024\/05\/28\/une-bien-jolie-fete-de-la-nature\/","url":"https:\/\/fermelarochette.ch\/index.php\/2024\/05\/28\/une-bien-jolie-fete-de-la-nature\/","name":"Une bien jolie F\u00eate de la Nature - La Rochette","isPartOf":{"@id":"https:\/\/fermelarochette.ch\/#website"},"primaryImageOfPage":{"@id":"https:\/\/fermelarochette.ch\/index.php\/2024\/05\/28\/une-bien-jolie-fete-de-la-nature\/#primaryimage"},"image":{"@id":"https:\/\/fermelarochette.ch\/index.php\/2024\/05\/28\/une-bien-jolie-fete-de-la-nature\/#primaryimage"},"thumbnailUrl":"https:\/\/fermelarochette.ch\/wp-content\/uploads\/2024\/05\/atelier-fete-de-la-nature-scaled.jpg","datePublished":"2024-05-28T10:27:45+00:00","dateModified":"2026-02-16T10:45:45+00:00","author":{"@id":"https:\/\/fermelarochette.ch\/#\/schema\/person\/8b775b7362809e3390b8957cb4cbe9b7"},"breadcrumb":{"@id":"https:\/\/fermelarochette.ch\/index.php\/2024\/05\/28\/une-bien-jolie-fete-de-la-nature\/#breadcrumb"},"inLanguage":"fr-FR","potentialAction":[{"@type":"ReadAction","target":["https:\/\/fermelarochette.ch\/index.php\/2024\/05\/28\/une-bien-jolie-fete-de-la-nature\/"]}]},{"@type":"ImageObject","inLanguage":"fr-FR","@id":"https:\/\/fermelarochette.ch\/index.php\/2024\/05\/28\/une-bien-jolie-fete-de-la-nature\/#primaryimage","url":"https:\/\/fermelarochette.ch\/wp-content\/uploads\/2024\/05\/atelier-fete-de-la-nature-scaled.jpg","contentUrl":"https:\/\/fermelarochette.ch\/wp-content\/uploads\/2024\/05\/atelier-fete-de-la-nature-scaled.jpg","width":1920,"height":2560},{"@type":"BreadcrumbList","@id":"https:\/\/fermelarochette.ch\/index.php\/2024\/05\/28\/une-bien-jolie-fete-de-la-nature\/#breadcrumb","itemListElement":[{"@type":"ListItem","position":1,"name":"Accueil","item":"https:\/\/fermelarochette.ch\/"},{"@type":"ListItem","position":2,"name":"Une bien jolie F\u00eate de la Nature"}]},{"@type":"WebSite","@id":"https:\/\/fermelarochette.ch\/#website","url":"https:\/\/fermelarochette.ch\/","name":"La Rochette","description":"Micro-ferme biologique","potentialAction":[{"@type":"SearchAction","target":{"@type":"EntryPoint","urlTemplate":"https:\/\/fermelarochette.ch\/?s={search_term_string}"},"query-input":{"@type":"PropertyValueSpecification","valueRequired":true,"valueName":"search_term_string"}}],"inLanguage":"fr-FR"},{"@type":"Person","@id":"https:\/\/fermelarochette.ch\/#\/schema\/person\/8b775b7362809e3390b8957cb4cbe9b7","name":"Claudine","image":{"@type":"ImageObject","inLanguage":"fr-FR","@id":"https:\/\/fermelarochette.ch\/#\/schema\/person\/image\/","url":"https:\/\/secure.gravatar.com\/avatar\/c0dbc1c85619dc3f9e194c4bf5d3dc2a869999ff80aac4f0369e52a5ffe5b600?s=96&d=mm&r=g","contentUrl":"https:\/\/secure.gravatar.com\/avatar\/c0dbc1c85619dc3f9e194c4bf5d3dc2a869999ff80aac4f0369e52a5ffe5b600?s=96&d=mm&r=g","caption":"Claudine"},"sameAs":["https:\/\/fermelarochette.ch"],"url":"https:\/\/fermelarochette.ch\/index.php\/author\/claudine\/"}]}},"jetpack_featured_media_url":"https:\/\/fermelarochette.ch\/wp-content\/uploads\/2024\/05\/atelier-fete-de-la-nature-scaled.jpg","jetpack_sharing_enabled":true,"_links":{"self":[{"href":"https:\/\/fermelarochette.ch\/index.php\/wp-json\/wp\/v2\/posts\/2090","targetHints":{"allow":["GET"]}}],"collection":[{"href":"https:\/\/fermelarochette.ch\/index.php\/wp-json\/wp\/v2\/posts"}],"about":[{"href":"https:\/\/fermelarochette.ch\/index.php\/wp-json\/wp\/v2\/types\/post"}],"author":[{"embeddable":true,"href":"https:\/\/fermelarochette.ch\/index.php\/wp-json\/wp\/v2\/users\/1"}],"replies":[{"embeddable":true,"href":"https:\/\/fermelarochette.ch\/index.php\/wp-json\/wp\/v2\/comments?post=2090"}],"version-history":[{"count":2,"href":"https:\/\/fermelarochette.ch\/index.php\/wp-json\/wp\/v2\/posts\/2090\/revisions"}],"predecessor-version":[{"id":2092,"href":"https:\/\/fermelarochette.ch\/index.php\/wp-json\/wp\/v2\/posts\/2090\/revisions\/2092"}],"wp:featuredmedia":[{"embeddable":true,"href":"https:\/\/fermelarochette.ch\/index.php\/wp-json\/wp\/v2\/media\/2088"}],"wp:attachment":[{"href":"https:\/\/fermelarochette.ch\/index.php\/wp-json\/wp\/v2\/media?parent=2090"}],"wp:term":[{"taxonomy":"category","embeddable":true,"href":"https:\/\/fermelarochette.ch\/index.php\/wp-json\/wp\/v2\/categories?post=2090"},{"taxonomy":"post_tag","embeddable":true,"href":"https:\/\/fermelarochette.ch\/index.php\/wp-json\/wp\/v2\/tags?post=2090"}],"curies":[{"name":"wp","href":"https:\/\/api.w.org\/{rel}","templated":true}]}}