{"id":2063,"date":"2024-05-06T13:44:00","date_gmt":"2024-05-06T12:44:00","guid":{"rendered":"https:\/\/fermelarochette.ch\/?p=2063"},"modified":"2026-02-16T11:46:11","modified_gmt":"2026-02-16T10:46:11","slug":"succes-pour-le-premier-marche-aux-plantons","status":"publish","type":"post","link":"https:\/\/fermelarochette.ch\/index.php\/2024\/05\/06\/succes-pour-le-premier-marche-aux-plantons\/","title":{"rendered":"Succ\u00e8s pour le premier March\u00e9 aux plantons !"},"content":{"rendered":"\n<p>Les 4 et 5 mai 2024 avait lieu le premier <strong>March\u00e9 de printemps<\/strong> de la Commune de La Baroche. Le dimanche, La Rochette organisait un <strong>march\u00e9 et troc aux plantons <\/strong>sur la place de \u00ab&nbsp;La Double-Aigle&nbsp;\u00bb : cette ancienne salle de restaurant a \u00e9t\u00e9 r\u00e9ouverte pour l\u2019occasion par l\u2019Association La Double-Aigle, qui proposait un repas mauricien concoct\u00e9 par Ragini et ses amis.<\/p>\n\n\n\n<p>Malgr\u00e9 une m\u00e9t\u00e9o incertaine, les habitants de la commune et des environs sont venus nombreux et nombreuses \u00e0 cet \u00e9v\u00e9nement. Le soutien de nos \u00ab\u00a0fans\u00a0\u00bb des d\u00e9buts nous a fait tr\u00e8s chaud au c\u0153ur. Nous avons \u00e9galement eu beaucoup de plaisir \u00e0 faire d\u00e9couvrir nos produits aux villageois qui ne nous connaissaient encore pas. Et surtout, nous nous sommes r\u00e9gal\u00e9s du d\u00e9licieux menu pr\u00e9par\u00e9 par Ragini ! <\/p>\n\n\n\n<p>Ce premier march\u00e9 a aussi \u00e9t\u00e9 un beau succ\u00e8s pour les autres artisans et producteurs de la commune venus y tenir un stand. Le Groupe des jeunes, qui proposait des grillades, a tout vendu ! Le Cercle scolaire tenait quant \u00e0 lui un stand de soutien \u00e0 l&rsquo;ONG Espoir et Avenir.<\/p>\n\n\n\n<p>Le march\u00e9 a \u00e9t\u00e9 organis\u00e9 par un petit groupe de barotchais qui, soutenu par la Commune, souhaitait organiser une occasion pour tous de se retrouver et faire vivre le village. Sans aucun doute, apr\u00e8s un si beau premier essai, nous sommes motiv\u00e9-es \u00e0 renouveler l&rsquo;\u00e9v\u00e9nement au printemps prochain \ud83d\ude42 <\/p>\n\n\n\n<div style=\"height:40px\" aria-hidden=\"true\" class=\"wp-block-spacer\"><\/div>\n\n\n\n<figure class=\"wp-block-gallery has-nested-images columns-default is-cropped wp-block-gallery-1 is-layout-flex wp-block-gallery-is-layout-flex\">\n<figure class=\"wp-block-image size-large\"><img decoding=\"async\" width=\"480\" height=\"640\" data-id=\"2056\" data-src=\"https:\/\/fermelarochette.ch\/wp-content\/uploads\/2024\/05\/Agathe_1.jpg\" alt=\"\" class=\"wp-image-2056 lazyload\" data-srcset=\"https:\/\/fermelarochette.ch\/wp-content\/uploads\/2024\/05\/Agathe_1.jpg 480w, https:\/\/fermelarochette.ch\/wp-content\/uploads\/2024\/05\/Agathe_1-225x300.jpg 225w\" data-sizes=\"(max-width: 480px) 100vw, 480px\" src=\"data:image\/svg+xml;base64,PHN2ZyB3aWR0aD0iMSIgaGVpZ2h0PSIxIiB4bWxucz0iaHR0cDovL3d3dy53My5vcmcvMjAwMC9zdmciPjwvc3ZnPg==\" style=\"--smush-placeholder-width: 480px; --smush-placeholder-aspect-ratio: 480\/640;\" \/><\/figure>\n\n\n\n<figure class=\"wp-block-image size-large\"><img decoding=\"async\" width=\"480\" height=\"640\" data-id=\"2057\" data-src=\"https:\/\/fermelarochette.ch\/wp-content\/uploads\/2024\/05\/Agathe_4.jpg\" alt=\"\" class=\"wp-image-2057 lazyload\" data-srcset=\"https:\/\/fermelarochette.ch\/wp-content\/uploads\/2024\/05\/Agathe_4.jpg 480w, https:\/\/fermelarochette.ch\/wp-content\/uploads\/2024\/05\/Agathe_4-225x300.jpg 225w\" data-sizes=\"(max-width: 480px) 100vw, 480px\" src=\"data:image\/svg+xml;base64,PHN2ZyB3aWR0aD0iMSIgaGVpZ2h0PSIxIiB4bWxucz0iaHR0cDovL3d3dy53My5vcmcvMjAwMC9zdmciPjwvc3ZnPg==\" style=\"--smush-placeholder-width: 480px; --smush-placeholder-aspect-ratio: 480\/640;\" \/><\/figure>\n\n\n\n<figure class=\"wp-block-image size-large\"><img decoding=\"async\" width=\"640\" height=\"480\" data-id=\"2058\" data-src=\"https:\/\/fermelarochette.ch\/wp-content\/uploads\/2024\/05\/Agathe_6.jpg\" alt=\"\" class=\"wp-image-2058 lazyload\" data-srcset=\"https:\/\/fermelarochette.ch\/wp-content\/uploads\/2024\/05\/Agathe_6.jpg 640w, https:\/\/fermelarochette.ch\/wp-content\/uploads\/2024\/05\/Agathe_6-600x450.jpg 600w, https:\/\/fermelarochette.ch\/wp-content\/uploads\/2024\/05\/Agathe_6-300x225.jpg 300w, https:\/\/fermelarochette.ch\/wp-content\/uploads\/2024\/05\/Agathe_6-400x300.jpg 400w\" data-sizes=\"(max-width: 640px) 100vw, 640px\" src=\"data:image\/svg+xml;base64,PHN2ZyB3aWR0aD0iMSIgaGVpZ2h0PSIxIiB4bWxucz0iaHR0cDovL3d3dy53My5vcmcvMjAwMC9zdmciPjwvc3ZnPg==\" style=\"--smush-placeholder-width: 640px; --smush-placeholder-aspect-ratio: 640\/480;\" \/><\/figure>\n\n\n\n<figure class=\"wp-block-image size-large\"><img decoding=\"async\" width=\"1024\" height=\"1024\" data-id=\"2061\" data-src=\"https:\/\/fermelarochette.ch\/wp-content\/uploads\/2024\/05\/Ragini_4-1024x1024.jpg\" alt=\"\" class=\"wp-image-2061 lazyload\" data-srcset=\"https:\/\/fermelarochette.ch\/wp-content\/uploads\/2024\/05\/Ragini_4-1024x1024.jpg 1024w, https:\/\/fermelarochette.ch\/wp-content\/uploads\/2024\/05\/Ragini_4-800x800.jpg 800w, https:\/\/fermelarochette.ch\/wp-content\/uploads\/2024\/05\/Ragini_4-100x100.jpg 100w, https:\/\/fermelarochette.ch\/wp-content\/uploads\/2024\/05\/Ragini_4-600x600.jpg 600w, https:\/\/fermelarochette.ch\/wp-content\/uploads\/2024\/05\/Ragini_4-300x300.jpg 300w, https:\/\/fermelarochette.ch\/wp-content\/uploads\/2024\/05\/Ragini_4-150x150.jpg 150w, https:\/\/fermelarochette.ch\/wp-content\/uploads\/2024\/05\/Ragini_4-768x768.jpg 768w, https:\/\/fermelarochette.ch\/wp-content\/uploads\/2024\/05\/Ragini_4.jpg 1528w\" data-sizes=\"(max-width: 1024px) 100vw, 1024px\" src=\"data:image\/svg+xml;base64,PHN2ZyB3aWR0aD0iMSIgaGVpZ2h0PSIxIiB4bWxucz0iaHR0cDovL3d3dy53My5vcmcvMjAwMC9zdmciPjwvc3ZnPg==\" style=\"--smush-placeholder-width: 1024px; --smush-placeholder-aspect-ratio: 1024\/1024;\" \/><\/figure>\n\n\n\n<figure class=\"wp-block-image size-large\"><img decoding=\"async\" width=\"1024\" height=\"1024\" data-id=\"2060\" data-src=\"https:\/\/fermelarochette.ch\/wp-content\/uploads\/2024\/05\/Ragini_1-1024x1024.jpg\" alt=\"\" class=\"wp-image-2060 lazyload\" data-srcset=\"https:\/\/fermelarochette.ch\/wp-content\/uploads\/2024\/05\/Ragini_1-1024x1024.jpg 1024w, https:\/\/fermelarochette.ch\/wp-content\/uploads\/2024\/05\/Ragini_1-800x800.jpg 800w, https:\/\/fermelarochette.ch\/wp-content\/uploads\/2024\/05\/Ragini_1-100x100.jpg 100w, https:\/\/fermelarochette.ch\/wp-content\/uploads\/2024\/05\/Ragini_1-600x600.jpg 600w, https:\/\/fermelarochette.ch\/wp-content\/uploads\/2024\/05\/Ragini_1-300x300.jpg 300w, https:\/\/fermelarochette.ch\/wp-content\/uploads\/2024\/05\/Ragini_1-150x150.jpg 150w, https:\/\/fermelarochette.ch\/wp-content\/uploads\/2024\/05\/Ragini_1-768x768.jpg 768w, https:\/\/fermelarochette.ch\/wp-content\/uploads\/2024\/05\/Ragini_1.jpg 1528w\" data-sizes=\"(max-width: 1024px) 100vw, 1024px\" src=\"data:image\/svg+xml;base64,PHN2ZyB3aWR0aD0iMSIgaGVpZ2h0PSIxIiB4bWxucz0iaHR0cDovL3d3dy53My5vcmcvMjAwMC9zdmciPjwvc3ZnPg==\" style=\"--smush-placeholder-width: 1024px; --smush-placeholder-aspect-ratio: 1024\/1024;\" \/><\/figure>\n\n\n\n<figure class=\"wp-block-image size-large\"><img decoding=\"async\" width=\"1024\" height=\"1024\" data-id=\"2062\" data-src=\"https:\/\/fermelarochette.ch\/wp-content\/uploads\/2024\/05\/Ragini_3-1024x1024.jpg\" alt=\"\" class=\"wp-image-2062 lazyload\" data-srcset=\"https:\/\/fermelarochette.ch\/wp-content\/uploads\/2024\/05\/Ragini_3-1024x1024.jpg 1024w, https:\/\/fermelarochette.ch\/wp-content\/uploads\/2024\/05\/Ragini_3-800x800.jpg 800w, https:\/\/fermelarochette.ch\/wp-content\/uploads\/2024\/05\/Ragini_3-100x100.jpg 100w, https:\/\/fermelarochette.ch\/wp-content\/uploads\/2024\/05\/Ragini_3-600x600.jpg 600w, https:\/\/fermelarochette.ch\/wp-content\/uploads\/2024\/05\/Ragini_3-300x300.jpg 300w, https:\/\/fermelarochette.ch\/wp-content\/uploads\/2024\/05\/Ragini_3-150x150.jpg 150w, https:\/\/fermelarochette.ch\/wp-content\/uploads\/2024\/05\/Ragini_3-768x768.jpg 768w, https:\/\/fermelarochette.ch\/wp-content\/uploads\/2024\/05\/Ragini_3.jpg 1528w\" data-sizes=\"(max-width: 1024px) 100vw, 1024px\" src=\"data:image\/svg+xml;base64,PHN2ZyB3aWR0aD0iMSIgaGVpZ2h0PSIxIiB4bWxucz0iaHR0cDovL3d3dy53My5vcmcvMjAwMC9zdmciPjwvc3ZnPg==\" style=\"--smush-placeholder-width: 1024px; --smush-placeholder-aspect-ratio: 1024\/1024;\" \/><\/figure>\n\n\n\n<figure class=\"wp-block-image size-large\"><img decoding=\"async\" width=\"1024\" height=\"628\" data-id=\"2059\" data-src=\"https:\/\/fermelarochette.ch\/wp-content\/uploads\/2024\/05\/Madeleine-Gerber_1-e1714998084434-1024x628.jpg\" alt=\"\" class=\"wp-image-2059 lazyload\" data-srcset=\"https:\/\/fermelarochette.ch\/wp-content\/uploads\/2024\/05\/Madeleine-Gerber_1-e1714998084434-1024x628.jpg 1024w, https:\/\/fermelarochette.ch\/wp-content\/uploads\/2024\/05\/Madeleine-Gerber_1-e1714998084434-600x368.jpg 600w, https:\/\/fermelarochette.ch\/wp-content\/uploads\/2024\/05\/Madeleine-Gerber_1-e1714998084434-300x184.jpg 300w, https:\/\/fermelarochette.ch\/wp-content\/uploads\/2024\/05\/Madeleine-Gerber_1-e1714998084434-768x471.jpg 768w, https:\/\/fermelarochette.ch\/wp-content\/uploads\/2024\/05\/Madeleine-Gerber_1-e1714998084434-1536x942.jpg 1536w, https:\/\/fermelarochette.ch\/wp-content\/uploads\/2024\/05\/Madeleine-Gerber_1-e1714998084434-489x300.jpg 489w, https:\/\/fermelarochette.ch\/wp-content\/uploads\/2024\/05\/Madeleine-Gerber_1-e1714998084434.jpg 1600w\" data-sizes=\"(max-width: 1024px) 100vw, 1024px\" src=\"data:image\/svg+xml;base64,PHN2ZyB3aWR0aD0iMSIgaGVpZ2h0PSIxIiB4bWxucz0iaHR0cDovL3d3dy53My5vcmcvMjAwMC9zdmciPjwvc3ZnPg==\" style=\"--smush-placeholder-width: 1024px; --smush-placeholder-aspect-ratio: 1024\/628;\" \/><figcaption class=\"wp-element-caption\">Ragini, Claudine, Agathe et St\u00e9phane<\/figcaption><\/figure>\n<\/figure>\n","protected":false},"excerpt":{"rendered":"<p>Les 4 et 5 mai 2024 avait lieu le premier March\u00e9 de printemps de la Commune de La Baroche. Le dimanche, La Rochette organisait un &hellip;<\/p>\n","protected":false},"author":1,"featured_media":2059,"comment_status":"closed","ping_status":"closed","sticky":false,"template":"","format":"standard","meta":{"_price":"","_stock":"","_tribe_ticket_header":"","_tribe_default_ticket_provider":"","_ticket_start_date":"","_ticket_end_date":"","_tribe_ticket_show_description":"","_tribe_ticket_show_not_going":false,"_tribe_ticket_use_global_stock":"","_tribe_ticket_global_stock_level":"","_global_stock_mode":"","_global_stock_cap":"","_tribe_rsvp_for_event":"","_tribe_ticket_going_count":"","_tribe_ticket_not_going_count":"","_tribe_tickets_list":"[]","_tribe_ticket_has_attendee_info_fields":false,"_jetpack_memberships_contains_paid_content":false,"footnotes":""},"categories":[7],"tags":[],"class_list":["post-2063","post","type-post","status-publish","format-standard","has-post-thumbnail","hentry","category-evenements"],"yoast_head":"<!-- This site is optimized with the Yoast SEO plugin v26.9 - https:\/\/yoast.com\/product\/yoast-seo-wordpress\/ -->\n<title>Succ\u00e8s pour le premier March\u00e9 aux plantons ! - La Rochette<\/title>\n<meta name=\"robots\" content=\"index, follow, max-snippet:-1, max-image-preview:large, max-video-preview:-1\" \/>\n<link rel=\"canonical\" href=\"https:\/\/fermelarochette.ch\/index.php\/2024\/05\/06\/succes-pour-le-premier-marche-aux-plantons\/\" \/>\n<meta property=\"og:locale\" content=\"fr_FR\" \/>\n<meta property=\"og:type\" content=\"article\" \/>\n<meta property=\"og:title\" content=\"Succ\u00e8s pour le premier March\u00e9 aux plantons ! - La Rochette\" \/>\n<meta property=\"og:description\" content=\"Les 4 et 5 mai 2024 avait lieu le premier March\u00e9 de printemps de la Commune de La Baroche. Le dimanche, La Rochette organisait un &hellip;\" \/>\n<meta property=\"og:url\" content=\"https:\/\/fermelarochette.ch\/index.php\/2024\/05\/06\/succes-pour-le-premier-marche-aux-plantons\/\" \/>\n<meta property=\"og:site_name\" content=\"La Rochette\" \/>\n<meta property=\"article:published_time\" content=\"2024-05-06T12:44:00+00:00\" \/>\n<meta property=\"article:modified_time\" content=\"2026-02-16T10:46:11+00:00\" \/>\n<meta property=\"og:image\" content=\"https:\/\/fermelarochette.ch\/wp-content\/uploads\/2024\/05\/Madeleine-Gerber_1-e1714998084434.jpg\" \/>\n\t<meta property=\"og:image:width\" content=\"1600\" \/>\n\t<meta property=\"og:image:height\" content=\"981\" \/>\n\t<meta property=\"og:image:type\" content=\"image\/jpeg\" \/>\n<meta name=\"author\" content=\"Claudine\" \/>\n<meta name=\"twitter:card\" content=\"summary_large_image\" \/>\n<meta name=\"twitter:label1\" content=\"\u00c9crit par\" \/>\n\t<meta name=\"twitter:data1\" content=\"Claudine\" \/>\n\t<meta name=\"twitter:label2\" content=\"Dur\u00e9e de lecture estim\u00e9e\" \/>\n\t<meta name=\"twitter:data2\" content=\"1 minute\" \/>\n<script type=\"application\/ld+json\" class=\"yoast-schema-graph\">{\"@context\":\"https:\/\/schema.org\",\"@graph\":[{\"@type\":\"Article\",\"@id\":\"https:\/\/fermelarochette.ch\/index.php\/2024\/05\/06\/succes-pour-le-premier-marche-aux-plantons\/#article\",\"isPartOf\":{\"@id\":\"https:\/\/fermelarochette.ch\/index.php\/2024\/05\/06\/succes-pour-le-premier-marche-aux-plantons\/\"},\"author\":{\"name\":\"Claudine\",\"@id\":\"https:\/\/fermelarochette.ch\/#\/schema\/person\/8b775b7362809e3390b8957cb4cbe9b7\"},\"headline\":\"Succ\u00e8s pour le premier March\u00e9 aux plantons !\",\"datePublished\":\"2024-05-06T12:44:00+00:00\",\"dateModified\":\"2026-02-16T10:46:11+00:00\",\"mainEntityOfPage\":{\"@id\":\"https:\/\/fermelarochette.ch\/index.php\/2024\/05\/06\/succes-pour-le-premier-marche-aux-plantons\/\"},\"wordCount\":252,\"image\":{\"@id\":\"https:\/\/fermelarochette.ch\/index.php\/2024\/05\/06\/succes-pour-le-premier-marche-aux-plantons\/#primaryimage\"},\"thumbnailUrl\":\"https:\/\/fermelarochette.ch\/wp-content\/uploads\/2024\/05\/Madeleine-Gerber_1-e1714998084434.jpg\",\"articleSection\":[\"Ev\u00e9nements\"],\"inLanguage\":\"fr-FR\"},{\"@type\":\"WebPage\",\"@id\":\"https:\/\/fermelarochette.ch\/index.php\/2024\/05\/06\/succes-pour-le-premier-marche-aux-plantons\/\",\"url\":\"https:\/\/fermelarochette.ch\/index.php\/2024\/05\/06\/succes-pour-le-premier-marche-aux-plantons\/\",\"name\":\"Succ\u00e8s pour le premier March\u00e9 aux plantons ! - La Rochette\",\"isPartOf\":{\"@id\":\"https:\/\/fermelarochette.ch\/#website\"},\"primaryImageOfPage\":{\"@id\":\"https:\/\/fermelarochette.ch\/index.php\/2024\/05\/06\/succes-pour-le-premier-marche-aux-plantons\/#primaryimage\"},\"image\":{\"@id\":\"https:\/\/fermelarochette.ch\/index.php\/2024\/05\/06\/succes-pour-le-premier-marche-aux-plantons\/#primaryimage\"},\"thumbnailUrl\":\"https:\/\/fermelarochette.ch\/wp-content\/uploads\/2024\/05\/Madeleine-Gerber_1-e1714998084434.jpg\",\"datePublished\":\"2024-05-06T12:44:00+00:00\",\"dateModified\":\"2026-02-16T10:46:11+00:00\",\"author\":{\"@id\":\"https:\/\/fermelarochette.ch\/#\/schema\/person\/8b775b7362809e3390b8957cb4cbe9b7\"},\"breadcrumb\":{\"@id\":\"https:\/\/fermelarochette.ch\/index.php\/2024\/05\/06\/succes-pour-le-premier-marche-aux-plantons\/#breadcrumb\"},\"inLanguage\":\"fr-FR\",\"potentialAction\":[{\"@type\":\"ReadAction\",\"target\":[\"https:\/\/fermelarochette.ch\/index.php\/2024\/05\/06\/succes-pour-le-premier-marche-aux-plantons\/\"]}]},{\"@type\":\"ImageObject\",\"inLanguage\":\"fr-FR\",\"@id\":\"https:\/\/fermelarochette.ch\/index.php\/2024\/05\/06\/succes-pour-le-premier-marche-aux-plantons\/#primaryimage\",\"url\":\"https:\/\/fermelarochette.ch\/wp-content\/uploads\/2024\/05\/Madeleine-Gerber_1-e1714998084434.jpg\",\"contentUrl\":\"https:\/\/fermelarochette.ch\/wp-content\/uploads\/2024\/05\/Madeleine-Gerber_1-e1714998084434.jpg\",\"width\":1600,\"height\":981,\"caption\":\"Ragini, Claudine, Agathe et St\u00e9phane\"},{\"@type\":\"BreadcrumbList\",\"@id\":\"https:\/\/fermelarochette.ch\/index.php\/2024\/05\/06\/succes-pour-le-premier-marche-aux-plantons\/#breadcrumb\",\"itemListElement\":[{\"@type\":\"ListItem\",\"position\":1,\"name\":\"Accueil\",\"item\":\"https:\/\/fermelarochette.ch\/\"},{\"@type\":\"ListItem\",\"position\":2,\"name\":\"Succ\u00e8s pour le premier March\u00e9 aux plantons !\"}]},{\"@type\":\"WebSite\",\"@id\":\"https:\/\/fermelarochette.ch\/#website\",\"url\":\"https:\/\/fermelarochette.ch\/\",\"name\":\"La Rochette\",\"description\":\"Micro-ferme biologique\",\"potentialAction\":[{\"@type\":\"SearchAction\",\"target\":{\"@type\":\"EntryPoint\",\"urlTemplate\":\"https:\/\/fermelarochette.ch\/?s={search_term_string}\"},\"query-input\":{\"@type\":\"PropertyValueSpecification\",\"valueRequired\":true,\"valueName\":\"search_term_string\"}}],\"inLanguage\":\"fr-FR\"},{\"@type\":\"Person\",\"@id\":\"https:\/\/fermelarochette.ch\/#\/schema\/person\/8b775b7362809e3390b8957cb4cbe9b7\",\"name\":\"Claudine\",\"image\":{\"@type\":\"ImageObject\",\"inLanguage\":\"fr-FR\",\"@id\":\"https:\/\/fermelarochette.ch\/#\/schema\/person\/image\/\",\"url\":\"https:\/\/secure.gravatar.com\/avatar\/c0dbc1c85619dc3f9e194c4bf5d3dc2a869999ff80aac4f0369e52a5ffe5b600?s=96&d=mm&r=g\",\"contentUrl\":\"https:\/\/secure.gravatar.com\/avatar\/c0dbc1c85619dc3f9e194c4bf5d3dc2a869999ff80aac4f0369e52a5ffe5b600?s=96&d=mm&r=g\",\"caption\":\"Claudine\"},\"sameAs\":[\"https:\/\/fermelarochette.ch\"],\"url\":\"https:\/\/fermelarochette.ch\/index.php\/author\/claudine\/\"}]}<\/script>\n<!-- \/ Yoast SEO plugin. -->","yoast_head_json":{"title":"Succ\u00e8s pour le premier March\u00e9 aux plantons ! - La Rochette","robots":{"index":"index","follow":"follow","max-snippet":"max-snippet:-1","max-image-preview":"max-image-preview:large","max-video-preview":"max-video-preview:-1"},"canonical":"https:\/\/fermelarochette.ch\/index.php\/2024\/05\/06\/succes-pour-le-premier-marche-aux-plantons\/","og_locale":"fr_FR","og_type":"article","og_title":"Succ\u00e8s pour le premier March\u00e9 aux plantons ! - La Rochette","og_description":"Les 4 et 5 mai 2024 avait lieu le premier March\u00e9 de printemps de la Commune de La Baroche. Le dimanche, La Rochette organisait un &hellip;","og_url":"https:\/\/fermelarochette.ch\/index.php\/2024\/05\/06\/succes-pour-le-premier-marche-aux-plantons\/","og_site_name":"La Rochette","article_published_time":"2024-05-06T12:44:00+00:00","article_modified_time":"2026-02-16T10:46:11+00:00","og_image":[{"width":1600,"height":981,"url":"https:\/\/fermelarochette.ch\/wp-content\/uploads\/2024\/05\/Madeleine-Gerber_1-e1714998084434.jpg","type":"image\/jpeg"}],"author":"Claudine","twitter_card":"summary_large_image","twitter_misc":{"\u00c9crit par":"Claudine","Dur\u00e9e de lecture estim\u00e9e":"1 minute"},"schema":{"@context":"https:\/\/schema.org","@graph":[{"@type":"Article","@id":"https:\/\/fermelarochette.ch\/index.php\/2024\/05\/06\/succes-pour-le-premier-marche-aux-plantons\/#article","isPartOf":{"@id":"https:\/\/fermelarochette.ch\/index.php\/2024\/05\/06\/succes-pour-le-premier-marche-aux-plantons\/"},"author":{"name":"Claudine","@id":"https:\/\/fermelarochette.ch\/#\/schema\/person\/8b775b7362809e3390b8957cb4cbe9b7"},"headline":"Succ\u00e8s pour le premier March\u00e9 aux plantons !","datePublished":"2024-05-06T12:44:00+00:00","dateModified":"2026-02-16T10:46:11+00:00","mainEntityOfPage":{"@id":"https:\/\/fermelarochette.ch\/index.php\/2024\/05\/06\/succes-pour-le-premier-marche-aux-plantons\/"},"wordCount":252,"image":{"@id":"https:\/\/fermelarochette.ch\/index.php\/2024\/05\/06\/succes-pour-le-premier-marche-aux-plantons\/#primaryimage"},"thumbnailUrl":"https:\/\/fermelarochette.ch\/wp-content\/uploads\/2024\/05\/Madeleine-Gerber_1-e1714998084434.jpg","articleSection":["Ev\u00e9nements"],"inLanguage":"fr-FR"},{"@type":"WebPage","@id":"https:\/\/fermelarochette.ch\/index.php\/2024\/05\/06\/succes-pour-le-premier-marche-aux-plantons\/","url":"https:\/\/fermelarochette.ch\/index.php\/2024\/05\/06\/succes-pour-le-premier-marche-aux-plantons\/","name":"Succ\u00e8s pour le premier March\u00e9 aux plantons ! - La Rochette","isPartOf":{"@id":"https:\/\/fermelarochette.ch\/#website"},"primaryImageOfPage":{"@id":"https:\/\/fermelarochette.ch\/index.php\/2024\/05\/06\/succes-pour-le-premier-marche-aux-plantons\/#primaryimage"},"image":{"@id":"https:\/\/fermelarochette.ch\/index.php\/2024\/05\/06\/succes-pour-le-premier-marche-aux-plantons\/#primaryimage"},"thumbnailUrl":"https:\/\/fermelarochette.ch\/wp-content\/uploads\/2024\/05\/Madeleine-Gerber_1-e1714998084434.jpg","datePublished":"2024-05-06T12:44:00+00:00","dateModified":"2026-02-16T10:46:11+00:00","author":{"@id":"https:\/\/fermelarochette.ch\/#\/schema\/person\/8b775b7362809e3390b8957cb4cbe9b7"},"breadcrumb":{"@id":"https:\/\/fermelarochette.ch\/index.php\/2024\/05\/06\/succes-pour-le-premier-marche-aux-plantons\/#breadcrumb"},"inLanguage":"fr-FR","potentialAction":[{"@type":"ReadAction","target":["https:\/\/fermelarochette.ch\/index.php\/2024\/05\/06\/succes-pour-le-premier-marche-aux-plantons\/"]}]},{"@type":"ImageObject","inLanguage":"fr-FR","@id":"https:\/\/fermelarochette.ch\/index.php\/2024\/05\/06\/succes-pour-le-premier-marche-aux-plantons\/#primaryimage","url":"https:\/\/fermelarochette.ch\/wp-content\/uploads\/2024\/05\/Madeleine-Gerber_1-e1714998084434.jpg","contentUrl":"https:\/\/fermelarochette.ch\/wp-content\/uploads\/2024\/05\/Madeleine-Gerber_1-e1714998084434.jpg","width":1600,"height":981,"caption":"Ragini, Claudine, Agathe et St\u00e9phane"},{"@type":"BreadcrumbList","@id":"https:\/\/fermelarochette.ch\/index.php\/2024\/05\/06\/succes-pour-le-premier-marche-aux-plantons\/#breadcrumb","itemListElement":[{"@type":"ListItem","position":1,"name":"Accueil","item":"https:\/\/fermelarochette.ch\/"},{"@type":"ListItem","position":2,"name":"Succ\u00e8s pour le premier March\u00e9 aux plantons !"}]},{"@type":"WebSite","@id":"https:\/\/fermelarochette.ch\/#website","url":"https:\/\/fermelarochette.ch\/","name":"La Rochette","description":"Micro-ferme biologique","potentialAction":[{"@type":"SearchAction","target":{"@type":"EntryPoint","urlTemplate":"https:\/\/fermelarochette.ch\/?s={search_term_string}"},"query-input":{"@type":"PropertyValueSpecification","valueRequired":true,"valueName":"search_term_string"}}],"inLanguage":"fr-FR"},{"@type":"Person","@id":"https:\/\/fermelarochette.ch\/#\/schema\/person\/8b775b7362809e3390b8957cb4cbe9b7","name":"Claudine","image":{"@type":"ImageObject","inLanguage":"fr-FR","@id":"https:\/\/fermelarochette.ch\/#\/schema\/person\/image\/","url":"https:\/\/secure.gravatar.com\/avatar\/c0dbc1c85619dc3f9e194c4bf5d3dc2a869999ff80aac4f0369e52a5ffe5b600?s=96&d=mm&r=g","contentUrl":"https:\/\/secure.gravatar.com\/avatar\/c0dbc1c85619dc3f9e194c4bf5d3dc2a869999ff80aac4f0369e52a5ffe5b600?s=96&d=mm&r=g","caption":"Claudine"},"sameAs":["https:\/\/fermelarochette.ch"],"url":"https:\/\/fermelarochette.ch\/index.php\/author\/claudine\/"}]}},"jetpack_featured_media_url":"https:\/\/fermelarochette.ch\/wp-content\/uploads\/2024\/05\/Madeleine-Gerber_1-e1714998084434.jpg","jetpack_sharing_enabled":true,"_links":{"self":[{"href":"https:\/\/fermelarochette.ch\/index.php\/wp-json\/wp\/v2\/posts\/2063","targetHints":{"allow":["GET"]}}],"collection":[{"href":"https:\/\/fermelarochette.ch\/index.php\/wp-json\/wp\/v2\/posts"}],"about":[{"href":"https:\/\/fermelarochette.ch\/index.php\/wp-json\/wp\/v2\/types\/post"}],"author":[{"embeddable":true,"href":"https:\/\/fermelarochette.ch\/index.php\/wp-json\/wp\/v2\/users\/1"}],"replies":[{"embeddable":true,"href":"https:\/\/fermelarochette.ch\/index.php\/wp-json\/wp\/v2\/comments?post=2063"}],"version-history":[{"count":5,"href":"https:\/\/fermelarochette.ch\/index.php\/wp-json\/wp\/v2\/posts\/2063\/revisions"}],"predecessor-version":[{"id":2087,"href":"https:\/\/fermelarochette.ch\/index.php\/wp-json\/wp\/v2\/posts\/2063\/revisions\/2087"}],"wp:featuredmedia":[{"embeddable":true,"href":"https:\/\/fermelarochette.ch\/index.php\/wp-json\/wp\/v2\/media\/2059"}],"wp:attachment":[{"href":"https:\/\/fermelarochette.ch\/index.php\/wp-json\/wp\/v2\/media?parent=2063"}],"wp:term":[{"taxonomy":"category","embeddable":true,"href":"https:\/\/fermelarochette.ch\/index.php\/wp-json\/wp\/v2\/categories?post=2063"},{"taxonomy":"post_tag","embeddable":true,"href":"https:\/\/fermelarochette.ch\/index.php\/wp-json\/wp\/v2\/tags?post=2063"}],"curies":[{"name":"wp","href":"https:\/\/api.w.org\/{rel}","templated":true}]}}