{"id":2046,"date":"2024-05-06T13:05:04","date_gmt":"2024-05-06T12:05:04","guid":{"rendered":"https:\/\/fermelarochette.ch\/?p=2046"},"modified":"2025-03-21T01:10:11","modified_gmt":"2025-03-21T00:10:11","slug":"nouvelle-zone-pour-les-aromatiques","status":"publish","type":"post","link":"https:\/\/fermelarochette.ch\/index.php\/2024\/05\/06\/nouvelle-zone-pour-les-aromatiques\/","title":{"rendered":"Nouvelle zone pour les aromatiques"},"content":{"rendered":"\n<p>Saviez-vous que les aromatiques, m\u00eame vivaces, ont besoin d&rsquo;\u00eatre renouvel\u00e9es r\u00e9guli\u00e8rement ? C&rsquo;est le cas notamment des menthes et monardes, que nous cultivons \u00e0 La Rochette pour la confection de biscuits, tisanes et sirops. <\/p>\n\n\n\n<p>Quand bien m\u00eame nos cultures actuelles sont encore bien en forme, ces plantes vivaces ont tendance \u00e0 s&rsquo;\u00e9tioler au fil des ans. Pour assurer une r\u00e9colte continue, le mieux est encore de les renouveler tous les 2 \u00e0 3 ans : ainsi, deux zones de culture sont n\u00e9cessaires pour assurer la rel\u00e8ve, qui ne sera pr\u00eate pour la r\u00e9colte qu&rsquo;un an apr\u00e8s la mise en place des jeunes plants. La zone \u00ab\u00a0menthes et monardes\u00a0\u00bb actuelle ayant \u00e9t\u00e9 install\u00e9e il y a maintenant 2 ans, il \u00e9tait temps de pr\u00e9voir le renouvellement ! <\/p>\n\n\n\n<p>Une nouvelle zone d&rsquo;aromatiques a donc \u00e9t\u00e9 install\u00e9e dans le bas du jardin. Sujet aux inondations, ce pan de terrain \u00e9tait le lieu id\u00e9al pour les menthes autant que les monardes qui, leurs racines \u00e9tant peu profondes, aiment les sols plut\u00f4t humides et ne voient pas d&rsquo;inconv\u00e9nients \u00e0 avoir les pieds dans l&rsquo;eau de temps en temps. Mais&#8230; quiconque a des menthes dans son jardin sait \u00e0 quel point elles se propagent ! Pour emp\u00eacher les racines d&rsquo;aller o\u00f9 l&rsquo;on ne veut pas et \u00e9viter d&rsquo;avoir un m\u00e9li-m\u00e9lo de vari\u00e9t\u00e9s de menthes, les plates-bandes qui leur sont consacr\u00e9es ont \u00e9t\u00e9 \u00ab\u00a0cloisonn\u00e9es\u00a0\u00bb avec des d\u00e9lignures r\u00e9cup\u00e9r\u00e9es \u00e0 la scierie du coin.<\/p>\n\n\n\n<p>Menthes marocaines, mandarines et poivr\u00e9es y ont d\u00e9j\u00e0 \u00e9t\u00e9 plant\u00e9es alors que les petites monardes didyma, trop jeunes encore, poussent patiemment dans la serre. Toutes sont issues de nos semences et boutures, r\u00e9colt\u00e9es \u00e0 l&rsquo;automne dernier. En somme, ce sont nos b\u00e9b\u00e9s autant que ceux du jardin \ud83d\ude42 <\/p>\n\n\n\n<div style=\"height:49px\" aria-hidden=\"true\" class=\"wp-block-spacer\"><\/div>\n\n\n\n<figure class=\"wp-block-gallery has-nested-images columns-default is-cropped wp-block-gallery-1 is-layout-flex wp-block-gallery-is-layout-flex\">\n<figure class=\"wp-block-image size-large\"><img decoding=\"async\" width=\"874\" height=\"1024\" data-id=\"2047\" data-src=\"https:\/\/fermelarochette.ch\/wp-content\/uploads\/2024\/05\/Menthe-marocaine-dans-la-nouvelle-zone-daromatiques-e1714995957563-874x1024.jpg\" alt=\"\" class=\"wp-image-2047 lazyload\" data-srcset=\"https:\/\/fermelarochette.ch\/wp-content\/uploads\/2024\/05\/Menthe-marocaine-dans-la-nouvelle-zone-daromatiques-e1714995957563-874x1024.jpg 874w, https:\/\/fermelarochette.ch\/wp-content\/uploads\/2024\/05\/Menthe-marocaine-dans-la-nouvelle-zone-daromatiques-e1714995957563-600x703.jpg 600w, https:\/\/fermelarochette.ch\/wp-content\/uploads\/2024\/05\/Menthe-marocaine-dans-la-nouvelle-zone-daromatiques-e1714995957563-256x300.jpg 256w, https:\/\/fermelarochette.ch\/wp-content\/uploads\/2024\/05\/Menthe-marocaine-dans-la-nouvelle-zone-daromatiques-e1714995957563-768x900.jpg 768w, https:\/\/fermelarochette.ch\/wp-content\/uploads\/2024\/05\/Menthe-marocaine-dans-la-nouvelle-zone-daromatiques-e1714995957563.jpg 1192w\" data-sizes=\"(max-width: 874px) 100vw, 874px\" src=\"data:image\/svg+xml;base64,PHN2ZyB3aWR0aD0iMSIgaGVpZ2h0PSIxIiB4bWxucz0iaHR0cDovL3d3dy53My5vcmcvMjAwMC9zdmciPjwvc3ZnPg==\" style=\"--smush-placeholder-width: 874px; --smush-placeholder-aspect-ratio: 874\/1024;\" \/><\/figure>\n\n\n\n<figure class=\"wp-block-image size-large\"><img decoding=\"async\" width=\"768\" height=\"1024\" data-id=\"2050\" data-src=\"https:\/\/fermelarochette.ch\/wp-content\/uploads\/2024\/05\/La-nouvelle-zone-daromatiques-768x1024.jpg\" alt=\"\" class=\"wp-image-2050 lazyload\" data-srcset=\"https:\/\/fermelarochette.ch\/wp-content\/uploads\/2024\/05\/La-nouvelle-zone-daromatiques-768x1024.jpg 768w, https:\/\/fermelarochette.ch\/wp-content\/uploads\/2024\/05\/La-nouvelle-zone-daromatiques-600x800.jpg 600w, https:\/\/fermelarochette.ch\/wp-content\/uploads\/2024\/05\/La-nouvelle-zone-daromatiques-225x300.jpg 225w, https:\/\/fermelarochette.ch\/wp-content\/uploads\/2024\/05\/La-nouvelle-zone-daromatiques-1152x1536.jpg 1152w, https:\/\/fermelarochette.ch\/wp-content\/uploads\/2024\/05\/La-nouvelle-zone-daromatiques.jpg 1200w\" data-sizes=\"(max-width: 768px) 100vw, 768px\" src=\"data:image\/svg+xml;base64,PHN2ZyB3aWR0aD0iMSIgaGVpZ2h0PSIxIiB4bWxucz0iaHR0cDovL3d3dy53My5vcmcvMjAwMC9zdmciPjwvc3ZnPg==\" style=\"--smush-placeholder-width: 768px; --smush-placeholder-aspect-ratio: 768\/1024;\" \/><\/figure>\n\n\n\n<figure class=\"wp-block-image size-large\"><img decoding=\"async\" width=\"768\" height=\"1024\" data-id=\"2049\" data-src=\"https:\/\/fermelarochette.ch\/wp-content\/uploads\/2024\/05\/La-nouvelle-zone-daromatiques_2-768x1024.jpg\" alt=\"\" class=\"wp-image-2049 lazyload\" data-srcset=\"https:\/\/fermelarochette.ch\/wp-content\/uploads\/2024\/05\/La-nouvelle-zone-daromatiques_2-768x1024.jpg 768w, https:\/\/fermelarochette.ch\/wp-content\/uploads\/2024\/05\/La-nouvelle-zone-daromatiques_2-600x800.jpg 600w, https:\/\/fermelarochette.ch\/wp-content\/uploads\/2024\/05\/La-nouvelle-zone-daromatiques_2-225x300.jpg 225w, https:\/\/fermelarochette.ch\/wp-content\/uploads\/2024\/05\/La-nouvelle-zone-daromatiques_2-1152x1536.jpg 1152w, https:\/\/fermelarochette.ch\/wp-content\/uploads\/2024\/05\/La-nouvelle-zone-daromatiques_2.jpg 1200w\" data-sizes=\"(max-width: 768px) 100vw, 768px\" src=\"data:image\/svg+xml;base64,PHN2ZyB3aWR0aD0iMSIgaGVpZ2h0PSIxIiB4bWxucz0iaHR0cDovL3d3dy53My5vcmcvMjAwMC9zdmciPjwvc3ZnPg==\" style=\"--smush-placeholder-width: 768px; --smush-placeholder-aspect-ratio: 768\/1024;\" \/><\/figure>\n<\/figure>\n","protected":false},"excerpt":{"rendered":"<p>Saviez-vous que les aromatiques, m\u00eame vivaces, ont besoin d&rsquo;\u00eatre renouvel\u00e9es r\u00e9guli\u00e8rement ? C&rsquo;est le cas notamment des menthes et monardes, que nous cultivons \u00e0 La &hellip;<\/p>\n","protected":false},"author":1,"featured_media":2050,"comment_status":"closed","ping_status":"closed","sticky":false,"template":"","format":"standard","meta":{"_price":"","_stock":"","_tribe_ticket_header":"","_tribe_default_ticket_provider":"","_ticket_start_date":"","_ticket_end_date":"","_tribe_ticket_show_description":"","_tribe_ticket_show_not_going":false,"_tribe_ticket_use_global_stock":"","_tribe_ticket_global_stock_level":"","_global_stock_mode":"","_global_stock_cap":"","_tribe_rsvp_for_event":"","_tribe_ticket_going_count":"","_tribe_ticket_not_going_count":"","_tribe_tickets_list":"[]","_tribe_ticket_has_attendee_info_fields":false,"_jetpack_memberships_contains_paid_content":false,"footnotes":""},"categories":[22],"tags":[],"class_list":["post-2046","post","type-post","status-publish","format-standard","has-post-thumbnail","hentry","category-installation"],"yoast_head":"<!-- This site is optimized with the Yoast SEO plugin v26.9 - https:\/\/yoast.com\/product\/yoast-seo-wordpress\/ -->\n<title>Nouvelle zone pour les aromatiques - La Rochette<\/title>\n<meta name=\"robots\" content=\"index, follow, max-snippet:-1, max-image-preview:large, max-video-preview:-1\" \/>\n<link rel=\"canonical\" href=\"https:\/\/fermelarochette.ch\/index.php\/2024\/05\/06\/nouvelle-zone-pour-les-aromatiques\/\" \/>\n<meta property=\"og:locale\" content=\"fr_FR\" \/>\n<meta property=\"og:type\" content=\"article\" \/>\n<meta property=\"og:title\" content=\"Nouvelle zone pour les aromatiques - La Rochette\" \/>\n<meta property=\"og:description\" content=\"Saviez-vous que les aromatiques, m\u00eame vivaces, ont besoin d&rsquo;\u00eatre renouvel\u00e9es r\u00e9guli\u00e8rement ? C&rsquo;est le cas notamment des menthes et monardes, que nous cultivons \u00e0 La &hellip;\" \/>\n<meta property=\"og:url\" content=\"https:\/\/fermelarochette.ch\/index.php\/2024\/05\/06\/nouvelle-zone-pour-les-aromatiques\/\" \/>\n<meta property=\"og:site_name\" content=\"La Rochette\" \/>\n<meta property=\"article:published_time\" content=\"2024-05-06T12:05:04+00:00\" \/>\n<meta property=\"article:modified_time\" content=\"2025-03-21T00:10:11+00:00\" \/>\n<meta property=\"og:image\" content=\"https:\/\/fermelarochette.ch\/wp-content\/uploads\/2024\/05\/La-nouvelle-zone-daromatiques.jpg\" \/>\n\t<meta property=\"og:image:width\" content=\"1200\" \/>\n\t<meta property=\"og:image:height\" content=\"1600\" \/>\n\t<meta property=\"og:image:type\" content=\"image\/jpeg\" \/>\n<meta name=\"author\" content=\"Claudine\" \/>\n<meta name=\"twitter:card\" content=\"summary_large_image\" \/>\n<meta name=\"twitter:label1\" content=\"\u00c9crit par\" \/>\n\t<meta name=\"twitter:data1\" content=\"Claudine\" \/>\n\t<meta name=\"twitter:label2\" content=\"Dur\u00e9e de lecture estim\u00e9e\" \/>\n\t<meta name=\"twitter:data2\" content=\"2 minutes\" \/>\n<script type=\"application\/ld+json\" class=\"yoast-schema-graph\">{\"@context\":\"https:\/\/schema.org\",\"@graph\":[{\"@type\":\"Article\",\"@id\":\"https:\/\/fermelarochette.ch\/index.php\/2024\/05\/06\/nouvelle-zone-pour-les-aromatiques\/#article\",\"isPartOf\":{\"@id\":\"https:\/\/fermelarochette.ch\/index.php\/2024\/05\/06\/nouvelle-zone-pour-les-aromatiques\/\"},\"author\":{\"name\":\"Claudine\",\"@id\":\"https:\/\/fermelarochette.ch\/#\/schema\/person\/8b775b7362809e3390b8957cb4cbe9b7\"},\"headline\":\"Nouvelle zone pour les aromatiques\",\"datePublished\":\"2024-05-06T12:05:04+00:00\",\"dateModified\":\"2025-03-21T00:10:11+00:00\",\"mainEntityOfPage\":{\"@id\":\"https:\/\/fermelarochette.ch\/index.php\/2024\/05\/06\/nouvelle-zone-pour-les-aromatiques\/\"},\"wordCount\":311,\"image\":{\"@id\":\"https:\/\/fermelarochette.ch\/index.php\/2024\/05\/06\/nouvelle-zone-pour-les-aromatiques\/#primaryimage\"},\"thumbnailUrl\":\"https:\/\/fermelarochette.ch\/wp-content\/uploads\/2024\/05\/La-nouvelle-zone-daromatiques.jpg\",\"articleSection\":[\"Installation de la ferme\"],\"inLanguage\":\"fr-FR\"},{\"@type\":\"WebPage\",\"@id\":\"https:\/\/fermelarochette.ch\/index.php\/2024\/05\/06\/nouvelle-zone-pour-les-aromatiques\/\",\"url\":\"https:\/\/fermelarochette.ch\/index.php\/2024\/05\/06\/nouvelle-zone-pour-les-aromatiques\/\",\"name\":\"Nouvelle zone pour les aromatiques - La Rochette\",\"isPartOf\":{\"@id\":\"https:\/\/fermelarochette.ch\/#website\"},\"primaryImageOfPage\":{\"@id\":\"https:\/\/fermelarochette.ch\/index.php\/2024\/05\/06\/nouvelle-zone-pour-les-aromatiques\/#primaryimage\"},\"image\":{\"@id\":\"https:\/\/fermelarochette.ch\/index.php\/2024\/05\/06\/nouvelle-zone-pour-les-aromatiques\/#primaryimage\"},\"thumbnailUrl\":\"https:\/\/fermelarochette.ch\/wp-content\/uploads\/2024\/05\/La-nouvelle-zone-daromatiques.jpg\",\"datePublished\":\"2024-05-06T12:05:04+00:00\",\"dateModified\":\"2025-03-21T00:10:11+00:00\",\"author\":{\"@id\":\"https:\/\/fermelarochette.ch\/#\/schema\/person\/8b775b7362809e3390b8957cb4cbe9b7\"},\"breadcrumb\":{\"@id\":\"https:\/\/fermelarochette.ch\/index.php\/2024\/05\/06\/nouvelle-zone-pour-les-aromatiques\/#breadcrumb\"},\"inLanguage\":\"fr-FR\",\"potentialAction\":[{\"@type\":\"ReadAction\",\"target\":[\"https:\/\/fermelarochette.ch\/index.php\/2024\/05\/06\/nouvelle-zone-pour-les-aromatiques\/\"]}]},{\"@type\":\"ImageObject\",\"inLanguage\":\"fr-FR\",\"@id\":\"https:\/\/fermelarochette.ch\/index.php\/2024\/05\/06\/nouvelle-zone-pour-les-aromatiques\/#primaryimage\",\"url\":\"https:\/\/fermelarochette.ch\/wp-content\/uploads\/2024\/05\/La-nouvelle-zone-daromatiques.jpg\",\"contentUrl\":\"https:\/\/fermelarochette.ch\/wp-content\/uploads\/2024\/05\/La-nouvelle-zone-daromatiques.jpg\",\"width\":1200,\"height\":1600},{\"@type\":\"BreadcrumbList\",\"@id\":\"https:\/\/fermelarochette.ch\/index.php\/2024\/05\/06\/nouvelle-zone-pour-les-aromatiques\/#breadcrumb\",\"itemListElement\":[{\"@type\":\"ListItem\",\"position\":1,\"name\":\"Accueil\",\"item\":\"https:\/\/fermelarochette.ch\/\"},{\"@type\":\"ListItem\",\"position\":2,\"name\":\"Nouvelle zone pour les aromatiques\"}]},{\"@type\":\"WebSite\",\"@id\":\"https:\/\/fermelarochette.ch\/#website\",\"url\":\"https:\/\/fermelarochette.ch\/\",\"name\":\"La Rochette\",\"description\":\"Micro-ferme biologique\",\"potentialAction\":[{\"@type\":\"SearchAction\",\"target\":{\"@type\":\"EntryPoint\",\"urlTemplate\":\"https:\/\/fermelarochette.ch\/?s={search_term_string}\"},\"query-input\":{\"@type\":\"PropertyValueSpecification\",\"valueRequired\":true,\"valueName\":\"search_term_string\"}}],\"inLanguage\":\"fr-FR\"},{\"@type\":\"Person\",\"@id\":\"https:\/\/fermelarochette.ch\/#\/schema\/person\/8b775b7362809e3390b8957cb4cbe9b7\",\"name\":\"Claudine\",\"image\":{\"@type\":\"ImageObject\",\"inLanguage\":\"fr-FR\",\"@id\":\"https:\/\/fermelarochette.ch\/#\/schema\/person\/image\/\",\"url\":\"https:\/\/secure.gravatar.com\/avatar\/c0dbc1c85619dc3f9e194c4bf5d3dc2a869999ff80aac4f0369e52a5ffe5b600?s=96&d=mm&r=g\",\"contentUrl\":\"https:\/\/secure.gravatar.com\/avatar\/c0dbc1c85619dc3f9e194c4bf5d3dc2a869999ff80aac4f0369e52a5ffe5b600?s=96&d=mm&r=g\",\"caption\":\"Claudine\"},\"sameAs\":[\"https:\/\/fermelarochette.ch\"],\"url\":\"https:\/\/fermelarochette.ch\/index.php\/author\/claudine\/\"}]}<\/script>\n<!-- \/ Yoast SEO plugin. -->","yoast_head_json":{"title":"Nouvelle zone pour les aromatiques - La Rochette","robots":{"index":"index","follow":"follow","max-snippet":"max-snippet:-1","max-image-preview":"max-image-preview:large","max-video-preview":"max-video-preview:-1"},"canonical":"https:\/\/fermelarochette.ch\/index.php\/2024\/05\/06\/nouvelle-zone-pour-les-aromatiques\/","og_locale":"fr_FR","og_type":"article","og_title":"Nouvelle zone pour les aromatiques - La Rochette","og_description":"Saviez-vous que les aromatiques, m\u00eame vivaces, ont besoin d&rsquo;\u00eatre renouvel\u00e9es r\u00e9guli\u00e8rement ? C&rsquo;est le cas notamment des menthes et monardes, que nous cultivons \u00e0 La &hellip;","og_url":"https:\/\/fermelarochette.ch\/index.php\/2024\/05\/06\/nouvelle-zone-pour-les-aromatiques\/","og_site_name":"La Rochette","article_published_time":"2024-05-06T12:05:04+00:00","article_modified_time":"2025-03-21T00:10:11+00:00","og_image":[{"width":1200,"height":1600,"url":"https:\/\/fermelarochette.ch\/wp-content\/uploads\/2024\/05\/La-nouvelle-zone-daromatiques.jpg","type":"image\/jpeg"}],"author":"Claudine","twitter_card":"summary_large_image","twitter_misc":{"\u00c9crit par":"Claudine","Dur\u00e9e de lecture estim\u00e9e":"2 minutes"},"schema":{"@context":"https:\/\/schema.org","@graph":[{"@type":"Article","@id":"https:\/\/fermelarochette.ch\/index.php\/2024\/05\/06\/nouvelle-zone-pour-les-aromatiques\/#article","isPartOf":{"@id":"https:\/\/fermelarochette.ch\/index.php\/2024\/05\/06\/nouvelle-zone-pour-les-aromatiques\/"},"author":{"name":"Claudine","@id":"https:\/\/fermelarochette.ch\/#\/schema\/person\/8b775b7362809e3390b8957cb4cbe9b7"},"headline":"Nouvelle zone pour les aromatiques","datePublished":"2024-05-06T12:05:04+00:00","dateModified":"2025-03-21T00:10:11+00:00","mainEntityOfPage":{"@id":"https:\/\/fermelarochette.ch\/index.php\/2024\/05\/06\/nouvelle-zone-pour-les-aromatiques\/"},"wordCount":311,"image":{"@id":"https:\/\/fermelarochette.ch\/index.php\/2024\/05\/06\/nouvelle-zone-pour-les-aromatiques\/#primaryimage"},"thumbnailUrl":"https:\/\/fermelarochette.ch\/wp-content\/uploads\/2024\/05\/La-nouvelle-zone-daromatiques.jpg","articleSection":["Installation de la ferme"],"inLanguage":"fr-FR"},{"@type":"WebPage","@id":"https:\/\/fermelarochette.ch\/index.php\/2024\/05\/06\/nouvelle-zone-pour-les-aromatiques\/","url":"https:\/\/fermelarochette.ch\/index.php\/2024\/05\/06\/nouvelle-zone-pour-les-aromatiques\/","name":"Nouvelle zone pour les aromatiques - La Rochette","isPartOf":{"@id":"https:\/\/fermelarochette.ch\/#website"},"primaryImageOfPage":{"@id":"https:\/\/fermelarochette.ch\/index.php\/2024\/05\/06\/nouvelle-zone-pour-les-aromatiques\/#primaryimage"},"image":{"@id":"https:\/\/fermelarochette.ch\/index.php\/2024\/05\/06\/nouvelle-zone-pour-les-aromatiques\/#primaryimage"},"thumbnailUrl":"https:\/\/fermelarochette.ch\/wp-content\/uploads\/2024\/05\/La-nouvelle-zone-daromatiques.jpg","datePublished":"2024-05-06T12:05:04+00:00","dateModified":"2025-03-21T00:10:11+00:00","author":{"@id":"https:\/\/fermelarochette.ch\/#\/schema\/person\/8b775b7362809e3390b8957cb4cbe9b7"},"breadcrumb":{"@id":"https:\/\/fermelarochette.ch\/index.php\/2024\/05\/06\/nouvelle-zone-pour-les-aromatiques\/#breadcrumb"},"inLanguage":"fr-FR","potentialAction":[{"@type":"ReadAction","target":["https:\/\/fermelarochette.ch\/index.php\/2024\/05\/06\/nouvelle-zone-pour-les-aromatiques\/"]}]},{"@type":"ImageObject","inLanguage":"fr-FR","@id":"https:\/\/fermelarochette.ch\/index.php\/2024\/05\/06\/nouvelle-zone-pour-les-aromatiques\/#primaryimage","url":"https:\/\/fermelarochette.ch\/wp-content\/uploads\/2024\/05\/La-nouvelle-zone-daromatiques.jpg","contentUrl":"https:\/\/fermelarochette.ch\/wp-content\/uploads\/2024\/05\/La-nouvelle-zone-daromatiques.jpg","width":1200,"height":1600},{"@type":"BreadcrumbList","@id":"https:\/\/fermelarochette.ch\/index.php\/2024\/05\/06\/nouvelle-zone-pour-les-aromatiques\/#breadcrumb","itemListElement":[{"@type":"ListItem","position":1,"name":"Accueil","item":"https:\/\/fermelarochette.ch\/"},{"@type":"ListItem","position":2,"name":"Nouvelle zone pour les aromatiques"}]},{"@type":"WebSite","@id":"https:\/\/fermelarochette.ch\/#website","url":"https:\/\/fermelarochette.ch\/","name":"La Rochette","description":"Micro-ferme biologique","potentialAction":[{"@type":"SearchAction","target":{"@type":"EntryPoint","urlTemplate":"https:\/\/fermelarochette.ch\/?s={search_term_string}"},"query-input":{"@type":"PropertyValueSpecification","valueRequired":true,"valueName":"search_term_string"}}],"inLanguage":"fr-FR"},{"@type":"Person","@id":"https:\/\/fermelarochette.ch\/#\/schema\/person\/8b775b7362809e3390b8957cb4cbe9b7","name":"Claudine","image":{"@type":"ImageObject","inLanguage":"fr-FR","@id":"https:\/\/fermelarochette.ch\/#\/schema\/person\/image\/","url":"https:\/\/secure.gravatar.com\/avatar\/c0dbc1c85619dc3f9e194c4bf5d3dc2a869999ff80aac4f0369e52a5ffe5b600?s=96&d=mm&r=g","contentUrl":"https:\/\/secure.gravatar.com\/avatar\/c0dbc1c85619dc3f9e194c4bf5d3dc2a869999ff80aac4f0369e52a5ffe5b600?s=96&d=mm&r=g","caption":"Claudine"},"sameAs":["https:\/\/fermelarochette.ch"],"url":"https:\/\/fermelarochette.ch\/index.php\/author\/claudine\/"}]}},"jetpack_featured_media_url":"https:\/\/fermelarochette.ch\/wp-content\/uploads\/2024\/05\/La-nouvelle-zone-daromatiques.jpg","jetpack_sharing_enabled":true,"_links":{"self":[{"href":"https:\/\/fermelarochette.ch\/index.php\/wp-json\/wp\/v2\/posts\/2046","targetHints":{"allow":["GET"]}}],"collection":[{"href":"https:\/\/fermelarochette.ch\/index.php\/wp-json\/wp\/v2\/posts"}],"about":[{"href":"https:\/\/fermelarochette.ch\/index.php\/wp-json\/wp\/v2\/types\/post"}],"author":[{"embeddable":true,"href":"https:\/\/fermelarochette.ch\/index.php\/wp-json\/wp\/v2\/users\/1"}],"replies":[{"embeddable":true,"href":"https:\/\/fermelarochette.ch\/index.php\/wp-json\/wp\/v2\/comments?post=2046"}],"version-history":[{"count":4,"href":"https:\/\/fermelarochette.ch\/index.php\/wp-json\/wp\/v2\/posts\/2046\/revisions"}],"predecessor-version":[{"id":2072,"href":"https:\/\/fermelarochette.ch\/index.php\/wp-json\/wp\/v2\/posts\/2046\/revisions\/2072"}],"wp:featuredmedia":[{"embeddable":true,"href":"https:\/\/fermelarochette.ch\/index.php\/wp-json\/wp\/v2\/media\/2050"}],"wp:attachment":[{"href":"https:\/\/fermelarochette.ch\/index.php\/wp-json\/wp\/v2\/media?parent=2046"}],"wp:term":[{"taxonomy":"category","embeddable":true,"href":"https:\/\/fermelarochette.ch\/index.php\/wp-json\/wp\/v2\/categories?post=2046"},{"taxonomy":"post_tag","embeddable":true,"href":"https:\/\/fermelarochette.ch\/index.php\/wp-json\/wp\/v2\/tags?post=2046"}],"curies":[{"name":"wp","href":"https:\/\/api.w.org\/{rel}","templated":true}]}}