{"id":1986,"date":"2024-03-25T21:54:26","date_gmt":"2024-03-25T20:54:26","guid":{"rendered":"https:\/\/fermelarochette.ch\/?p=1986"},"modified":"2025-03-21T01:10:16","modified_gmt":"2025-03-21T00:10:16","slug":"la-cabane-est-en-place","status":"publish","type":"post","link":"https:\/\/fermelarochette.ch\/index.php\/2024\/03\/25\/la-cabane-est-en-place\/","title":{"rendered":"La cabane est en place !"},"content":{"rendered":"\n<p>On l&rsquo;aura attendu, le voici install\u00e9 : l&rsquo;abri de jardin a \u00e9t\u00e9 construit avec l&rsquo;aide de Samuel Gogniat, menuisier-charpentier \u00e0 Pleujouse, ainsi que de nombreuses personnes venues nous pr\u00eater main forte \u00e0 diff\u00e9rents moments critiques : Tom Golaz, Brahim, Yves Bacon, Kaleb, ainsi que des aides aimablement mises \u00e0 disposition par \u00c9tienne Richard. Sans eux, ce travail n&rsquo;aurait pas \u00e9t\u00e9 possible et nous leur en sommes tr\u00e8s reconnaissants !<\/p>\n\n\n\n<p>Mais au fait, pourquoi construire une cabane au jardin ? La ferme se situant \u00e0 environ 1 km du jardin, faire sans cesse des allers-retours pour aller chercher du mat\u00e9riel n&rsquo;avait pas de sens. Or, m\u00eame si le mara\u00eechage manuel n\u00e9cessite assez peu d&rsquo;outils, ceux-ci prennent vite de la place : diff\u00e9rents semoirs, voiles de for\u00e7age, filets anti-insectes, caisses mara\u00eech\u00e8res, brouettes, divers outils, presse-mottes, tuyaux d&rsquo;arrosage, ainsi qu&rsquo;une foule d&rsquo;autres choses devaient pouvoir \u00eatre mises \u00e0 l&rsquo;abri des intemp\u00e9ries. <\/p>\n\n\n\n<p>La cabane a \u00e9t\u00e9 construite autant que possible avec des mat\u00e9riaux auxquels nous avons donn\u00e9 une seconde vie. Ainsi les fen\u00eatres, la toiture, la porte et la charpente sont de la belle et bonne r\u00e9cup&rsquo; !<\/p>\n\n\n\n<p>En bonus, cette cabane nous donnera un peu d&rsquo;ombre et d&rsquo;abri pour prendre nos repas au milieu du jardin. Il se pourrait donc bien qu&rsquo;en \u00e9t\u00e9, vous nous y voyiez du matin au soir \ud83d\ude42<\/p>\n\n\n\n<div style=\"height:29px\" aria-hidden=\"true\" class=\"wp-block-spacer\"><\/div>\n\n\n<div class=\"wp-block-image\">\n<figure class=\"aligncenter size-large\"><img decoding=\"async\" width=\"1024\" height=\"709\" data-src=\"https:\/\/fermelarochette.ch\/wp-content\/uploads\/2024\/03\/La-cabane-est-construite--scaled-e1711399102599-1024x709.jpg\" alt=\"\" class=\"wp-image-1988 lazyload\" data-srcset=\"https:\/\/fermelarochette.ch\/wp-content\/uploads\/2024\/03\/La-cabane-est-construite--scaled-e1711399102599-1024x709.jpg 1024w, https:\/\/fermelarochette.ch\/wp-content\/uploads\/2024\/03\/La-cabane-est-construite--scaled-e1711399102599-600x415.jpg 600w, https:\/\/fermelarochette.ch\/wp-content\/uploads\/2024\/03\/La-cabane-est-construite--scaled-e1711399102599-300x208.jpg 300w, https:\/\/fermelarochette.ch\/wp-content\/uploads\/2024\/03\/La-cabane-est-construite--scaled-e1711399102599-768x531.jpg 768w, https:\/\/fermelarochette.ch\/wp-content\/uploads\/2024\/03\/La-cabane-est-construite--scaled-e1711399102599-1536x1063.jpg 1536w, https:\/\/fermelarochette.ch\/wp-content\/uploads\/2024\/03\/La-cabane-est-construite--scaled-e1711399102599-2048x1417.jpg 2048w, https:\/\/fermelarochette.ch\/wp-content\/uploads\/2024\/03\/La-cabane-est-construite--scaled-e1711399102599-434x300.jpg 434w\" data-sizes=\"(max-width: 1024px) 100vw, 1024px\" src=\"data:image\/svg+xml;base64,PHN2ZyB3aWR0aD0iMSIgaGVpZ2h0PSIxIiB4bWxucz0iaHR0cDovL3d3dy53My5vcmcvMjAwMC9zdmciPjwvc3ZnPg==\" style=\"--smush-placeholder-width: 1024px; --smush-placeholder-aspect-ratio: 1024\/709;\" \/><figcaption class=\"wp-element-caption\">Agathe et St\u00e9phane f\u00eatent la fin du chantier !<\/figcaption><\/figure>\n<\/div>","protected":false},"excerpt":{"rendered":"<p>On l&rsquo;aura attendu, le voici install\u00e9 : l&rsquo;abri de jardin a \u00e9t\u00e9 construit avec l&rsquo;aide de Samuel Gogniat, menuisier-charpentier \u00e0 Pleujouse, ainsi que de nombreuses &hellip;<\/p>\n","protected":false},"author":1,"featured_media":1988,"comment_status":"closed","ping_status":"closed","sticky":false,"template":"","format":"standard","meta":{"_price":"","_stock":"","_tribe_ticket_header":"","_tribe_default_ticket_provider":"","_ticket_start_date":"","_ticket_end_date":"","_tribe_ticket_show_description":"","_tribe_ticket_show_not_going":false,"_tribe_ticket_use_global_stock":"","_tribe_ticket_global_stock_level":"","_global_stock_mode":"","_global_stock_cap":"","_tribe_rsvp_for_event":"","_tribe_ticket_going_count":"","_tribe_ticket_not_going_count":"","_tribe_tickets_list":"[]","_tribe_ticket_has_attendee_info_fields":false,"_jetpack_memberships_contains_paid_content":false,"footnotes":""},"categories":[22],"tags":[],"class_list":["post-1986","post","type-post","status-publish","format-standard","has-post-thumbnail","hentry","category-installation"],"yoast_head":"<!-- This site is optimized with the Yoast SEO plugin v26.9 - https:\/\/yoast.com\/product\/yoast-seo-wordpress\/ -->\n<title>La cabane est en place ! - La Rochette<\/title>\n<meta name=\"robots\" content=\"index, follow, max-snippet:-1, max-image-preview:large, max-video-preview:-1\" \/>\n<link rel=\"canonical\" href=\"https:\/\/fermelarochette.ch\/index.php\/2024\/03\/25\/la-cabane-est-en-place\/\" \/>\n<meta property=\"og:locale\" content=\"fr_FR\" \/>\n<meta property=\"og:type\" content=\"article\" \/>\n<meta property=\"og:title\" content=\"La cabane est en place ! - La Rochette\" \/>\n<meta property=\"og:description\" content=\"On l&rsquo;aura attendu, le voici install\u00e9 : l&rsquo;abri de jardin a \u00e9t\u00e9 construit avec l&rsquo;aide de Samuel Gogniat, menuisier-charpentier \u00e0 Pleujouse, ainsi que de nombreuses &hellip;\" \/>\n<meta property=\"og:url\" content=\"https:\/\/fermelarochette.ch\/index.php\/2024\/03\/25\/la-cabane-est-en-place\/\" \/>\n<meta property=\"og:site_name\" content=\"La Rochette\" \/>\n<meta property=\"article:published_time\" content=\"2024-03-25T20:54:26+00:00\" \/>\n<meta property=\"article:modified_time\" content=\"2025-03-21T00:10:16+00:00\" \/>\n<meta property=\"og:image\" content=\"https:\/\/fermelarochette.ch\/wp-content\/uploads\/2024\/03\/La-cabane-est-construite--scaled-e1711399102599.jpg\" \/>\n\t<meta property=\"og:image:width\" content=\"2052\" \/>\n\t<meta property=\"og:image:height\" content=\"1420\" \/>\n\t<meta property=\"og:image:type\" content=\"image\/jpeg\" \/>\n<meta name=\"author\" content=\"Claudine\" \/>\n<meta name=\"twitter:card\" content=\"summary_large_image\" \/>\n<meta name=\"twitter:label1\" content=\"\u00c9crit par\" \/>\n\t<meta name=\"twitter:data1\" content=\"Claudine\" \/>\n\t<meta name=\"twitter:label2\" content=\"Dur\u00e9e de lecture estim\u00e9e\" \/>\n\t<meta name=\"twitter:data2\" content=\"1 minute\" \/>\n<script type=\"application\/ld+json\" class=\"yoast-schema-graph\">{\"@context\":\"https:\/\/schema.org\",\"@graph\":[{\"@type\":\"Article\",\"@id\":\"https:\/\/fermelarochette.ch\/index.php\/2024\/03\/25\/la-cabane-est-en-place\/#article\",\"isPartOf\":{\"@id\":\"https:\/\/fermelarochette.ch\/index.php\/2024\/03\/25\/la-cabane-est-en-place\/\"},\"author\":{\"name\":\"Claudine\",\"@id\":\"https:\/\/fermelarochette.ch\/#\/schema\/person\/8b775b7362809e3390b8957cb4cbe9b7\"},\"headline\":\"La cabane est en place !\",\"datePublished\":\"2024-03-25T20:54:26+00:00\",\"dateModified\":\"2025-03-21T00:10:16+00:00\",\"mainEntityOfPage\":{\"@id\":\"https:\/\/fermelarochette.ch\/index.php\/2024\/03\/25\/la-cabane-est-en-place\/\"},\"wordCount\":236,\"image\":{\"@id\":\"https:\/\/fermelarochette.ch\/index.php\/2024\/03\/25\/la-cabane-est-en-place\/#primaryimage\"},\"thumbnailUrl\":\"https:\/\/fermelarochette.ch\/wp-content\/uploads\/2024\/03\/La-cabane-est-construite--scaled-e1711399102599.jpg\",\"articleSection\":[\"Installation de la ferme\"],\"inLanguage\":\"fr-FR\"},{\"@type\":\"WebPage\",\"@id\":\"https:\/\/fermelarochette.ch\/index.php\/2024\/03\/25\/la-cabane-est-en-place\/\",\"url\":\"https:\/\/fermelarochette.ch\/index.php\/2024\/03\/25\/la-cabane-est-en-place\/\",\"name\":\"La cabane est en place ! - La Rochette\",\"isPartOf\":{\"@id\":\"https:\/\/fermelarochette.ch\/#website\"},\"primaryImageOfPage\":{\"@id\":\"https:\/\/fermelarochette.ch\/index.php\/2024\/03\/25\/la-cabane-est-en-place\/#primaryimage\"},\"image\":{\"@id\":\"https:\/\/fermelarochette.ch\/index.php\/2024\/03\/25\/la-cabane-est-en-place\/#primaryimage\"},\"thumbnailUrl\":\"https:\/\/fermelarochette.ch\/wp-content\/uploads\/2024\/03\/La-cabane-est-construite--scaled-e1711399102599.jpg\",\"datePublished\":\"2024-03-25T20:54:26+00:00\",\"dateModified\":\"2025-03-21T00:10:16+00:00\",\"author\":{\"@id\":\"https:\/\/fermelarochette.ch\/#\/schema\/person\/8b775b7362809e3390b8957cb4cbe9b7\"},\"breadcrumb\":{\"@id\":\"https:\/\/fermelarochette.ch\/index.php\/2024\/03\/25\/la-cabane-est-en-place\/#breadcrumb\"},\"inLanguage\":\"fr-FR\",\"potentialAction\":[{\"@type\":\"ReadAction\",\"target\":[\"https:\/\/fermelarochette.ch\/index.php\/2024\/03\/25\/la-cabane-est-en-place\/\"]}]},{\"@type\":\"ImageObject\",\"inLanguage\":\"fr-FR\",\"@id\":\"https:\/\/fermelarochette.ch\/index.php\/2024\/03\/25\/la-cabane-est-en-place\/#primaryimage\",\"url\":\"https:\/\/fermelarochette.ch\/wp-content\/uploads\/2024\/03\/La-cabane-est-construite--scaled-e1711399102599.jpg\",\"contentUrl\":\"https:\/\/fermelarochette.ch\/wp-content\/uploads\/2024\/03\/La-cabane-est-construite--scaled-e1711399102599.jpg\",\"width\":2052,\"height\":1420},{\"@type\":\"BreadcrumbList\",\"@id\":\"https:\/\/fermelarochette.ch\/index.php\/2024\/03\/25\/la-cabane-est-en-place\/#breadcrumb\",\"itemListElement\":[{\"@type\":\"ListItem\",\"position\":1,\"name\":\"Accueil\",\"item\":\"https:\/\/fermelarochette.ch\/\"},{\"@type\":\"ListItem\",\"position\":2,\"name\":\"La cabane est en place !\"}]},{\"@type\":\"WebSite\",\"@id\":\"https:\/\/fermelarochette.ch\/#website\",\"url\":\"https:\/\/fermelarochette.ch\/\",\"name\":\"La Rochette\",\"description\":\"Micro-ferme biologique\",\"potentialAction\":[{\"@type\":\"SearchAction\",\"target\":{\"@type\":\"EntryPoint\",\"urlTemplate\":\"https:\/\/fermelarochette.ch\/?s={search_term_string}\"},\"query-input\":{\"@type\":\"PropertyValueSpecification\",\"valueRequired\":true,\"valueName\":\"search_term_string\"}}],\"inLanguage\":\"fr-FR\"},{\"@type\":\"Person\",\"@id\":\"https:\/\/fermelarochette.ch\/#\/schema\/person\/8b775b7362809e3390b8957cb4cbe9b7\",\"name\":\"Claudine\",\"image\":{\"@type\":\"ImageObject\",\"inLanguage\":\"fr-FR\",\"@id\":\"https:\/\/fermelarochette.ch\/#\/schema\/person\/image\/\",\"url\":\"https:\/\/secure.gravatar.com\/avatar\/c0dbc1c85619dc3f9e194c4bf5d3dc2a869999ff80aac4f0369e52a5ffe5b600?s=96&d=mm&r=g\",\"contentUrl\":\"https:\/\/secure.gravatar.com\/avatar\/c0dbc1c85619dc3f9e194c4bf5d3dc2a869999ff80aac4f0369e52a5ffe5b600?s=96&d=mm&r=g\",\"caption\":\"Claudine\"},\"sameAs\":[\"https:\/\/fermelarochette.ch\"],\"url\":\"https:\/\/fermelarochette.ch\/index.php\/author\/claudine\/\"}]}<\/script>\n<!-- \/ Yoast SEO plugin. -->","yoast_head_json":{"title":"La cabane est en place ! - La Rochette","robots":{"index":"index","follow":"follow","max-snippet":"max-snippet:-1","max-image-preview":"max-image-preview:large","max-video-preview":"max-video-preview:-1"},"canonical":"https:\/\/fermelarochette.ch\/index.php\/2024\/03\/25\/la-cabane-est-en-place\/","og_locale":"fr_FR","og_type":"article","og_title":"La cabane est en place ! - La Rochette","og_description":"On l&rsquo;aura attendu, le voici install\u00e9 : l&rsquo;abri de jardin a \u00e9t\u00e9 construit avec l&rsquo;aide de Samuel Gogniat, menuisier-charpentier \u00e0 Pleujouse, ainsi que de nombreuses &hellip;","og_url":"https:\/\/fermelarochette.ch\/index.php\/2024\/03\/25\/la-cabane-est-en-place\/","og_site_name":"La Rochette","article_published_time":"2024-03-25T20:54:26+00:00","article_modified_time":"2025-03-21T00:10:16+00:00","og_image":[{"width":2052,"height":1420,"url":"https:\/\/fermelarochette.ch\/wp-content\/uploads\/2024\/03\/La-cabane-est-construite--scaled-e1711399102599.jpg","type":"image\/jpeg"}],"author":"Claudine","twitter_card":"summary_large_image","twitter_misc":{"\u00c9crit par":"Claudine","Dur\u00e9e de lecture estim\u00e9e":"1 minute"},"schema":{"@context":"https:\/\/schema.org","@graph":[{"@type":"Article","@id":"https:\/\/fermelarochette.ch\/index.php\/2024\/03\/25\/la-cabane-est-en-place\/#article","isPartOf":{"@id":"https:\/\/fermelarochette.ch\/index.php\/2024\/03\/25\/la-cabane-est-en-place\/"},"author":{"name":"Claudine","@id":"https:\/\/fermelarochette.ch\/#\/schema\/person\/8b775b7362809e3390b8957cb4cbe9b7"},"headline":"La cabane est en place !","datePublished":"2024-03-25T20:54:26+00:00","dateModified":"2025-03-21T00:10:16+00:00","mainEntityOfPage":{"@id":"https:\/\/fermelarochette.ch\/index.php\/2024\/03\/25\/la-cabane-est-en-place\/"},"wordCount":236,"image":{"@id":"https:\/\/fermelarochette.ch\/index.php\/2024\/03\/25\/la-cabane-est-en-place\/#primaryimage"},"thumbnailUrl":"https:\/\/fermelarochette.ch\/wp-content\/uploads\/2024\/03\/La-cabane-est-construite--scaled-e1711399102599.jpg","articleSection":["Installation de la ferme"],"inLanguage":"fr-FR"},{"@type":"WebPage","@id":"https:\/\/fermelarochette.ch\/index.php\/2024\/03\/25\/la-cabane-est-en-place\/","url":"https:\/\/fermelarochette.ch\/index.php\/2024\/03\/25\/la-cabane-est-en-place\/","name":"La cabane est en place ! - La Rochette","isPartOf":{"@id":"https:\/\/fermelarochette.ch\/#website"},"primaryImageOfPage":{"@id":"https:\/\/fermelarochette.ch\/index.php\/2024\/03\/25\/la-cabane-est-en-place\/#primaryimage"},"image":{"@id":"https:\/\/fermelarochette.ch\/index.php\/2024\/03\/25\/la-cabane-est-en-place\/#primaryimage"},"thumbnailUrl":"https:\/\/fermelarochette.ch\/wp-content\/uploads\/2024\/03\/La-cabane-est-construite--scaled-e1711399102599.jpg","datePublished":"2024-03-25T20:54:26+00:00","dateModified":"2025-03-21T00:10:16+00:00","author":{"@id":"https:\/\/fermelarochette.ch\/#\/schema\/person\/8b775b7362809e3390b8957cb4cbe9b7"},"breadcrumb":{"@id":"https:\/\/fermelarochette.ch\/index.php\/2024\/03\/25\/la-cabane-est-en-place\/#breadcrumb"},"inLanguage":"fr-FR","potentialAction":[{"@type":"ReadAction","target":["https:\/\/fermelarochette.ch\/index.php\/2024\/03\/25\/la-cabane-est-en-place\/"]}]},{"@type":"ImageObject","inLanguage":"fr-FR","@id":"https:\/\/fermelarochette.ch\/index.php\/2024\/03\/25\/la-cabane-est-en-place\/#primaryimage","url":"https:\/\/fermelarochette.ch\/wp-content\/uploads\/2024\/03\/La-cabane-est-construite--scaled-e1711399102599.jpg","contentUrl":"https:\/\/fermelarochette.ch\/wp-content\/uploads\/2024\/03\/La-cabane-est-construite--scaled-e1711399102599.jpg","width":2052,"height":1420},{"@type":"BreadcrumbList","@id":"https:\/\/fermelarochette.ch\/index.php\/2024\/03\/25\/la-cabane-est-en-place\/#breadcrumb","itemListElement":[{"@type":"ListItem","position":1,"name":"Accueil","item":"https:\/\/fermelarochette.ch\/"},{"@type":"ListItem","position":2,"name":"La cabane est en place !"}]},{"@type":"WebSite","@id":"https:\/\/fermelarochette.ch\/#website","url":"https:\/\/fermelarochette.ch\/","name":"La Rochette","description":"Micro-ferme biologique","potentialAction":[{"@type":"SearchAction","target":{"@type":"EntryPoint","urlTemplate":"https:\/\/fermelarochette.ch\/?s={search_term_string}"},"query-input":{"@type":"PropertyValueSpecification","valueRequired":true,"valueName":"search_term_string"}}],"inLanguage":"fr-FR"},{"@type":"Person","@id":"https:\/\/fermelarochette.ch\/#\/schema\/person\/8b775b7362809e3390b8957cb4cbe9b7","name":"Claudine","image":{"@type":"ImageObject","inLanguage":"fr-FR","@id":"https:\/\/fermelarochette.ch\/#\/schema\/person\/image\/","url":"https:\/\/secure.gravatar.com\/avatar\/c0dbc1c85619dc3f9e194c4bf5d3dc2a869999ff80aac4f0369e52a5ffe5b600?s=96&d=mm&r=g","contentUrl":"https:\/\/secure.gravatar.com\/avatar\/c0dbc1c85619dc3f9e194c4bf5d3dc2a869999ff80aac4f0369e52a5ffe5b600?s=96&d=mm&r=g","caption":"Claudine"},"sameAs":["https:\/\/fermelarochette.ch"],"url":"https:\/\/fermelarochette.ch\/index.php\/author\/claudine\/"}]}},"jetpack_featured_media_url":"https:\/\/fermelarochette.ch\/wp-content\/uploads\/2024\/03\/La-cabane-est-construite--scaled-e1711399102599.jpg","jetpack_sharing_enabled":true,"_links":{"self":[{"href":"https:\/\/fermelarochette.ch\/index.php\/wp-json\/wp\/v2\/posts\/1986","targetHints":{"allow":["GET"]}}],"collection":[{"href":"https:\/\/fermelarochette.ch\/index.php\/wp-json\/wp\/v2\/posts"}],"about":[{"href":"https:\/\/fermelarochette.ch\/index.php\/wp-json\/wp\/v2\/types\/post"}],"author":[{"embeddable":true,"href":"https:\/\/fermelarochette.ch\/index.php\/wp-json\/wp\/v2\/users\/1"}],"replies":[{"embeddable":true,"href":"https:\/\/fermelarochette.ch\/index.php\/wp-json\/wp\/v2\/comments?post=1986"}],"version-history":[{"count":4,"href":"https:\/\/fermelarochette.ch\/index.php\/wp-json\/wp\/v2\/posts\/1986\/revisions"}],"predecessor-version":[{"id":2009,"href":"https:\/\/fermelarochette.ch\/index.php\/wp-json\/wp\/v2\/posts\/1986\/revisions\/2009"}],"wp:featuredmedia":[{"embeddable":true,"href":"https:\/\/fermelarochette.ch\/index.php\/wp-json\/wp\/v2\/media\/1988"}],"wp:attachment":[{"href":"https:\/\/fermelarochette.ch\/index.php\/wp-json\/wp\/v2\/media?parent=1986"}],"wp:term":[{"taxonomy":"category","embeddable":true,"href":"https:\/\/fermelarochette.ch\/index.php\/wp-json\/wp\/v2\/categories?post=1986"},{"taxonomy":"post_tag","embeddable":true,"href":"https:\/\/fermelarochette.ch\/index.php\/wp-json\/wp\/v2\/tags?post=1986"}],"curies":[{"name":"wp","href":"https:\/\/api.w.org\/{rel}","templated":true}]}}