{"id":1907,"date":"2024-02-06T17:51:18","date_gmt":"2024-02-06T16:51:18","guid":{"rendered":"https:\/\/fermelarochette.ch\/?p=1907"},"modified":"2024-02-08T19:37:44","modified_gmt":"2024-02-08T18:37:44","slug":"en-recherche-de-stagiaires","status":"publish","type":"post","link":"https:\/\/fermelarochette.ch\/index.php\/2024\/02\/06\/en-recherche-de-stagiaires\/","title":{"rendered":"En recherche de stagiaires !"},"content":{"rendered":"\n<h4 class=\"wp-block-heading\">Tu souhaites d\u00e9couvrir le mara\u00eechage manuel, les plantes m\u00e9dicinales ou encore construire toutes sortes d&rsquo;am\u00e9nagements ? Viens chez nous ! Tu ne t&rsquo;ennuieras pas et tu apprendras beaucoup&#8230;<\/h4>\n\n\n\n<p>Pour nous aider dans les diff\u00e9rents travaux de la micro-ferme, La Rochette cherche des stagiaires. Cela t&rsquo;intrigue ? Voici les informations principales concernant les stages :<\/p>\n\n\n\n<p><strong>Dur\u00e9e du stage : <\/strong>Minimum 1 mois, entre d\u00e9but mai et fin septembre. 5h de stage par jour, 5 jours par semaine.<\/p>\n\n\n\n<p><strong>Contenu du stage :<\/strong> Il y a toujours beaucoup \u00e0 faire, tu pourras choisir selon tes pr\u00e9f\u00e9rences ! Par exemple&#8230; Semis, plantations et r\u00e9coltes au jardin-mara\u00eecher et au jardin d&rsquo;aromatiques, r\u00e9coltes sauvages, transformation des plantes, soin \u00e0 la basse-court install\u00e9e prochainement, construction de diverses structures, etc.<\/p>\n\n\n\n<p><strong>Dois-je savoir jardiner pour faire le stage ?<\/strong> Non, aucun pr\u00e9requis n&rsquo;est n\u00e9cessaire et nous r\u00e9pondrons \u00e0 toutes tes questions. Cependant, nous comptons sur toi pour faire preuve de motivation. <\/p>\n\n\n\n<p><strong>Est-ce r\u00e9mun\u00e9r\u00e9 ? <\/strong>Non, le stage n&rsquo;est pas r\u00e9mun\u00e9r\u00e9. Cependant, tu es nourri-e et log\u00e9-e pendant toute la dur\u00e9e du stage, week-ends compris. <\/p>\n\n\n\n<p><strong>Ai-je besoin de mat\u00e9riel ?<\/strong> \u00c0 part tes v\u00eatements de travail, une veste de pluie et des bottes, tu n&rsquo;as besoin de rien car nous te fournirons les outils et l&rsquo;\u00e9quipement de protection n\u00e9cessaires \u00e0 tes t\u00e2ches.<\/p>\n\n\n\n<p><strong>Point important : <\/strong>Tu dois disposer d&rsquo;une assurance accident valable pour la Suisse durant toute la dur\u00e9e du stage.<\/p>\n\n\n\n<p><strong><mark style=\"background-color:rgba(0, 0, 0, 0)\" class=\"has-inline-color has-accent-1-color\">Int\u00e9ress\u00e9-e ?<\/mark><\/strong> Agathe se tient \u00e0 ta disposition pour r\u00e9pondre \u00e0 tes questions au <strong>0041\/79.563.47.52<\/strong> ou par mail \u00e0 l&rsquo;adresse <a href=\"mailto:agathe@fermelarochette.ch\">agathe@fermelarochette.ch<\/a> <\/p>\n\n\n\n<p><strong>Au plaisir de te rencontrer \ud83d\ude42 <\/strong>      Agathe, St\u00e9phane et Claudine<\/p>\n","protected":false},"excerpt":{"rendered":"<p>Tu souhaites d\u00e9couvrir le mara\u00eechage manuel, les plantes m\u00e9dicinales ou encore construire toutes sortes d&rsquo;am\u00e9nagements ? Viens chez nous ! Tu ne t&rsquo;ennuieras pas et &hellip;<\/p>\n","protected":false},"author":1,"featured_media":844,"comment_status":"closed","ping_status":"closed","sticky":false,"template":"","format":"standard","meta":{"_price":"","_stock":"","_tribe_ticket_header":"","_tribe_default_ticket_provider":"","_ticket_start_date":"","_ticket_end_date":"","_tribe_ticket_show_description":"","_tribe_ticket_show_not_going":false,"_tribe_ticket_use_global_stock":"","_tribe_ticket_global_stock_level":"","_global_stock_mode":"","_global_stock_cap":"","_tribe_rsvp_for_event":"","_tribe_ticket_going_count":"","_tribe_ticket_not_going_count":"","_tribe_tickets_list":"[]","_tribe_ticket_has_attendee_info_fields":false,"_jetpack_memberships_contains_paid_content":false,"footnotes":""},"categories":[22],"tags":[],"class_list":["post-1907","post","type-post","status-publish","format-standard","has-post-thumbnail","hentry","category-installation"],"yoast_head":"<!-- This site is optimized with the Yoast SEO plugin v26.9 - https:\/\/yoast.com\/product\/yoast-seo-wordpress\/ -->\n<title>En recherche de stagiaires ! - La Rochette<\/title>\n<meta name=\"robots\" content=\"index, follow, max-snippet:-1, max-image-preview:large, max-video-preview:-1\" \/>\n<link rel=\"canonical\" href=\"https:\/\/fermelarochette.ch\/index.php\/2024\/02\/06\/en-recherche-de-stagiaires\/\" \/>\n<meta property=\"og:locale\" content=\"fr_FR\" \/>\n<meta property=\"og:type\" content=\"article\" \/>\n<meta property=\"og:title\" content=\"En recherche de stagiaires ! - La Rochette\" \/>\n<meta property=\"og:description\" content=\"Tu souhaites d\u00e9couvrir le mara\u00eechage manuel, les plantes m\u00e9dicinales ou encore construire toutes sortes d&rsquo;am\u00e9nagements ? Viens chez nous ! Tu ne t&rsquo;ennuieras pas et &hellip;\" \/>\n<meta property=\"og:url\" content=\"https:\/\/fermelarochette.ch\/index.php\/2024\/02\/06\/en-recherche-de-stagiaires\/\" \/>\n<meta property=\"og:site_name\" content=\"La Rochette\" \/>\n<meta property=\"article:published_time\" content=\"2024-02-06T16:51:18+00:00\" \/>\n<meta property=\"article:modified_time\" content=\"2024-02-08T18:37:44+00:00\" \/>\n<meta property=\"og:image\" content=\"https:\/\/fermelarochette.ch\/wp-content\/uploads\/2022\/02\/jonathan-kemper-4z3lnwEvZQw-unsplash-scaled.jpg\" \/>\n\t<meta property=\"og:image:width\" content=\"2560\" \/>\n\t<meta property=\"og:image:height\" content=\"1707\" \/>\n\t<meta property=\"og:image:type\" content=\"image\/jpeg\" \/>\n<meta name=\"author\" content=\"Claudine\" \/>\n<meta name=\"twitter:card\" content=\"summary_large_image\" \/>\n<meta name=\"twitter:label1\" content=\"\u00c9crit par\" \/>\n\t<meta name=\"twitter:data1\" content=\"Claudine\" \/>\n\t<meta name=\"twitter:label2\" content=\"Dur\u00e9e de lecture estim\u00e9e\" \/>\n\t<meta name=\"twitter:data2\" content=\"1 minute\" \/>\n<script type=\"application\/ld+json\" class=\"yoast-schema-graph\">{\"@context\":\"https:\/\/schema.org\",\"@graph\":[{\"@type\":\"Article\",\"@id\":\"https:\/\/fermelarochette.ch\/index.php\/2024\/02\/06\/en-recherche-de-stagiaires\/#article\",\"isPartOf\":{\"@id\":\"https:\/\/fermelarochette.ch\/index.php\/2024\/02\/06\/en-recherche-de-stagiaires\/\"},\"author\":{\"name\":\"Claudine\",\"@id\":\"https:\/\/fermelarochette.ch\/#\/schema\/person\/8b775b7362809e3390b8957cb4cbe9b7\"},\"headline\":\"En recherche de stagiaires !\",\"datePublished\":\"2024-02-06T16:51:18+00:00\",\"dateModified\":\"2024-02-08T18:37:44+00:00\",\"mainEntityOfPage\":{\"@id\":\"https:\/\/fermelarochette.ch\/index.php\/2024\/02\/06\/en-recherche-de-stagiaires\/\"},\"wordCount\":276,\"image\":{\"@id\":\"https:\/\/fermelarochette.ch\/index.php\/2024\/02\/06\/en-recherche-de-stagiaires\/#primaryimage\"},\"thumbnailUrl\":\"https:\/\/fermelarochette.ch\/wp-content\/uploads\/2022\/02\/jonathan-kemper-4z3lnwEvZQw-unsplash-scaled.jpg\",\"articleSection\":[\"Installation de la ferme\"],\"inLanguage\":\"fr-FR\"},{\"@type\":\"WebPage\",\"@id\":\"https:\/\/fermelarochette.ch\/index.php\/2024\/02\/06\/en-recherche-de-stagiaires\/\",\"url\":\"https:\/\/fermelarochette.ch\/index.php\/2024\/02\/06\/en-recherche-de-stagiaires\/\",\"name\":\"En recherche de stagiaires ! - La Rochette\",\"isPartOf\":{\"@id\":\"https:\/\/fermelarochette.ch\/#website\"},\"primaryImageOfPage\":{\"@id\":\"https:\/\/fermelarochette.ch\/index.php\/2024\/02\/06\/en-recherche-de-stagiaires\/#primaryimage\"},\"image\":{\"@id\":\"https:\/\/fermelarochette.ch\/index.php\/2024\/02\/06\/en-recherche-de-stagiaires\/#primaryimage\"},\"thumbnailUrl\":\"https:\/\/fermelarochette.ch\/wp-content\/uploads\/2022\/02\/jonathan-kemper-4z3lnwEvZQw-unsplash-scaled.jpg\",\"datePublished\":\"2024-02-06T16:51:18+00:00\",\"dateModified\":\"2024-02-08T18:37:44+00:00\",\"author\":{\"@id\":\"https:\/\/fermelarochette.ch\/#\/schema\/person\/8b775b7362809e3390b8957cb4cbe9b7\"},\"breadcrumb\":{\"@id\":\"https:\/\/fermelarochette.ch\/index.php\/2024\/02\/06\/en-recherche-de-stagiaires\/#breadcrumb\"},\"inLanguage\":\"fr-FR\",\"potentialAction\":[{\"@type\":\"ReadAction\",\"target\":[\"https:\/\/fermelarochette.ch\/index.php\/2024\/02\/06\/en-recherche-de-stagiaires\/\"]}]},{\"@type\":\"ImageObject\",\"inLanguage\":\"fr-FR\",\"@id\":\"https:\/\/fermelarochette.ch\/index.php\/2024\/02\/06\/en-recherche-de-stagiaires\/#primaryimage\",\"url\":\"https:\/\/fermelarochette.ch\/wp-content\/uploads\/2022\/02\/jonathan-kemper-4z3lnwEvZQw-unsplash-scaled.jpg\",\"contentUrl\":\"https:\/\/fermelarochette.ch\/wp-content\/uploads\/2022\/02\/jonathan-kemper-4z3lnwEvZQw-unsplash-scaled.jpg\",\"width\":2560,\"height\":1707,\"caption\":\"formations conseils ateliers visites\"},{\"@type\":\"BreadcrumbList\",\"@id\":\"https:\/\/fermelarochette.ch\/index.php\/2024\/02\/06\/en-recherche-de-stagiaires\/#breadcrumb\",\"itemListElement\":[{\"@type\":\"ListItem\",\"position\":1,\"name\":\"Accueil\",\"item\":\"https:\/\/fermelarochette.ch\/\"},{\"@type\":\"ListItem\",\"position\":2,\"name\":\"En recherche de stagiaires !\"}]},{\"@type\":\"WebSite\",\"@id\":\"https:\/\/fermelarochette.ch\/#website\",\"url\":\"https:\/\/fermelarochette.ch\/\",\"name\":\"La Rochette\",\"description\":\"Micro-ferme biologique\",\"potentialAction\":[{\"@type\":\"SearchAction\",\"target\":{\"@type\":\"EntryPoint\",\"urlTemplate\":\"https:\/\/fermelarochette.ch\/?s={search_term_string}\"},\"query-input\":{\"@type\":\"PropertyValueSpecification\",\"valueRequired\":true,\"valueName\":\"search_term_string\"}}],\"inLanguage\":\"fr-FR\"},{\"@type\":\"Person\",\"@id\":\"https:\/\/fermelarochette.ch\/#\/schema\/person\/8b775b7362809e3390b8957cb4cbe9b7\",\"name\":\"Claudine\",\"image\":{\"@type\":\"ImageObject\",\"inLanguage\":\"fr-FR\",\"@id\":\"https:\/\/fermelarochette.ch\/#\/schema\/person\/image\/\",\"url\":\"https:\/\/secure.gravatar.com\/avatar\/c0dbc1c85619dc3f9e194c4bf5d3dc2a869999ff80aac4f0369e52a5ffe5b600?s=96&d=mm&r=g\",\"contentUrl\":\"https:\/\/secure.gravatar.com\/avatar\/c0dbc1c85619dc3f9e194c4bf5d3dc2a869999ff80aac4f0369e52a5ffe5b600?s=96&d=mm&r=g\",\"caption\":\"Claudine\"},\"sameAs\":[\"https:\/\/fermelarochette.ch\"],\"url\":\"https:\/\/fermelarochette.ch\/index.php\/author\/claudine\/\"}]}<\/script>\n<!-- \/ Yoast SEO plugin. -->","yoast_head_json":{"title":"En recherche de stagiaires ! - La Rochette","robots":{"index":"index","follow":"follow","max-snippet":"max-snippet:-1","max-image-preview":"max-image-preview:large","max-video-preview":"max-video-preview:-1"},"canonical":"https:\/\/fermelarochette.ch\/index.php\/2024\/02\/06\/en-recherche-de-stagiaires\/","og_locale":"fr_FR","og_type":"article","og_title":"En recherche de stagiaires ! - La Rochette","og_description":"Tu souhaites d\u00e9couvrir le mara\u00eechage manuel, les plantes m\u00e9dicinales ou encore construire toutes sortes d&rsquo;am\u00e9nagements ? Viens chez nous ! Tu ne t&rsquo;ennuieras pas et &hellip;","og_url":"https:\/\/fermelarochette.ch\/index.php\/2024\/02\/06\/en-recherche-de-stagiaires\/","og_site_name":"La Rochette","article_published_time":"2024-02-06T16:51:18+00:00","article_modified_time":"2024-02-08T18:37:44+00:00","og_image":[{"width":2560,"height":1707,"url":"https:\/\/fermelarochette.ch\/wp-content\/uploads\/2022\/02\/jonathan-kemper-4z3lnwEvZQw-unsplash-scaled.jpg","type":"image\/jpeg"}],"author":"Claudine","twitter_card":"summary_large_image","twitter_misc":{"\u00c9crit par":"Claudine","Dur\u00e9e de lecture estim\u00e9e":"1 minute"},"schema":{"@context":"https:\/\/schema.org","@graph":[{"@type":"Article","@id":"https:\/\/fermelarochette.ch\/index.php\/2024\/02\/06\/en-recherche-de-stagiaires\/#article","isPartOf":{"@id":"https:\/\/fermelarochette.ch\/index.php\/2024\/02\/06\/en-recherche-de-stagiaires\/"},"author":{"name":"Claudine","@id":"https:\/\/fermelarochette.ch\/#\/schema\/person\/8b775b7362809e3390b8957cb4cbe9b7"},"headline":"En recherche de stagiaires !","datePublished":"2024-02-06T16:51:18+00:00","dateModified":"2024-02-08T18:37:44+00:00","mainEntityOfPage":{"@id":"https:\/\/fermelarochette.ch\/index.php\/2024\/02\/06\/en-recherche-de-stagiaires\/"},"wordCount":276,"image":{"@id":"https:\/\/fermelarochette.ch\/index.php\/2024\/02\/06\/en-recherche-de-stagiaires\/#primaryimage"},"thumbnailUrl":"https:\/\/fermelarochette.ch\/wp-content\/uploads\/2022\/02\/jonathan-kemper-4z3lnwEvZQw-unsplash-scaled.jpg","articleSection":["Installation de la ferme"],"inLanguage":"fr-FR"},{"@type":"WebPage","@id":"https:\/\/fermelarochette.ch\/index.php\/2024\/02\/06\/en-recherche-de-stagiaires\/","url":"https:\/\/fermelarochette.ch\/index.php\/2024\/02\/06\/en-recherche-de-stagiaires\/","name":"En recherche de stagiaires ! - La Rochette","isPartOf":{"@id":"https:\/\/fermelarochette.ch\/#website"},"primaryImageOfPage":{"@id":"https:\/\/fermelarochette.ch\/index.php\/2024\/02\/06\/en-recherche-de-stagiaires\/#primaryimage"},"image":{"@id":"https:\/\/fermelarochette.ch\/index.php\/2024\/02\/06\/en-recherche-de-stagiaires\/#primaryimage"},"thumbnailUrl":"https:\/\/fermelarochette.ch\/wp-content\/uploads\/2022\/02\/jonathan-kemper-4z3lnwEvZQw-unsplash-scaled.jpg","datePublished":"2024-02-06T16:51:18+00:00","dateModified":"2024-02-08T18:37:44+00:00","author":{"@id":"https:\/\/fermelarochette.ch\/#\/schema\/person\/8b775b7362809e3390b8957cb4cbe9b7"},"breadcrumb":{"@id":"https:\/\/fermelarochette.ch\/index.php\/2024\/02\/06\/en-recherche-de-stagiaires\/#breadcrumb"},"inLanguage":"fr-FR","potentialAction":[{"@type":"ReadAction","target":["https:\/\/fermelarochette.ch\/index.php\/2024\/02\/06\/en-recherche-de-stagiaires\/"]}]},{"@type":"ImageObject","inLanguage":"fr-FR","@id":"https:\/\/fermelarochette.ch\/index.php\/2024\/02\/06\/en-recherche-de-stagiaires\/#primaryimage","url":"https:\/\/fermelarochette.ch\/wp-content\/uploads\/2022\/02\/jonathan-kemper-4z3lnwEvZQw-unsplash-scaled.jpg","contentUrl":"https:\/\/fermelarochette.ch\/wp-content\/uploads\/2022\/02\/jonathan-kemper-4z3lnwEvZQw-unsplash-scaled.jpg","width":2560,"height":1707,"caption":"formations conseils ateliers visites"},{"@type":"BreadcrumbList","@id":"https:\/\/fermelarochette.ch\/index.php\/2024\/02\/06\/en-recherche-de-stagiaires\/#breadcrumb","itemListElement":[{"@type":"ListItem","position":1,"name":"Accueil","item":"https:\/\/fermelarochette.ch\/"},{"@type":"ListItem","position":2,"name":"En recherche de stagiaires !"}]},{"@type":"WebSite","@id":"https:\/\/fermelarochette.ch\/#website","url":"https:\/\/fermelarochette.ch\/","name":"La Rochette","description":"Micro-ferme biologique","potentialAction":[{"@type":"SearchAction","target":{"@type":"EntryPoint","urlTemplate":"https:\/\/fermelarochette.ch\/?s={search_term_string}"},"query-input":{"@type":"PropertyValueSpecification","valueRequired":true,"valueName":"search_term_string"}}],"inLanguage":"fr-FR"},{"@type":"Person","@id":"https:\/\/fermelarochette.ch\/#\/schema\/person\/8b775b7362809e3390b8957cb4cbe9b7","name":"Claudine","image":{"@type":"ImageObject","inLanguage":"fr-FR","@id":"https:\/\/fermelarochette.ch\/#\/schema\/person\/image\/","url":"https:\/\/secure.gravatar.com\/avatar\/c0dbc1c85619dc3f9e194c4bf5d3dc2a869999ff80aac4f0369e52a5ffe5b600?s=96&d=mm&r=g","contentUrl":"https:\/\/secure.gravatar.com\/avatar\/c0dbc1c85619dc3f9e194c4bf5d3dc2a869999ff80aac4f0369e52a5ffe5b600?s=96&d=mm&r=g","caption":"Claudine"},"sameAs":["https:\/\/fermelarochette.ch"],"url":"https:\/\/fermelarochette.ch\/index.php\/author\/claudine\/"}]}},"jetpack_featured_media_url":"https:\/\/fermelarochette.ch\/wp-content\/uploads\/2022\/02\/jonathan-kemper-4z3lnwEvZQw-unsplash-scaled.jpg","jetpack_sharing_enabled":true,"_links":{"self":[{"href":"https:\/\/fermelarochette.ch\/index.php\/wp-json\/wp\/v2\/posts\/1907","targetHints":{"allow":["GET"]}}],"collection":[{"href":"https:\/\/fermelarochette.ch\/index.php\/wp-json\/wp\/v2\/posts"}],"about":[{"href":"https:\/\/fermelarochette.ch\/index.php\/wp-json\/wp\/v2\/types\/post"}],"author":[{"embeddable":true,"href":"https:\/\/fermelarochette.ch\/index.php\/wp-json\/wp\/v2\/users\/1"}],"replies":[{"embeddable":true,"href":"https:\/\/fermelarochette.ch\/index.php\/wp-json\/wp\/v2\/comments?post=1907"}],"version-history":[{"count":4,"href":"https:\/\/fermelarochette.ch\/index.php\/wp-json\/wp\/v2\/posts\/1907\/revisions"}],"predecessor-version":[{"id":1912,"href":"https:\/\/fermelarochette.ch\/index.php\/wp-json\/wp\/v2\/posts\/1907\/revisions\/1912"}],"wp:featuredmedia":[{"embeddable":true,"href":"https:\/\/fermelarochette.ch\/index.php\/wp-json\/wp\/v2\/media\/844"}],"wp:attachment":[{"href":"https:\/\/fermelarochette.ch\/index.php\/wp-json\/wp\/v2\/media?parent=1907"}],"wp:term":[{"taxonomy":"category","embeddable":true,"href":"https:\/\/fermelarochette.ch\/index.php\/wp-json\/wp\/v2\/categories?post=1907"},{"taxonomy":"post_tag","embeddable":true,"href":"https:\/\/fermelarochette.ch\/index.php\/wp-json\/wp\/v2\/tags?post=1907"}],"curies":[{"name":"wp","href":"https:\/\/api.w.org\/{rel}","templated":true}]}}