{"id":1877,"date":"2024-01-15T15:17:10","date_gmt":"2024-01-15T14:17:10","guid":{"rendered":"https:\/\/fermelarochette.ch\/?p=1877"},"modified":"2025-03-21T01:10:25","modified_gmt":"2025-03-21T00:10:25","slug":"une-mare-pour-la-biodiversite","status":"publish","type":"post","link":"https:\/\/fermelarochette.ch\/index.php\/2024\/01\/15\/une-mare-pour-la-biodiversite\/","title":{"rendered":"Une mare pour la biodiversit\u00e9"},"content":{"rendered":"\n<h4 class=\"wp-block-heading\"><strong>Gr\u00e2ce \u00e0 des b\u00e9n\u00e9voles acharn\u00e9s, l\u2019expertise de Lara Grandgirard (WWF) et de Patrick R\u00f6schli (Karch) ainsi qu\u2019une bonne dose de patience, un plan d\u2019eau a \u00e9t\u00e9 creus\u00e9 dans le jardin-mara\u00eecher de La Rochette. Presque une ann\u00e9e apr\u00e8s les premiers coups de pelle, voici un compte-rendu des \u00e9tapes ayant permis la cr\u00e9ation d\u2019une mare aujourd\u2019hui pleine de vie. &nbsp;<\/strong><\/h4>\n\n\n\n<p>Amphibiens, reptiles, insectes mais aussi oiseaux et autres mammif\u00e8res\u2026 C\u2019est \u00e0 toutes les petites et grandes cr\u00e9atures de notre coin de pays que nous avons pens\u00e9 lorsque nous avons choisi de consacrer une partie du terrain-mara\u00eecher au creusement d\u2019une mare. Notre objectif&nbsp;: am\u00e9nager un biotope humide et fournir de l\u2019eau libre \u00e0 tous les int\u00e9ress\u00e9s, qu\u2019ils souhaitent y vivre, y pondre ou simplement y boire, am\u00e9liorant ainsi la biodiversit\u00e9 du lieu. Cette d\u00e9marche n\u2019\u00e9tait pas totalement d\u00e9sint\u00e9ress\u00e9e, car saviez-vous que bon nombre des habitants des mares appr\u00e9cient grignoter certains ravageurs de nos pr\u00e9cieux l\u00e9gumes&nbsp;? Il s\u2019agirait donc d\u2019un \u00e9change de bons proc\u00e9d\u00e9s. Encore fallait-il trouver comment faire, nous qui ne sommes aucunement sp\u00e9cialistes en la mati\u00e8re.<\/p>\n\n\n\n<h4 class=\"wp-block-heading\"><strong>Choix de l\u2019emplacement<\/strong><\/h4>\n\n\n\n<p><strong>Apr\u00e8s avoir soigneusement observ\u00e9 le terrain, nous avons choisi de placer la mare dans le bord Nord-Est de la parcelle&nbsp;<\/strong>: cet emplacement, souvent inond\u00e9 par le ruisseau qui court \u00e0 l\u2019Est et au Nord, pr\u00e9sageait un apport d\u2019eau durant toute l\u2019ann\u00e9e. Et puis, c\u2019\u00e9tait une belle fa\u00e7on d\u2019utiliser une zone o\u00f9 cultiver aurait n\u00e9cessit\u00e9 des am\u00e9nagements (buttes, drainage) qui ne nous disaient rien qui vaille, sur un p\u00e9rim\u00e8tre par ailleurs partiellement prot\u00e9g\u00e9 (le fameux \u00ab&nbsp;p\u00e9rim\u00e8tre r\u00e9serv\u00e9 aux eaux&nbsp;\u00bb).<\/p>\n\n\n\n<h4 class=\"wp-block-heading\"><strong>Une mare sans b\u00e2che<\/strong><\/h4>\n\n\n\n<p>Une fois le permis de construire en poche, nous avons fait appel au WWF pour nous aiguiller dans la conception d\u00e9taill\u00e9e du plan d\u2019eau. Lara Grandgirard, biologiste responsable du projet <a href=\"https:\/\/www.wwf.ch\/fr\/projets\/connexions-naturelles-agriculture-et-biodiversite?utm_campaign=03_21&amp;utm_medium=print&amp;utm_source=wwf_magazin\" target=\"_blank\" rel=\"noreferrer noopener\">Connexions naturelles<\/a>, a d\u2019embl\u00e9e \u00e9t\u00e9 s\u00e9duite par le projet\u00a0: <strong>\u00ab\u00a0Les plans d\u2019eau sont devenus tellement rares dans les zones cultiv\u00e9es, que votre mare sera d\u2019une grande importance\u00a0! \u00bb<\/strong>, nous a-t-elle annonc\u00e9. Compte tenu de la nature souvent mar\u00e9cageuse de la zone et gr\u00e2ce \u00e0 un sol relativement argileux, nous avons choisi de tenter un petit r\u00eave\u00a0: entretenir le plan d\u2019eau sans y mettre aucune b\u00e2che plastique, aidant bien entendu l\u2019implantation de la vie aquatique de toute sorte. Oui, mais\u2026 Selon les conseils de Lara, cela ne serait possible que si de l\u2019eau libre, m\u00eame en petite quantit\u00e9, subsistait dans la mare depuis le printemps et jusqu\u2019\u00e0 fin juillet, permettant aux organismes indig\u00e8nes de r\u00e9aliser leur cycle de reproduction complet. Qu\u2019\u00e0 cela ne tienne, nous nous sommes engag\u00e9s \u00e0 observer la mare tout au long de l\u2019ann\u00e9e afin, si besoin, d\u2019installer une b\u00e2che par la suite.<\/p>\n\n\n\n<h4 class=\"wp-block-heading\"><strong>Jour 1&nbsp;: creusement<\/strong><\/h4>\n\n\n\n<p>En avril 2023, coach\u00e9s par Lara venue pour l\u2019occasion, \u00e9quip\u00e9s d\u2019une pelle m\u00e9canique mani\u00e9e par Joan Studer, exploitant du terrain et associ\u00e9 de La Rochette, nous avons entrepris de creuser la mare. <strong>En une matin\u00e9e, c\u2019\u00e9tait fait&nbsp;!<\/strong> Gr\u00e2ce \u00e0 l\u2019expertise de Lara, plusieurs profondeurs ont \u00e9t\u00e9 am\u00e9nag\u00e9es afin de cr\u00e9er diff\u00e9rents biotopes. Ravis, nous avons n\u00e9anmoins \u00e9prouv\u00e9 un pincement au c\u0153ur&nbsp;: apr\u00e8s tous ces travaux, la prairie d\u2019herbe grasse s\u2019\u00e9tait \u00e0 cet endroit transform\u00e9e en grand chantier plein de traces de pneus et tout retourn\u00e9. Lara nous a rassur\u00e9s&nbsp;: tr\u00e8s vite, la vie allait s\u2019installer autour et dans la mare, la rendant belle et accueillante.<\/p>\n\n\n\n<h4 class=\"wp-block-heading\"><strong>Jour 2&nbsp;: am\u00e9nagement<\/strong><\/h4>\n\n\n\n<p>Apr\u00e8s cette premi\u00e8re journ\u00e9e de travail, il restait encore de quoi faire. Le terrain \u00e9tant l\u00e9g\u00e8rement en pente, <strong>une \u00ab\u00a0digue\u00a0\u00bb a \u00e9t\u00e9 install\u00e9e<\/strong> du c\u00f4t\u00e9 Ouest de la mare afin de r\u00e9duire l\u2019\u00e9coulement naturel de l\u2019eau par ses berges. Ceci a \u00e9t\u00e9 rendu possible gr\u00e2ce au soutien de b\u00e9n\u00e9voles acharn\u00e9s qui, durant toute une journ\u00e9e, ont d\u00e9plac\u00e9 \u00e0 la brouette (he oui\u00a0!) pas moins de la moiti\u00e9 de la terre excav\u00e9e lors du creusement de la mare. D\u2019autres b\u00e9n\u00e9voles tout aussi motiv\u00e9s ont aid\u00e9 \u00e0 disposer des tas de bois autours du plan d\u2019eau afin de cr\u00e9er des <strong>abris naturels<\/strong> tout en la prot\u00e9geant des chiens trop entreprenants. Pour concevoir ces abris, nous avons b\u00e9n\u00e9fici\u00e9 des conseils de Patrick R\u00f6schli, repr\u00e9sentant du <a href=\"https:\/\/www.infofauna.ch\/fr\/services-conseil#gsc.tab=0\" target=\"_blank\" rel=\"noreferrer noopener\">Karch <\/a>(association d\u2019\u00e9tude des amphibiens et de reptiles de Suisse) venu nous pr\u00eater main forte. Croirez-vous que seulement quelques jours apr\u00e8s son installation, il a tellement plu que la mare a d\u00e9bord\u00e9 de toutes parts\u00a0? Gr\u00e2ce \u00e0 la pr\u00e9cieuse digue, les bords du plan d\u2019eau n\u2019ont pas souffert ni cette fois-ci, ni lors des autres inondations.<\/p>\n\n\n\n<h4 class=\"wp-block-heading\"><strong>Suivi, patience et \u00e9merveillement<\/strong><\/h4>\n\n\n\n<p>Une fois tous ces travaux r\u00e9alis\u00e9s, nous avons patiemment observ\u00e9 l\u2019\u00e9volution de la mare. Malgr\u00e9 un \u00e9t\u00e9 sec et quelques frayeurs, un fond d\u2019eau \u00ab&nbsp;libre&nbsp;\u00bb \u00e9tait pr\u00e9sent dans la partie la plus profonde jusqu\u2019au milieu du mois d\u2019ao\u00fbt. Selon l\u2019expertise de Lara, le pari est gagn\u00e9&nbsp;: <strong>il n\u2019y aura pas besoin de b\u00e2che pour \u00e9tanch\u00e9ifier la mare&nbsp;!<\/strong> Au fil des ans, il faudra toutefois l\u2019entretenir pour \u00e9viter qu\u2019elle ne se bouche,&nbsp;en&nbsp;endiguant son invasion par les roseaux et, environ tous les 5 ans, en retirant le trop-plein de vase. Cette derni\u00e8re devra alors \u00eatre mise \u00e0 \u00ab&nbsp;s\u00e9cher&nbsp;\u00bb quelques jours aux abords de la mare afin de permettre \u00e0 tous les organismes y vivant de migrer \u00e0 nouveau dans le plan d\u2019eau, puis nous pourrons l\u2019utiliser comme engrais naturel.<\/p>\n\n\n\n<p><strong>Apr\u00e8s bient\u00f4t une ann\u00e9e depuis le premier coup de pelle, nous sommes \u00e9merveill\u00e9s par toute la vie qui s\u2019y est d\u00e9j\u00e0 install\u00e9e.<\/strong> Les berges sont compl\u00e8tement enherb\u00e9es, des oiseaux se perchent volontiers un peu partout sur les tas de bois entourant le plan d\u2019eau, quelques crapauds ont \u00e9t\u00e9 aper\u00e7us dans le jardin, des libellules de-ci de-l\u00e0\u2026 Nous esp\u00e9rons observer cette ann\u00e9e les premi\u00e8res couv\u00e9es d\u2019amphibiens et, pourquoi pas, voir pousser quelques plantes aquatiques diss\u00e9min\u00e9es depuis la roseli\u00e8re prot\u00e9g\u00e9e qui se trouve un peu plus loin&nbsp;?<\/p>\n\n\n\n<p>Au moment d\u2019\u00e9crire cet article, la mare est presque totalement gel\u00e9e hormis \u00e0 son extr\u00e9mit\u00e9 Est o\u00f9 un flux d\u2019eau constant y coule. Lorsque je suis all\u00e9e prendre quelques photos, un rouge-gorge est venu me dire bonjour. \u00c0 vous qui avez lu ces lignes, je vous transmets ses salutations\u00a0!<\/p>\n\n\n\n<p><\/p>\n\n\n\n<p>Claudine<\/p>\n\n\n\n<div style=\"height:55px\" aria-hidden=\"true\" class=\"wp-block-spacer\"><\/div>\n\n\n\n<figure class=\"wp-block-gallery has-nested-images columns-default is-cropped wp-block-gallery-1 is-layout-flex wp-block-gallery-is-layout-flex\">\n<figure data-wp-context=\"{&quot;imageId&quot;:&quot;69f271f26864c&quot;}\" data-wp-interactive=\"core\/image\" data-wp-key=\"69f271f26864c\" class=\"wp-block-image size-large wp-lightbox-container\"><img decoding=\"async\" width=\"768\" height=\"1024\" data-wp-class--hide=\"state.isContentHidden\" data-wp-class--show=\"state.isContentVisible\" data-wp-init=\"callbacks.setButtonStyles\" data-wp-on--click=\"actions.showLightbox\" data-wp-on--load=\"callbacks.setButtonStyles\" data-wp-on-window--resize=\"callbacks.setButtonStyles\" data-id=\"1874\" data-src=\"https:\/\/fermelarochette.ch\/wp-content\/uploads\/2024\/01\/La-mare-juste-apres-sa-creation_avril-2023-768x1024.jpeg\" alt=\"\" class=\"wp-image-1874 lazyload\" data-srcset=\"https:\/\/fermelarochette.ch\/wp-content\/uploads\/2024\/01\/La-mare-juste-apres-sa-creation_avril-2023-768x1024.jpeg 768w, https:\/\/fermelarochette.ch\/wp-content\/uploads\/2024\/01\/La-mare-juste-apres-sa-creation_avril-2023-scaled-600x800.jpeg 600w, https:\/\/fermelarochette.ch\/wp-content\/uploads\/2024\/01\/La-mare-juste-apres-sa-creation_avril-2023-225x300.jpeg 225w, https:\/\/fermelarochette.ch\/wp-content\/uploads\/2024\/01\/La-mare-juste-apres-sa-creation_avril-2023-1152x1536.jpeg 1152w, https:\/\/fermelarochette.ch\/wp-content\/uploads\/2024\/01\/La-mare-juste-apres-sa-creation_avril-2023-1536x2048.jpeg 1536w, https:\/\/fermelarochette.ch\/wp-content\/uploads\/2024\/01\/La-mare-juste-apres-sa-creation_avril-2023-scaled.jpeg 1920w\" data-sizes=\"(max-width: 768px) 100vw, 768px\" src=\"data:image\/svg+xml;base64,PHN2ZyB3aWR0aD0iMSIgaGVpZ2h0PSIxIiB4bWxucz0iaHR0cDovL3d3dy53My5vcmcvMjAwMC9zdmciPjwvc3ZnPg==\" style=\"--smush-placeholder-width: 768px; --smush-placeholder-aspect-ratio: 768\/1024;\" \/><button\n\t\t\tclass=\"lightbox-trigger\"\n\t\t\ttype=\"button\"\n\t\t\taria-haspopup=\"dialog\"\n\t\t\taria-label=\"Agrandir\"\n\t\t\tdata-wp-init=\"callbacks.initTriggerButton\"\n\t\t\tdata-wp-on--click=\"actions.showLightbox\"\n\t\t\tdata-wp-style--right=\"state.imageButtonRight\"\n\t\t\tdata-wp-style--top=\"state.imageButtonTop\"\n\t\t>\n\t\t\t<svg xmlns=\"http:\/\/www.w3.org\/2000\/svg\" width=\"12\" height=\"12\" fill=\"none\" viewBox=\"0 0 12 12\">\n\t\t\t\t<path fill=\"#fff\" d=\"M2 0a2 2 0 0 0-2 2v2h1.5V2a.5.5 0 0 1 .5-.5h2V0H2Zm2 10.5H2a.5.5 0 0 1-.5-.5V8H0v2a2 2 0 0 0 2 2h2v-1.5ZM8 12v-1.5h2a.5.5 0 0 0 .5-.5V8H12v2a2 2 0 0 1-2 2H8Zm2-12a2 2 0 0 1 2 2v2h-1.5V2a.5.5 0 0 0-.5-.5H8V0h2Z\" \/>\n\t\t\t<\/svg>\n\t\t<\/button><\/figure>\n\n\n\n<figure data-wp-context=\"{&quot;imageId&quot;:&quot;69f271f26921e&quot;}\" data-wp-interactive=\"core\/image\" data-wp-key=\"69f271f26921e\" class=\"wp-block-image size-large wp-lightbox-container\"><img decoding=\"async\" width=\"768\" height=\"1024\" data-wp-class--hide=\"state.isContentHidden\" data-wp-class--show=\"state.isContentVisible\" data-wp-init=\"callbacks.setButtonStyles\" data-wp-on--click=\"actions.showLightbox\" data-wp-on--load=\"callbacks.setButtonStyles\" data-wp-on-window--resize=\"callbacks.setButtonStyles\" data-id=\"1872\" data-src=\"https:\/\/fermelarochette.ch\/wp-content\/uploads\/2024\/01\/La-mare-a-lautomne-2023-768x1024.jpg\" alt=\"\" class=\"wp-image-1872 lazyload\" data-srcset=\"https:\/\/fermelarochette.ch\/wp-content\/uploads\/2024\/01\/La-mare-a-lautomne-2023-768x1024.jpg 768w, https:\/\/fermelarochette.ch\/wp-content\/uploads\/2024\/01\/La-mare-a-lautomne-2023-scaled-600x800.jpg 600w, https:\/\/fermelarochette.ch\/wp-content\/uploads\/2024\/01\/La-mare-a-lautomne-2023-225x300.jpg 225w, https:\/\/fermelarochette.ch\/wp-content\/uploads\/2024\/01\/La-mare-a-lautomne-2023-1152x1536.jpg 1152w, https:\/\/fermelarochette.ch\/wp-content\/uploads\/2024\/01\/La-mare-a-lautomne-2023-1536x2048.jpg 1536w, https:\/\/fermelarochette.ch\/wp-content\/uploads\/2024\/01\/La-mare-a-lautomne-2023-scaled.jpg 1920w\" data-sizes=\"(max-width: 768px) 100vw, 768px\" src=\"data:image\/svg+xml;base64,PHN2ZyB3aWR0aD0iMSIgaGVpZ2h0PSIxIiB4bWxucz0iaHR0cDovL3d3dy53My5vcmcvMjAwMC9zdmciPjwvc3ZnPg==\" style=\"--smush-placeholder-width: 768px; --smush-placeholder-aspect-ratio: 768\/1024;\" \/><button\n\t\t\tclass=\"lightbox-trigger\"\n\t\t\ttype=\"button\"\n\t\t\taria-haspopup=\"dialog\"\n\t\t\taria-label=\"Agrandir\"\n\t\t\tdata-wp-init=\"callbacks.initTriggerButton\"\n\t\t\tdata-wp-on--click=\"actions.showLightbox\"\n\t\t\tdata-wp-style--right=\"state.imageButtonRight\"\n\t\t\tdata-wp-style--top=\"state.imageButtonTop\"\n\t\t>\n\t\t\t<svg xmlns=\"http:\/\/www.w3.org\/2000\/svg\" width=\"12\" height=\"12\" fill=\"none\" viewBox=\"0 0 12 12\">\n\t\t\t\t<path fill=\"#fff\" d=\"M2 0a2 2 0 0 0-2 2v2h1.5V2a.5.5 0 0 1 .5-.5h2V0H2Zm2 10.5H2a.5.5 0 0 1-.5-.5V8H0v2a2 2 0 0 0 2 2h2v-1.5ZM8 12v-1.5h2a.5.5 0 0 0 .5-.5V8H12v2a2 2 0 0 1-2 2H8Zm2-12a2 2 0 0 1 2 2v2h-1.5V2a.5.5 0 0 0-.5-.5H8V0h2Z\" \/>\n\t\t\t<\/svg>\n\t\t<\/button><\/figure>\n\n\n\n<figure data-wp-context=\"{&quot;imageId&quot;:&quot;69f271f269a26&quot;}\" data-wp-interactive=\"core\/image\" data-wp-key=\"69f271f269a26\" class=\"wp-block-image size-large wp-lightbox-container\"><img decoding=\"async\" width=\"768\" height=\"1024\" data-wp-class--hide=\"state.isContentHidden\" data-wp-class--show=\"state.isContentVisible\" data-wp-init=\"callbacks.setButtonStyles\" data-wp-on--click=\"actions.showLightbox\" data-wp-on--load=\"callbacks.setButtonStyles\" data-wp-on-window--resize=\"callbacks.setButtonStyles\" data-id=\"1873\" data-src=\"https:\/\/fermelarochette.ch\/wp-content\/uploads\/2024\/01\/La-mare-en-janvier-2024-768x1024.jpg\" alt=\"\" class=\"wp-image-1873 lazyload\" data-srcset=\"https:\/\/fermelarochette.ch\/wp-content\/uploads\/2024\/01\/La-mare-en-janvier-2024-768x1024.jpg 768w, https:\/\/fermelarochette.ch\/wp-content\/uploads\/2024\/01\/La-mare-en-janvier-2024-scaled-600x800.jpg 600w, https:\/\/fermelarochette.ch\/wp-content\/uploads\/2024\/01\/La-mare-en-janvier-2024-225x300.jpg 225w, https:\/\/fermelarochette.ch\/wp-content\/uploads\/2024\/01\/La-mare-en-janvier-2024-1152x1536.jpg 1152w, https:\/\/fermelarochette.ch\/wp-content\/uploads\/2024\/01\/La-mare-en-janvier-2024-1536x2048.jpg 1536w, https:\/\/fermelarochette.ch\/wp-content\/uploads\/2024\/01\/La-mare-en-janvier-2024-scaled.jpg 1920w\" data-sizes=\"(max-width: 768px) 100vw, 768px\" src=\"data:image\/svg+xml;base64,PHN2ZyB3aWR0aD0iMSIgaGVpZ2h0PSIxIiB4bWxucz0iaHR0cDovL3d3dy53My5vcmcvMjAwMC9zdmciPjwvc3ZnPg==\" style=\"--smush-placeholder-width: 768px; --smush-placeholder-aspect-ratio: 768\/1024;\" \/><button\n\t\t\tclass=\"lightbox-trigger\"\n\t\t\ttype=\"button\"\n\t\t\taria-haspopup=\"dialog\"\n\t\t\taria-label=\"Agrandir\"\n\t\t\tdata-wp-init=\"callbacks.initTriggerButton\"\n\t\t\tdata-wp-on--click=\"actions.showLightbox\"\n\t\t\tdata-wp-style--right=\"state.imageButtonRight\"\n\t\t\tdata-wp-style--top=\"state.imageButtonTop\"\n\t\t>\n\t\t\t<svg xmlns=\"http:\/\/www.w3.org\/2000\/svg\" width=\"12\" height=\"12\" fill=\"none\" viewBox=\"0 0 12 12\">\n\t\t\t\t<path fill=\"#fff\" d=\"M2 0a2 2 0 0 0-2 2v2h1.5V2a.5.5 0 0 1 .5-.5h2V0H2Zm2 10.5H2a.5.5 0 0 1-.5-.5V8H0v2a2 2 0 0 0 2 2h2v-1.5ZM8 12v-1.5h2a.5.5 0 0 0 .5-.5V8H12v2a2 2 0 0 1-2 2H8Zm2-12a2 2 0 0 1 2 2v2h-1.5V2a.5.5 0 0 0-.5-.5H8V0h2Z\" \/>\n\t\t\t<\/svg>\n\t\t<\/button><\/figure>\n\n\n\n<figure data-wp-context=\"{&quot;imageId&quot;:&quot;69f271f26a182&quot;}\" data-wp-interactive=\"core\/image\" data-wp-key=\"69f271f26a182\" class=\"wp-block-image size-large wp-lightbox-container\"><img decoding=\"async\" width=\"1024\" height=\"768\" data-wp-class--hide=\"state.isContentHidden\" data-wp-class--show=\"state.isContentVisible\" data-wp-init=\"callbacks.setButtonStyles\" data-wp-on--click=\"actions.showLightbox\" data-wp-on--load=\"callbacks.setButtonStyles\" data-wp-on-window--resize=\"callbacks.setButtonStyles\" data-id=\"1876\" data-src=\"https:\/\/fermelarochette.ch\/wp-content\/uploads\/2024\/01\/Plan-de-la-mare_avril-2023-1024x768.jpg\" alt=\"\" class=\"wp-image-1876 lazyload\" data-srcset=\"https:\/\/fermelarochette.ch\/wp-content\/uploads\/2024\/01\/Plan-de-la-mare_avril-2023-1024x768.jpg 1024w, https:\/\/fermelarochette.ch\/wp-content\/uploads\/2024\/01\/Plan-de-la-mare_avril-2023-scaled-600x450.jpg 600w, https:\/\/fermelarochette.ch\/wp-content\/uploads\/2024\/01\/Plan-de-la-mare_avril-2023-300x225.jpg 300w, https:\/\/fermelarochette.ch\/wp-content\/uploads\/2024\/01\/Plan-de-la-mare_avril-2023-768x576.jpg 768w, https:\/\/fermelarochette.ch\/wp-content\/uploads\/2024\/01\/Plan-de-la-mare_avril-2023-1536x1152.jpg 1536w, https:\/\/fermelarochette.ch\/wp-content\/uploads\/2024\/01\/Plan-de-la-mare_avril-2023-2048x1536.jpg 2048w, https:\/\/fermelarochette.ch\/wp-content\/uploads\/2024\/01\/Plan-de-la-mare_avril-2023-400x300.jpg 400w\" data-sizes=\"(max-width: 1024px) 100vw, 1024px\" src=\"data:image\/svg+xml;base64,PHN2ZyB3aWR0aD0iMSIgaGVpZ2h0PSIxIiB4bWxucz0iaHR0cDovL3d3dy53My5vcmcvMjAwMC9zdmciPjwvc3ZnPg==\" style=\"--smush-placeholder-width: 1024px; --smush-placeholder-aspect-ratio: 1024\/768;\" \/><button\n\t\t\tclass=\"lightbox-trigger\"\n\t\t\ttype=\"button\"\n\t\t\taria-haspopup=\"dialog\"\n\t\t\taria-label=\"Agrandir\"\n\t\t\tdata-wp-init=\"callbacks.initTriggerButton\"\n\t\t\tdata-wp-on--click=\"actions.showLightbox\"\n\t\t\tdata-wp-style--right=\"state.imageButtonRight\"\n\t\t\tdata-wp-style--top=\"state.imageButtonTop\"\n\t\t>\n\t\t\t<svg xmlns=\"http:\/\/www.w3.org\/2000\/svg\" width=\"12\" height=\"12\" fill=\"none\" viewBox=\"0 0 12 12\">\n\t\t\t\t<path fill=\"#fff\" d=\"M2 0a2 2 0 0 0-2 2v2h1.5V2a.5.5 0 0 1 .5-.5h2V0H2Zm2 10.5H2a.5.5 0 0 1-.5-.5V8H0v2a2 2 0 0 0 2 2h2v-1.5ZM8 12v-1.5h2a.5.5 0 0 0 .5-.5V8H12v2a2 2 0 0 1-2 2H8Zm2-12a2 2 0 0 1 2 2v2h-1.5V2a.5.5 0 0 0-.5-.5H8V0h2Z\" \/>\n\t\t\t<\/svg>\n\t\t<\/button><\/figure>\n\n\n\n<figure data-wp-context=\"{&quot;imageId&quot;:&quot;69f271f26a8c2&quot;}\" data-wp-interactive=\"core\/image\" data-wp-key=\"69f271f26a8c2\" class=\"wp-block-image size-large wp-lightbox-container\"><img decoding=\"async\" width=\"1024\" height=\"768\" data-wp-class--hide=\"state.isContentHidden\" data-wp-class--show=\"state.isContentVisible\" data-wp-init=\"callbacks.setButtonStyles\" data-wp-on--click=\"actions.showLightbox\" data-wp-on--load=\"callbacks.setButtonStyles\" data-wp-on-window--resize=\"callbacks.setButtonStyles\" data-id=\"1875\" data-src=\"https:\/\/fermelarochette.ch\/wp-content\/uploads\/2024\/01\/La-mare-presque-a-sec-en-juillet-2023-1024x768.jpg\" alt=\"\" class=\"wp-image-1875 lazyload\" data-srcset=\"https:\/\/fermelarochette.ch\/wp-content\/uploads\/2024\/01\/La-mare-presque-a-sec-en-juillet-2023-1024x768.jpg 1024w, https:\/\/fermelarochette.ch\/wp-content\/uploads\/2024\/01\/La-mare-presque-a-sec-en-juillet-2023-scaled-600x450.jpg 600w, https:\/\/fermelarochette.ch\/wp-content\/uploads\/2024\/01\/La-mare-presque-a-sec-en-juillet-2023-300x225.jpg 300w, https:\/\/fermelarochette.ch\/wp-content\/uploads\/2024\/01\/La-mare-presque-a-sec-en-juillet-2023-768x576.jpg 768w, https:\/\/fermelarochette.ch\/wp-content\/uploads\/2024\/01\/La-mare-presque-a-sec-en-juillet-2023-1536x1152.jpg 1536w, https:\/\/fermelarochette.ch\/wp-content\/uploads\/2024\/01\/La-mare-presque-a-sec-en-juillet-2023-2048x1536.jpg 2048w, https:\/\/fermelarochette.ch\/wp-content\/uploads\/2024\/01\/La-mare-presque-a-sec-en-juillet-2023-400x300.jpg 400w\" data-sizes=\"(max-width: 1024px) 100vw, 1024px\" src=\"data:image\/svg+xml;base64,PHN2ZyB3aWR0aD0iMSIgaGVpZ2h0PSIxIiB4bWxucz0iaHR0cDovL3d3dy53My5vcmcvMjAwMC9zdmciPjwvc3ZnPg==\" style=\"--smush-placeholder-width: 1024px; --smush-placeholder-aspect-ratio: 1024\/768;\" \/><button\n\t\t\tclass=\"lightbox-trigger\"\n\t\t\ttype=\"button\"\n\t\t\taria-haspopup=\"dialog\"\n\t\t\taria-label=\"Agrandir\"\n\t\t\tdata-wp-init=\"callbacks.initTriggerButton\"\n\t\t\tdata-wp-on--click=\"actions.showLightbox\"\n\t\t\tdata-wp-style--right=\"state.imageButtonRight\"\n\t\t\tdata-wp-style--top=\"state.imageButtonTop\"\n\t\t>\n\t\t\t<svg xmlns=\"http:\/\/www.w3.org\/2000\/svg\" width=\"12\" height=\"12\" fill=\"none\" viewBox=\"0 0 12 12\">\n\t\t\t\t<path fill=\"#fff\" d=\"M2 0a2 2 0 0 0-2 2v2h1.5V2a.5.5 0 0 1 .5-.5h2V0H2Zm2 10.5H2a.5.5 0 0 1-.5-.5V8H0v2a2 2 0 0 0 2 2h2v-1.5ZM8 12v-1.5h2a.5.5 0 0 0 .5-.5V8H12v2a2 2 0 0 1-2 2H8Zm2-12a2 2 0 0 1 2 2v2h-1.5V2a.5.5 0 0 0-.5-.5H8V0h2Z\" \/>\n\t\t\t<\/svg>\n\t\t<\/button><\/figure>\n<\/figure>\n","protected":false},"excerpt":{"rendered":"<p>Gr\u00e2ce \u00e0 des b\u00e9n\u00e9voles acharn\u00e9s, l\u2019expertise de Lara Grandgirard (WWF) et de Patrick R\u00f6schli (Karch) ainsi qu\u2019une bonne dose de patience, un plan d\u2019eau a &hellip;<\/p>\n","protected":false},"author":1,"featured_media":1878,"comment_status":"closed","ping_status":"closed","sticky":false,"template":"","format":"standard","meta":{"_price":"","_stock":"","_tribe_ticket_header":"","_tribe_default_ticket_provider":"","_ticket_start_date":"","_ticket_end_date":"","_tribe_ticket_show_description":"","_tribe_ticket_show_not_going":false,"_tribe_ticket_use_global_stock":"","_tribe_ticket_global_stock_level":"","_global_stock_mode":"","_global_stock_cap":"","_tribe_rsvp_for_event":"","_tribe_ticket_going_count":"","_tribe_ticket_not_going_count":"","_tribe_tickets_list":"[]","_tribe_ticket_has_attendee_info_fields":false,"_jetpack_memberships_contains_paid_content":false,"footnotes":""},"categories":[22],"tags":[],"class_list":["post-1877","post","type-post","status-publish","format-standard","has-post-thumbnail","hentry","category-installation"],"yoast_head":"<!-- This site is optimized with the Yoast SEO plugin v26.9 - https:\/\/yoast.com\/product\/yoast-seo-wordpress\/ -->\n<title>Une mare pour la biodiversit\u00e9 - La Rochette<\/title>\n<meta name=\"robots\" content=\"index, follow, max-snippet:-1, max-image-preview:large, max-video-preview:-1\" \/>\n<link rel=\"canonical\" href=\"https:\/\/fermelarochette.ch\/index.php\/2024\/01\/15\/une-mare-pour-la-biodiversite\/\" \/>\n<meta property=\"og:locale\" content=\"fr_FR\" \/>\n<meta property=\"og:type\" content=\"article\" \/>\n<meta property=\"og:title\" content=\"Une mare pour la biodiversit\u00e9 - La Rochette\" \/>\n<meta property=\"og:description\" content=\"Gr\u00e2ce \u00e0 des b\u00e9n\u00e9voles acharn\u00e9s, l\u2019expertise de Lara Grandgirard (WWF) et de Patrick R\u00f6schli (Karch) ainsi qu\u2019une bonne dose de patience, un plan d\u2019eau a &hellip;\" \/>\n<meta property=\"og:url\" content=\"https:\/\/fermelarochette.ch\/index.php\/2024\/01\/15\/une-mare-pour-la-biodiversite\/\" \/>\n<meta property=\"og:site_name\" content=\"La Rochette\" \/>\n<meta property=\"article:published_time\" content=\"2024-01-15T14:17:10+00:00\" \/>\n<meta property=\"article:modified_time\" content=\"2025-03-21T00:10:25+00:00\" \/>\n<meta property=\"og:image\" content=\"https:\/\/fermelarochette.ch\/wp-content\/uploads\/2024\/01\/automne-2023_2-scaled.jpg\" \/>\n\t<meta property=\"og:image:width\" content=\"1920\" \/>\n\t<meta property=\"og:image:height\" content=\"2560\" \/>\n\t<meta property=\"og:image:type\" content=\"image\/jpeg\" \/>\n<meta name=\"author\" content=\"Claudine\" \/>\n<meta name=\"twitter:card\" content=\"summary_large_image\" \/>\n<meta name=\"twitter:label1\" content=\"\u00c9crit par\" \/>\n\t<meta name=\"twitter:data1\" content=\"Claudine\" \/>\n\t<meta name=\"twitter:label2\" content=\"Dur\u00e9e de lecture estim\u00e9e\" \/>\n\t<meta name=\"twitter:data2\" content=\"6 minutes\" \/>\n<script type=\"application\/ld+json\" class=\"yoast-schema-graph\">{\"@context\":\"https:\/\/schema.org\",\"@graph\":[{\"@type\":\"Article\",\"@id\":\"https:\/\/fermelarochette.ch\/index.php\/2024\/01\/15\/une-mare-pour-la-biodiversite\/#article\",\"isPartOf\":{\"@id\":\"https:\/\/fermelarochette.ch\/index.php\/2024\/01\/15\/une-mare-pour-la-biodiversite\/\"},\"author\":{\"name\":\"Claudine\",\"@id\":\"https:\/\/fermelarochette.ch\/#\/schema\/person\/8b775b7362809e3390b8957cb4cbe9b7\"},\"headline\":\"Une mare pour la biodiversit\u00e9\",\"datePublished\":\"2024-01-15T14:17:10+00:00\",\"dateModified\":\"2025-03-21T00:10:25+00:00\",\"mainEntityOfPage\":{\"@id\":\"https:\/\/fermelarochette.ch\/index.php\/2024\/01\/15\/une-mare-pour-la-biodiversite\/\"},\"wordCount\":1180,\"image\":{\"@id\":\"https:\/\/fermelarochette.ch\/index.php\/2024\/01\/15\/une-mare-pour-la-biodiversite\/#primaryimage\"},\"thumbnailUrl\":\"https:\/\/fermelarochette.ch\/wp-content\/uploads\/2024\/01\/automne-2023_2-scaled.jpg\",\"articleSection\":[\"Installation de la ferme\"],\"inLanguage\":\"fr-FR\"},{\"@type\":\"WebPage\",\"@id\":\"https:\/\/fermelarochette.ch\/index.php\/2024\/01\/15\/une-mare-pour-la-biodiversite\/\",\"url\":\"https:\/\/fermelarochette.ch\/index.php\/2024\/01\/15\/une-mare-pour-la-biodiversite\/\",\"name\":\"Une mare pour la biodiversit\u00e9 - La Rochette\",\"isPartOf\":{\"@id\":\"https:\/\/fermelarochette.ch\/#website\"},\"primaryImageOfPage\":{\"@id\":\"https:\/\/fermelarochette.ch\/index.php\/2024\/01\/15\/une-mare-pour-la-biodiversite\/#primaryimage\"},\"image\":{\"@id\":\"https:\/\/fermelarochette.ch\/index.php\/2024\/01\/15\/une-mare-pour-la-biodiversite\/#primaryimage\"},\"thumbnailUrl\":\"https:\/\/fermelarochette.ch\/wp-content\/uploads\/2024\/01\/automne-2023_2-scaled.jpg\",\"datePublished\":\"2024-01-15T14:17:10+00:00\",\"dateModified\":\"2025-03-21T00:10:25+00:00\",\"author\":{\"@id\":\"https:\/\/fermelarochette.ch\/#\/schema\/person\/8b775b7362809e3390b8957cb4cbe9b7\"},\"breadcrumb\":{\"@id\":\"https:\/\/fermelarochette.ch\/index.php\/2024\/01\/15\/une-mare-pour-la-biodiversite\/#breadcrumb\"},\"inLanguage\":\"fr-FR\",\"potentialAction\":[{\"@type\":\"ReadAction\",\"target\":[\"https:\/\/fermelarochette.ch\/index.php\/2024\/01\/15\/une-mare-pour-la-biodiversite\/\"]}]},{\"@type\":\"ImageObject\",\"inLanguage\":\"fr-FR\",\"@id\":\"https:\/\/fermelarochette.ch\/index.php\/2024\/01\/15\/une-mare-pour-la-biodiversite\/#primaryimage\",\"url\":\"https:\/\/fermelarochette.ch\/wp-content\/uploads\/2024\/01\/automne-2023_2-scaled.jpg\",\"contentUrl\":\"https:\/\/fermelarochette.ch\/wp-content\/uploads\/2024\/01\/automne-2023_2-scaled.jpg\",\"width\":1920,\"height\":2560},{\"@type\":\"BreadcrumbList\",\"@id\":\"https:\/\/fermelarochette.ch\/index.php\/2024\/01\/15\/une-mare-pour-la-biodiversite\/#breadcrumb\",\"itemListElement\":[{\"@type\":\"ListItem\",\"position\":1,\"name\":\"Accueil\",\"item\":\"https:\/\/fermelarochette.ch\/\"},{\"@type\":\"ListItem\",\"position\":2,\"name\":\"Une mare pour la biodiversit\u00e9\"}]},{\"@type\":\"WebSite\",\"@id\":\"https:\/\/fermelarochette.ch\/#website\",\"url\":\"https:\/\/fermelarochette.ch\/\",\"name\":\"La Rochette\",\"description\":\"Micro-ferme biologique\",\"potentialAction\":[{\"@type\":\"SearchAction\",\"target\":{\"@type\":\"EntryPoint\",\"urlTemplate\":\"https:\/\/fermelarochette.ch\/?s={search_term_string}\"},\"query-input\":{\"@type\":\"PropertyValueSpecification\",\"valueRequired\":true,\"valueName\":\"search_term_string\"}}],\"inLanguage\":\"fr-FR\"},{\"@type\":\"Person\",\"@id\":\"https:\/\/fermelarochette.ch\/#\/schema\/person\/8b775b7362809e3390b8957cb4cbe9b7\",\"name\":\"Claudine\",\"image\":{\"@type\":\"ImageObject\",\"inLanguage\":\"fr-FR\",\"@id\":\"https:\/\/fermelarochette.ch\/#\/schema\/person\/image\/\",\"url\":\"https:\/\/secure.gravatar.com\/avatar\/c0dbc1c85619dc3f9e194c4bf5d3dc2a869999ff80aac4f0369e52a5ffe5b600?s=96&d=mm&r=g\",\"contentUrl\":\"https:\/\/secure.gravatar.com\/avatar\/c0dbc1c85619dc3f9e194c4bf5d3dc2a869999ff80aac4f0369e52a5ffe5b600?s=96&d=mm&r=g\",\"caption\":\"Claudine\"},\"sameAs\":[\"https:\/\/fermelarochette.ch\"],\"url\":\"https:\/\/fermelarochette.ch\/index.php\/author\/claudine\/\"}]}<\/script>\n<!-- \/ Yoast SEO plugin. -->","yoast_head_json":{"title":"Une mare pour la biodiversit\u00e9 - La Rochette","robots":{"index":"index","follow":"follow","max-snippet":"max-snippet:-1","max-image-preview":"max-image-preview:large","max-video-preview":"max-video-preview:-1"},"canonical":"https:\/\/fermelarochette.ch\/index.php\/2024\/01\/15\/une-mare-pour-la-biodiversite\/","og_locale":"fr_FR","og_type":"article","og_title":"Une mare pour la biodiversit\u00e9 - La Rochette","og_description":"Gr\u00e2ce \u00e0 des b\u00e9n\u00e9voles acharn\u00e9s, l\u2019expertise de Lara Grandgirard (WWF) et de Patrick R\u00f6schli (Karch) ainsi qu\u2019une bonne dose de patience, un plan d\u2019eau a &hellip;","og_url":"https:\/\/fermelarochette.ch\/index.php\/2024\/01\/15\/une-mare-pour-la-biodiversite\/","og_site_name":"La Rochette","article_published_time":"2024-01-15T14:17:10+00:00","article_modified_time":"2025-03-21T00:10:25+00:00","og_image":[{"width":1920,"height":2560,"url":"https:\/\/fermelarochette.ch\/wp-content\/uploads\/2024\/01\/automne-2023_2-scaled.jpg","type":"image\/jpeg"}],"author":"Claudine","twitter_card":"summary_large_image","twitter_misc":{"\u00c9crit par":"Claudine","Dur\u00e9e de lecture estim\u00e9e":"6 minutes"},"schema":{"@context":"https:\/\/schema.org","@graph":[{"@type":"Article","@id":"https:\/\/fermelarochette.ch\/index.php\/2024\/01\/15\/une-mare-pour-la-biodiversite\/#article","isPartOf":{"@id":"https:\/\/fermelarochette.ch\/index.php\/2024\/01\/15\/une-mare-pour-la-biodiversite\/"},"author":{"name":"Claudine","@id":"https:\/\/fermelarochette.ch\/#\/schema\/person\/8b775b7362809e3390b8957cb4cbe9b7"},"headline":"Une mare pour la biodiversit\u00e9","datePublished":"2024-01-15T14:17:10+00:00","dateModified":"2025-03-21T00:10:25+00:00","mainEntityOfPage":{"@id":"https:\/\/fermelarochette.ch\/index.php\/2024\/01\/15\/une-mare-pour-la-biodiversite\/"},"wordCount":1180,"image":{"@id":"https:\/\/fermelarochette.ch\/index.php\/2024\/01\/15\/une-mare-pour-la-biodiversite\/#primaryimage"},"thumbnailUrl":"https:\/\/fermelarochette.ch\/wp-content\/uploads\/2024\/01\/automne-2023_2-scaled.jpg","articleSection":["Installation de la ferme"],"inLanguage":"fr-FR"},{"@type":"WebPage","@id":"https:\/\/fermelarochette.ch\/index.php\/2024\/01\/15\/une-mare-pour-la-biodiversite\/","url":"https:\/\/fermelarochette.ch\/index.php\/2024\/01\/15\/une-mare-pour-la-biodiversite\/","name":"Une mare pour la biodiversit\u00e9 - La Rochette","isPartOf":{"@id":"https:\/\/fermelarochette.ch\/#website"},"primaryImageOfPage":{"@id":"https:\/\/fermelarochette.ch\/index.php\/2024\/01\/15\/une-mare-pour-la-biodiversite\/#primaryimage"},"image":{"@id":"https:\/\/fermelarochette.ch\/index.php\/2024\/01\/15\/une-mare-pour-la-biodiversite\/#primaryimage"},"thumbnailUrl":"https:\/\/fermelarochette.ch\/wp-content\/uploads\/2024\/01\/automne-2023_2-scaled.jpg","datePublished":"2024-01-15T14:17:10+00:00","dateModified":"2025-03-21T00:10:25+00:00","author":{"@id":"https:\/\/fermelarochette.ch\/#\/schema\/person\/8b775b7362809e3390b8957cb4cbe9b7"},"breadcrumb":{"@id":"https:\/\/fermelarochette.ch\/index.php\/2024\/01\/15\/une-mare-pour-la-biodiversite\/#breadcrumb"},"inLanguage":"fr-FR","potentialAction":[{"@type":"ReadAction","target":["https:\/\/fermelarochette.ch\/index.php\/2024\/01\/15\/une-mare-pour-la-biodiversite\/"]}]},{"@type":"ImageObject","inLanguage":"fr-FR","@id":"https:\/\/fermelarochette.ch\/index.php\/2024\/01\/15\/une-mare-pour-la-biodiversite\/#primaryimage","url":"https:\/\/fermelarochette.ch\/wp-content\/uploads\/2024\/01\/automne-2023_2-scaled.jpg","contentUrl":"https:\/\/fermelarochette.ch\/wp-content\/uploads\/2024\/01\/automne-2023_2-scaled.jpg","width":1920,"height":2560},{"@type":"BreadcrumbList","@id":"https:\/\/fermelarochette.ch\/index.php\/2024\/01\/15\/une-mare-pour-la-biodiversite\/#breadcrumb","itemListElement":[{"@type":"ListItem","position":1,"name":"Accueil","item":"https:\/\/fermelarochette.ch\/"},{"@type":"ListItem","position":2,"name":"Une mare pour la biodiversit\u00e9"}]},{"@type":"WebSite","@id":"https:\/\/fermelarochette.ch\/#website","url":"https:\/\/fermelarochette.ch\/","name":"La Rochette","description":"Micro-ferme biologique","potentialAction":[{"@type":"SearchAction","target":{"@type":"EntryPoint","urlTemplate":"https:\/\/fermelarochette.ch\/?s={search_term_string}"},"query-input":{"@type":"PropertyValueSpecification","valueRequired":true,"valueName":"search_term_string"}}],"inLanguage":"fr-FR"},{"@type":"Person","@id":"https:\/\/fermelarochette.ch\/#\/schema\/person\/8b775b7362809e3390b8957cb4cbe9b7","name":"Claudine","image":{"@type":"ImageObject","inLanguage":"fr-FR","@id":"https:\/\/fermelarochette.ch\/#\/schema\/person\/image\/","url":"https:\/\/secure.gravatar.com\/avatar\/c0dbc1c85619dc3f9e194c4bf5d3dc2a869999ff80aac4f0369e52a5ffe5b600?s=96&d=mm&r=g","contentUrl":"https:\/\/secure.gravatar.com\/avatar\/c0dbc1c85619dc3f9e194c4bf5d3dc2a869999ff80aac4f0369e52a5ffe5b600?s=96&d=mm&r=g","caption":"Claudine"},"sameAs":["https:\/\/fermelarochette.ch"],"url":"https:\/\/fermelarochette.ch\/index.php\/author\/claudine\/"}]}},"jetpack_featured_media_url":"https:\/\/fermelarochette.ch\/wp-content\/uploads\/2024\/01\/automne-2023_2-scaled.jpg","jetpack_sharing_enabled":true,"_links":{"self":[{"href":"https:\/\/fermelarochette.ch\/index.php\/wp-json\/wp\/v2\/posts\/1877","targetHints":{"allow":["GET"]}}],"collection":[{"href":"https:\/\/fermelarochette.ch\/index.php\/wp-json\/wp\/v2\/posts"}],"about":[{"href":"https:\/\/fermelarochette.ch\/index.php\/wp-json\/wp\/v2\/types\/post"}],"author":[{"embeddable":true,"href":"https:\/\/fermelarochette.ch\/index.php\/wp-json\/wp\/v2\/users\/1"}],"replies":[{"embeddable":true,"href":"https:\/\/fermelarochette.ch\/index.php\/wp-json\/wp\/v2\/comments?post=1877"}],"version-history":[{"count":5,"href":"https:\/\/fermelarochette.ch\/index.php\/wp-json\/wp\/v2\/posts\/1877\/revisions"}],"predecessor-version":[{"id":1883,"href":"https:\/\/fermelarochette.ch\/index.php\/wp-json\/wp\/v2\/posts\/1877\/revisions\/1883"}],"wp:featuredmedia":[{"embeddable":true,"href":"https:\/\/fermelarochette.ch\/index.php\/wp-json\/wp\/v2\/media\/1878"}],"wp:attachment":[{"href":"https:\/\/fermelarochette.ch\/index.php\/wp-json\/wp\/v2\/media?parent=1877"}],"wp:term":[{"taxonomy":"category","embeddable":true,"href":"https:\/\/fermelarochette.ch\/index.php\/wp-json\/wp\/v2\/categories?post=1877"},{"taxonomy":"post_tag","embeddable":true,"href":"https:\/\/fermelarochette.ch\/index.php\/wp-json\/wp\/v2\/tags?post=1877"}],"curies":[{"name":"wp","href":"https:\/\/api.w.org\/{rel}","templated":true}]}}