{"id":1844,"date":"2023-11-30T21:09:16","date_gmt":"2023-11-30T20:09:16","guid":{"rendered":"https:\/\/fermelarochette.ch\/?p=1844"},"modified":"2025-03-21T01:10:42","modified_gmt":"2025-03-21T00:10:42","slug":"bienvenue-a-nos-nouvelles-creations","status":"publish","type":"post","link":"https:\/\/fermelarochette.ch\/index.php\/2023\/11\/30\/bienvenue-a-nos-nouvelles-creations\/","title":{"rendered":"Bienvenue aux nouvelles cr\u00e9ations de La Rochette !"},"content":{"rendered":"\n<h2 class=\"wp-block-heading\">Les voici enfin, les produits aux plantes aromatiques et m\u00e9dicinales de la ferme !<\/h2>\n\n\n\n<p>Depuis plusieurs ann\u00e9es, Claudine d\u00e9veloppe patiemment de savoureuses recettes inspir\u00e9es par sa passion des plantes sauvages et aromatiques. Pour les proposer professionnellement dans le cadre de La Rochette, encore fallait-il une cuisine aux normes : c&rsquo;est maintenant chose faite. Oui, mais une cuisine ne fait pas tout. Gr\u00e2ce \u00e0 Agathe, \u00e0 ses talents d&rsquo;artiste et \u00e0 son \u0153il avis\u00e9, les \u00e9tiquettes et le \u00ab\u00a0visuel\u00a0\u00bb de La Rochette ont pris forme. Ces deux \u00e9tapes concr\u00e9tis\u00e9es, il ne manquait plus qu&rsquo;\u00e0 peaufiner les recettes, tester les sachets, et rendre tout cela joli et pratique en plus d&rsquo;\u00eatre go\u00fbteux et sain. Mission accomplie ! <\/p>\n\n\n\n<p>Nous sommes heureux de vous pr\u00e9senter nos <strong>premiers produits aux plantes aromatiques du jardin et sauvages de la r\u00e9gion<\/strong>. Leur confection est enti\u00e8rement artisanale et r\u00e9alis\u00e9s avec des ingr\u00e9dients bios. La farine PurEpeautre vient de la ferme de Mont-Lucelle, notre partenaire. Le beurre, de la fromagerie des Reussilles et les oeufs, de la ferme de Fr\u00e9d\u00e9ric et Fabienne Nagel. <\/p>\n\n\n\n<p>Pour d\u00e9couvrir notre assortiment, rendez-vous sur la page <a href=\"https:\/\/fermelarochette.ch\/index.php\/nos-produits\/\"><mark style=\"background-color:rgba(0, 0, 0, 0)\" class=\"has-inline-color has-accent-1-color\">\u00ab\u00a0Nos produits\u00a0\u00bb<\/mark><\/a>. Pour commander, \u00e9crivez-nous simplement un e-mail \u00e0 <a href=\"mailto:contact@fermelarochette.ch\"><mark style=\"background-color:rgba(0, 0, 0, 0)\" class=\"has-inline-color has-accent-1-color\">contact@fermelarochette.ch<\/mark><\/a>.<\/p>\n\n\n\n<p>Au fil des saisons, nous pr\u00e9voyons de compl\u00e9ter notre offre en fonction des plantes, fruits et l\u00e9gumes disponibles, en gardant toujours pour objectif de cr\u00e9er des produits sains, savoureux et aussi r\u00e9gionaux que possible. <strong>Bon app\u00e9tit !<\/strong><\/p>\n\n\n\n<div style=\"height:39px\" aria-hidden=\"true\" class=\"wp-block-spacer\"><\/div>\n\n\n\n<figure class=\"wp-block-gallery has-nested-images columns-default is-cropped wp-block-gallery-1 is-layout-flex wp-block-gallery-is-layout-flex\">\n<figure data-wp-context=\"{&quot;imageId&quot;:&quot;69f4bf182f003&quot;}\" data-wp-interactive=\"core\/image\" data-wp-key=\"69f4bf182f003\" class=\"wp-block-image size-large wp-lightbox-container\"><img decoding=\"async\" width=\"768\" height=\"1024\" data-wp-class--hide=\"state.isContentHidden\" data-wp-class--show=\"state.isContentVisible\" data-wp-init=\"callbacks.setButtonStyles\" data-wp-on--click=\"actions.showLightbox\" data-wp-on--load=\"callbacks.setButtonStyles\" data-wp-on-window--resize=\"callbacks.setButtonStyles\" data-id=\"1667\" data-src=\"https:\/\/fermelarochette.ch\/wp-content\/uploads\/2023\/11\/Bonbons-pomme-verveine-1-768x1024.jpeg\" alt=\"\" class=\"wp-image-1667 lazyload\" data-srcset=\"https:\/\/fermelarochette.ch\/wp-content\/uploads\/2023\/11\/Bonbons-pomme-verveine-1-768x1024.jpeg 768w, https:\/\/fermelarochette.ch\/wp-content\/uploads\/2023\/11\/Bonbons-pomme-verveine-1-scaled-600x800.jpeg 600w, https:\/\/fermelarochette.ch\/wp-content\/uploads\/2023\/11\/Bonbons-pomme-verveine-1-225x300.jpeg 225w, https:\/\/fermelarochette.ch\/wp-content\/uploads\/2023\/11\/Bonbons-pomme-verveine-1-1152x1536.jpeg 1152w, https:\/\/fermelarochette.ch\/wp-content\/uploads\/2023\/11\/Bonbons-pomme-verveine-1-1536x2048.jpeg 1536w, https:\/\/fermelarochette.ch\/wp-content\/uploads\/2023\/11\/Bonbons-pomme-verveine-1-scaled.jpeg 1920w\" data-sizes=\"(max-width: 768px) 100vw, 768px\" src=\"data:image\/svg+xml;base64,PHN2ZyB3aWR0aD0iMSIgaGVpZ2h0PSIxIiB4bWxucz0iaHR0cDovL3d3dy53My5vcmcvMjAwMC9zdmciPjwvc3ZnPg==\" style=\"--smush-placeholder-width: 768px; --smush-placeholder-aspect-ratio: 768\/1024;\" \/><button\n\t\t\tclass=\"lightbox-trigger\"\n\t\t\ttype=\"button\"\n\t\t\taria-haspopup=\"dialog\"\n\t\t\taria-label=\"Agrandir\"\n\t\t\tdata-wp-init=\"callbacks.initTriggerButton\"\n\t\t\tdata-wp-on--click=\"actions.showLightbox\"\n\t\t\tdata-wp-style--right=\"state.imageButtonRight\"\n\t\t\tdata-wp-style--top=\"state.imageButtonTop\"\n\t\t>\n\t\t\t<svg xmlns=\"http:\/\/www.w3.org\/2000\/svg\" width=\"12\" height=\"12\" fill=\"none\" viewBox=\"0 0 12 12\">\n\t\t\t\t<path fill=\"#fff\" d=\"M2 0a2 2 0 0 0-2 2v2h1.5V2a.5.5 0 0 1 .5-.5h2V0H2Zm2 10.5H2a.5.5 0 0 1-.5-.5V8H0v2a2 2 0 0 0 2 2h2v-1.5ZM8 12v-1.5h2a.5.5 0 0 0 .5-.5V8H12v2a2 2 0 0 1-2 2H8Zm2-12a2 2 0 0 1 2 2v2h-1.5V2a.5.5 0 0 0-.5-.5H8V0h2Z\" \/>\n\t\t\t<\/svg>\n\t\t<\/button><\/figure>\n\n\n\n<figure data-wp-context=\"{&quot;imageId&quot;:&quot;69f4bf182f980&quot;}\" data-wp-interactive=\"core\/image\" data-wp-key=\"69f4bf182f980\" class=\"wp-block-image size-large wp-lightbox-container\"><img decoding=\"async\" width=\"722\" height=\"1024\" data-wp-class--hide=\"state.isContentHidden\" data-wp-class--show=\"state.isContentVisible\" data-wp-init=\"callbacks.setButtonStyles\" data-wp-on--click=\"actions.showLightbox\" data-wp-on--load=\"callbacks.setButtonStyles\" data-wp-on-window--resize=\"callbacks.setButtonStyles\" data-id=\"1679\" data-src=\"https:\/\/fermelarochette.ch\/wp-content\/uploads\/2023\/12\/Huiles-pimentees_angle-serre-722x1024.jpg\" alt=\"\" class=\"wp-image-1679 lazyload\" data-srcset=\"https:\/\/fermelarochette.ch\/wp-content\/uploads\/2023\/12\/Huiles-pimentees_angle-serre-722x1024.jpg 722w, https:\/\/fermelarochette.ch\/wp-content\/uploads\/2023\/12\/Huiles-pimentees_angle-serre-600x851.jpg 600w, https:\/\/fermelarochette.ch\/wp-content\/uploads\/2023\/12\/Huiles-pimentees_angle-serre-212x300.jpg 212w, https:\/\/fermelarochette.ch\/wp-content\/uploads\/2023\/12\/Huiles-pimentees_angle-serre-768x1089.jpg 768w, https:\/\/fermelarochette.ch\/wp-content\/uploads\/2023\/12\/Huiles-pimentees_angle-serre-1083x1536.jpg 1083w, https:\/\/fermelarochette.ch\/wp-content\/uploads\/2023\/12\/Huiles-pimentees_angle-serre.jpg 1420w\" data-sizes=\"(max-width: 722px) 100vw, 722px\" src=\"data:image\/svg+xml;base64,PHN2ZyB3aWR0aD0iMSIgaGVpZ2h0PSIxIiB4bWxucz0iaHR0cDovL3d3dy53My5vcmcvMjAwMC9zdmciPjwvc3ZnPg==\" style=\"--smush-placeholder-width: 722px; --smush-placeholder-aspect-ratio: 722\/1024;\" \/><button\n\t\t\tclass=\"lightbox-trigger\"\n\t\t\ttype=\"button\"\n\t\t\taria-haspopup=\"dialog\"\n\t\t\taria-label=\"Agrandir\"\n\t\t\tdata-wp-init=\"callbacks.initTriggerButton\"\n\t\t\tdata-wp-on--click=\"actions.showLightbox\"\n\t\t\tdata-wp-style--right=\"state.imageButtonRight\"\n\t\t\tdata-wp-style--top=\"state.imageButtonTop\"\n\t\t>\n\t\t\t<svg xmlns=\"http:\/\/www.w3.org\/2000\/svg\" width=\"12\" height=\"12\" fill=\"none\" viewBox=\"0 0 12 12\">\n\t\t\t\t<path fill=\"#fff\" d=\"M2 0a2 2 0 0 0-2 2v2h1.5V2a.5.5 0 0 1 .5-.5h2V0H2Zm2 10.5H2a.5.5 0 0 1-.5-.5V8H0v2a2 2 0 0 0 2 2h2v-1.5ZM8 12v-1.5h2a.5.5 0 0 0 .5-.5V8H12v2a2 2 0 0 1-2 2H8Zm2-12a2 2 0 0 1 2 2v2h-1.5V2a.5.5 0 0 0-.5-.5H8V0h2Z\" \/>\n\t\t\t<\/svg>\n\t\t<\/button><\/figure>\n\n\n\n<figure data-wp-context=\"{&quot;imageId&quot;:&quot;69f4bf183014d&quot;}\" data-wp-interactive=\"core\/image\" data-wp-key=\"69f4bf183014d\" class=\"wp-block-image size-large wp-lightbox-container\"><img decoding=\"async\" width=\"768\" height=\"1024\" data-wp-class--hide=\"state.isContentHidden\" data-wp-class--show=\"state.isContentVisible\" data-wp-init=\"callbacks.setButtonStyles\" data-wp-on--click=\"actions.showLightbox\" data-wp-on--load=\"callbacks.setButtonStyles\" data-wp-on-window--resize=\"callbacks.setButtonStyles\" data-id=\"1672\" data-src=\"https:\/\/fermelarochette.ch\/wp-content\/uploads\/2023\/11\/camomille-matricaire-768x1024.jpeg\" alt=\"\" class=\"wp-image-1672 lazyload\" data-srcset=\"https:\/\/fermelarochette.ch\/wp-content\/uploads\/2023\/11\/camomille-matricaire-768x1024.jpeg 768w, https:\/\/fermelarochette.ch\/wp-content\/uploads\/2023\/11\/camomille-matricaire-scaled-600x800.jpeg 600w, https:\/\/fermelarochette.ch\/wp-content\/uploads\/2023\/11\/camomille-matricaire-225x300.jpeg 225w, https:\/\/fermelarochette.ch\/wp-content\/uploads\/2023\/11\/camomille-matricaire-1152x1536.jpeg 1152w, https:\/\/fermelarochette.ch\/wp-content\/uploads\/2023\/11\/camomille-matricaire-1536x2048.jpeg 1536w, https:\/\/fermelarochette.ch\/wp-content\/uploads\/2023\/11\/camomille-matricaire-scaled.jpeg 1920w\" data-sizes=\"(max-width: 768px) 100vw, 768px\" src=\"data:image\/svg+xml;base64,PHN2ZyB3aWR0aD0iMSIgaGVpZ2h0PSIxIiB4bWxucz0iaHR0cDovL3d3dy53My5vcmcvMjAwMC9zdmciPjwvc3ZnPg==\" style=\"--smush-placeholder-width: 768px; --smush-placeholder-aspect-ratio: 768\/1024;\" \/><button\n\t\t\tclass=\"lightbox-trigger\"\n\t\t\ttype=\"button\"\n\t\t\taria-haspopup=\"dialog\"\n\t\t\taria-label=\"Agrandir\"\n\t\t\tdata-wp-init=\"callbacks.initTriggerButton\"\n\t\t\tdata-wp-on--click=\"actions.showLightbox\"\n\t\t\tdata-wp-style--right=\"state.imageButtonRight\"\n\t\t\tdata-wp-style--top=\"state.imageButtonTop\"\n\t\t>\n\t\t\t<svg xmlns=\"http:\/\/www.w3.org\/2000\/svg\" width=\"12\" height=\"12\" fill=\"none\" viewBox=\"0 0 12 12\">\n\t\t\t\t<path fill=\"#fff\" d=\"M2 0a2 2 0 0 0-2 2v2h1.5V2a.5.5 0 0 1 .5-.5h2V0H2Zm2 10.5H2a.5.5 0 0 1-.5-.5V8H0v2a2 2 0 0 0 2 2h2v-1.5ZM8 12v-1.5h2a.5.5 0 0 0 .5-.5V8H12v2a2 2 0 0 1-2 2H8Zm2-12a2 2 0 0 1 2 2v2h-1.5V2a.5.5 0 0 0-.5-.5H8V0h2Z\" \/>\n\t\t\t<\/svg>\n\t\t<\/button><\/figure>\n<\/figure>\n","protected":false},"excerpt":{"rendered":"<p>Les voici enfin, les produits aux plantes aromatiques et m\u00e9dicinales de la ferme ! Depuis plusieurs ann\u00e9es, Claudine d\u00e9veloppe patiemment de savoureuses recettes inspir\u00e9es par &hellip;<\/p>\n","protected":false},"author":1,"featured_media":1657,"comment_status":"closed","ping_status":"closed","sticky":false,"template":"","format":"standard","meta":{"_price":"","_stock":"","_tribe_ticket_header":"","_tribe_default_ticket_provider":"","_ticket_start_date":"","_ticket_end_date":"","_tribe_ticket_show_description":"","_tribe_ticket_show_not_going":false,"_tribe_ticket_use_global_stock":"","_tribe_ticket_global_stock_level":"","_global_stock_mode":"","_global_stock_cap":"","_tribe_rsvp_for_event":"","_tribe_ticket_going_count":"","_tribe_ticket_not_going_count":"","_tribe_tickets_list":"[]","_tribe_ticket_has_attendee_info_fields":false,"_jetpack_memberships_contains_paid_content":false,"footnotes":""},"categories":[8],"tags":[],"class_list":["post-1844","post","type-post","status-publish","format-standard","has-post-thumbnail","hentry","category-nos-produits"],"yoast_head":"<!-- This site is optimized with the Yoast SEO plugin v26.9 - https:\/\/yoast.com\/product\/yoast-seo-wordpress\/ -->\n<title>Bienvenue aux nouvelles cr\u00e9ations de La Rochette ! - La Rochette<\/title>\n<meta name=\"robots\" content=\"index, follow, max-snippet:-1, max-image-preview:large, max-video-preview:-1\" \/>\n<link rel=\"canonical\" href=\"https:\/\/fermelarochette.ch\/index.php\/2023\/11\/30\/bienvenue-a-nos-nouvelles-creations\/\" \/>\n<meta property=\"og:locale\" content=\"fr_FR\" \/>\n<meta property=\"og:type\" content=\"article\" \/>\n<meta property=\"og:title\" content=\"Bienvenue aux nouvelles cr\u00e9ations de La Rochette ! - La Rochette\" \/>\n<meta property=\"og:description\" content=\"Les voici enfin, les produits aux plantes aromatiques et m\u00e9dicinales de la ferme ! Depuis plusieurs ann\u00e9es, Claudine d\u00e9veloppe patiemment de savoureuses recettes inspir\u00e9es par &hellip;\" \/>\n<meta property=\"og:url\" content=\"https:\/\/fermelarochette.ch\/index.php\/2023\/11\/30\/bienvenue-a-nos-nouvelles-creations\/\" \/>\n<meta property=\"og:site_name\" content=\"La Rochette\" \/>\n<meta property=\"article:published_time\" content=\"2023-11-30T20:09:16+00:00\" \/>\n<meta property=\"article:modified_time\" content=\"2025-03-21T00:10:42+00:00\" \/>\n<meta property=\"og:image\" content=\"https:\/\/fermelarochette.ch\/wp-content\/uploads\/2023\/11\/Sirops-scaled.jpeg\" \/>\n\t<meta property=\"og:image:width\" content=\"2488\" \/>\n\t<meta property=\"og:image:height\" content=\"2560\" \/>\n\t<meta property=\"og:image:type\" content=\"image\/jpeg\" \/>\n<meta name=\"author\" content=\"Claudine\" \/>\n<meta name=\"twitter:card\" content=\"summary_large_image\" \/>\n<meta name=\"twitter:label1\" content=\"\u00c9crit par\" \/>\n\t<meta name=\"twitter:data1\" content=\"Claudine\" \/>\n\t<meta name=\"twitter:label2\" content=\"Dur\u00e9e de lecture estim\u00e9e\" \/>\n\t<meta name=\"twitter:data2\" content=\"1 minute\" \/>\n<script type=\"application\/ld+json\" class=\"yoast-schema-graph\">{\"@context\":\"https:\/\/schema.org\",\"@graph\":[{\"@type\":\"Article\",\"@id\":\"https:\/\/fermelarochette.ch\/index.php\/2023\/11\/30\/bienvenue-a-nos-nouvelles-creations\/#article\",\"isPartOf\":{\"@id\":\"https:\/\/fermelarochette.ch\/index.php\/2023\/11\/30\/bienvenue-a-nos-nouvelles-creations\/\"},\"author\":{\"name\":\"Claudine\",\"@id\":\"https:\/\/fermelarochette.ch\/#\/schema\/person\/8b775b7362809e3390b8957cb4cbe9b7\"},\"headline\":\"Bienvenue aux nouvelles cr\u00e9ations de La Rochette !\",\"datePublished\":\"2023-11-30T20:09:16+00:00\",\"dateModified\":\"2025-03-21T00:10:42+00:00\",\"mainEntityOfPage\":{\"@id\":\"https:\/\/fermelarochette.ch\/index.php\/2023\/11\/30\/bienvenue-a-nos-nouvelles-creations\/\"},\"wordCount\":255,\"image\":{\"@id\":\"https:\/\/fermelarochette.ch\/index.php\/2023\/11\/30\/bienvenue-a-nos-nouvelles-creations\/#primaryimage\"},\"thumbnailUrl\":\"https:\/\/fermelarochette.ch\/wp-content\/uploads\/2023\/11\/Sirops-scaled.jpeg\",\"articleSection\":[\"Nos produits\"],\"inLanguage\":\"fr-FR\"},{\"@type\":\"WebPage\",\"@id\":\"https:\/\/fermelarochette.ch\/index.php\/2023\/11\/30\/bienvenue-a-nos-nouvelles-creations\/\",\"url\":\"https:\/\/fermelarochette.ch\/index.php\/2023\/11\/30\/bienvenue-a-nos-nouvelles-creations\/\",\"name\":\"Bienvenue aux nouvelles cr\u00e9ations de La Rochette ! - La Rochette\",\"isPartOf\":{\"@id\":\"https:\/\/fermelarochette.ch\/#website\"},\"primaryImageOfPage\":{\"@id\":\"https:\/\/fermelarochette.ch\/index.php\/2023\/11\/30\/bienvenue-a-nos-nouvelles-creations\/#primaryimage\"},\"image\":{\"@id\":\"https:\/\/fermelarochette.ch\/index.php\/2023\/11\/30\/bienvenue-a-nos-nouvelles-creations\/#primaryimage\"},\"thumbnailUrl\":\"https:\/\/fermelarochette.ch\/wp-content\/uploads\/2023\/11\/Sirops-scaled.jpeg\",\"datePublished\":\"2023-11-30T20:09:16+00:00\",\"dateModified\":\"2025-03-21T00:10:42+00:00\",\"author\":{\"@id\":\"https:\/\/fermelarochette.ch\/#\/schema\/person\/8b775b7362809e3390b8957cb4cbe9b7\"},\"breadcrumb\":{\"@id\":\"https:\/\/fermelarochette.ch\/index.php\/2023\/11\/30\/bienvenue-a-nos-nouvelles-creations\/#breadcrumb\"},\"inLanguage\":\"fr-FR\",\"potentialAction\":[{\"@type\":\"ReadAction\",\"target\":[\"https:\/\/fermelarochette.ch\/index.php\/2023\/11\/30\/bienvenue-a-nos-nouvelles-creations\/\"]}]},{\"@type\":\"ImageObject\",\"inLanguage\":\"fr-FR\",\"@id\":\"https:\/\/fermelarochette.ch\/index.php\/2023\/11\/30\/bienvenue-a-nos-nouvelles-creations\/#primaryimage\",\"url\":\"https:\/\/fermelarochette.ch\/wp-content\/uploads\/2023\/11\/Sirops-scaled.jpeg\",\"contentUrl\":\"https:\/\/fermelarochette.ch\/wp-content\/uploads\/2023\/11\/Sirops-scaled.jpeg\",\"width\":2488,\"height\":2560},{\"@type\":\"BreadcrumbList\",\"@id\":\"https:\/\/fermelarochette.ch\/index.php\/2023\/11\/30\/bienvenue-a-nos-nouvelles-creations\/#breadcrumb\",\"itemListElement\":[{\"@type\":\"ListItem\",\"position\":1,\"name\":\"Accueil\",\"item\":\"https:\/\/fermelarochette.ch\/\"},{\"@type\":\"ListItem\",\"position\":2,\"name\":\"Bienvenue aux nouvelles cr\u00e9ations de La Rochette !\"}]},{\"@type\":\"WebSite\",\"@id\":\"https:\/\/fermelarochette.ch\/#website\",\"url\":\"https:\/\/fermelarochette.ch\/\",\"name\":\"La Rochette\",\"description\":\"Micro-ferme biologique\",\"potentialAction\":[{\"@type\":\"SearchAction\",\"target\":{\"@type\":\"EntryPoint\",\"urlTemplate\":\"https:\/\/fermelarochette.ch\/?s={search_term_string}\"},\"query-input\":{\"@type\":\"PropertyValueSpecification\",\"valueRequired\":true,\"valueName\":\"search_term_string\"}}],\"inLanguage\":\"fr-FR\"},{\"@type\":\"Person\",\"@id\":\"https:\/\/fermelarochette.ch\/#\/schema\/person\/8b775b7362809e3390b8957cb4cbe9b7\",\"name\":\"Claudine\",\"image\":{\"@type\":\"ImageObject\",\"inLanguage\":\"fr-FR\",\"@id\":\"https:\/\/fermelarochette.ch\/#\/schema\/person\/image\/\",\"url\":\"https:\/\/secure.gravatar.com\/avatar\/c0dbc1c85619dc3f9e194c4bf5d3dc2a869999ff80aac4f0369e52a5ffe5b600?s=96&d=mm&r=g\",\"contentUrl\":\"https:\/\/secure.gravatar.com\/avatar\/c0dbc1c85619dc3f9e194c4bf5d3dc2a869999ff80aac4f0369e52a5ffe5b600?s=96&d=mm&r=g\",\"caption\":\"Claudine\"},\"sameAs\":[\"https:\/\/fermelarochette.ch\"],\"url\":\"https:\/\/fermelarochette.ch\/index.php\/author\/claudine\/\"}]}<\/script>\n<!-- \/ Yoast SEO plugin. -->","yoast_head_json":{"title":"Bienvenue aux nouvelles cr\u00e9ations de La Rochette ! - La Rochette","robots":{"index":"index","follow":"follow","max-snippet":"max-snippet:-1","max-image-preview":"max-image-preview:large","max-video-preview":"max-video-preview:-1"},"canonical":"https:\/\/fermelarochette.ch\/index.php\/2023\/11\/30\/bienvenue-a-nos-nouvelles-creations\/","og_locale":"fr_FR","og_type":"article","og_title":"Bienvenue aux nouvelles cr\u00e9ations de La Rochette ! - La Rochette","og_description":"Les voici enfin, les produits aux plantes aromatiques et m\u00e9dicinales de la ferme ! Depuis plusieurs ann\u00e9es, Claudine d\u00e9veloppe patiemment de savoureuses recettes inspir\u00e9es par &hellip;","og_url":"https:\/\/fermelarochette.ch\/index.php\/2023\/11\/30\/bienvenue-a-nos-nouvelles-creations\/","og_site_name":"La Rochette","article_published_time":"2023-11-30T20:09:16+00:00","article_modified_time":"2025-03-21T00:10:42+00:00","og_image":[{"width":2488,"height":2560,"url":"https:\/\/fermelarochette.ch\/wp-content\/uploads\/2023\/11\/Sirops-scaled.jpeg","type":"image\/jpeg"}],"author":"Claudine","twitter_card":"summary_large_image","twitter_misc":{"\u00c9crit par":"Claudine","Dur\u00e9e de lecture estim\u00e9e":"1 minute"},"schema":{"@context":"https:\/\/schema.org","@graph":[{"@type":"Article","@id":"https:\/\/fermelarochette.ch\/index.php\/2023\/11\/30\/bienvenue-a-nos-nouvelles-creations\/#article","isPartOf":{"@id":"https:\/\/fermelarochette.ch\/index.php\/2023\/11\/30\/bienvenue-a-nos-nouvelles-creations\/"},"author":{"name":"Claudine","@id":"https:\/\/fermelarochette.ch\/#\/schema\/person\/8b775b7362809e3390b8957cb4cbe9b7"},"headline":"Bienvenue aux nouvelles cr\u00e9ations de La Rochette !","datePublished":"2023-11-30T20:09:16+00:00","dateModified":"2025-03-21T00:10:42+00:00","mainEntityOfPage":{"@id":"https:\/\/fermelarochette.ch\/index.php\/2023\/11\/30\/bienvenue-a-nos-nouvelles-creations\/"},"wordCount":255,"image":{"@id":"https:\/\/fermelarochette.ch\/index.php\/2023\/11\/30\/bienvenue-a-nos-nouvelles-creations\/#primaryimage"},"thumbnailUrl":"https:\/\/fermelarochette.ch\/wp-content\/uploads\/2023\/11\/Sirops-scaled.jpeg","articleSection":["Nos produits"],"inLanguage":"fr-FR"},{"@type":"WebPage","@id":"https:\/\/fermelarochette.ch\/index.php\/2023\/11\/30\/bienvenue-a-nos-nouvelles-creations\/","url":"https:\/\/fermelarochette.ch\/index.php\/2023\/11\/30\/bienvenue-a-nos-nouvelles-creations\/","name":"Bienvenue aux nouvelles cr\u00e9ations de La Rochette ! - La Rochette","isPartOf":{"@id":"https:\/\/fermelarochette.ch\/#website"},"primaryImageOfPage":{"@id":"https:\/\/fermelarochette.ch\/index.php\/2023\/11\/30\/bienvenue-a-nos-nouvelles-creations\/#primaryimage"},"image":{"@id":"https:\/\/fermelarochette.ch\/index.php\/2023\/11\/30\/bienvenue-a-nos-nouvelles-creations\/#primaryimage"},"thumbnailUrl":"https:\/\/fermelarochette.ch\/wp-content\/uploads\/2023\/11\/Sirops-scaled.jpeg","datePublished":"2023-11-30T20:09:16+00:00","dateModified":"2025-03-21T00:10:42+00:00","author":{"@id":"https:\/\/fermelarochette.ch\/#\/schema\/person\/8b775b7362809e3390b8957cb4cbe9b7"},"breadcrumb":{"@id":"https:\/\/fermelarochette.ch\/index.php\/2023\/11\/30\/bienvenue-a-nos-nouvelles-creations\/#breadcrumb"},"inLanguage":"fr-FR","potentialAction":[{"@type":"ReadAction","target":["https:\/\/fermelarochette.ch\/index.php\/2023\/11\/30\/bienvenue-a-nos-nouvelles-creations\/"]}]},{"@type":"ImageObject","inLanguage":"fr-FR","@id":"https:\/\/fermelarochette.ch\/index.php\/2023\/11\/30\/bienvenue-a-nos-nouvelles-creations\/#primaryimage","url":"https:\/\/fermelarochette.ch\/wp-content\/uploads\/2023\/11\/Sirops-scaled.jpeg","contentUrl":"https:\/\/fermelarochette.ch\/wp-content\/uploads\/2023\/11\/Sirops-scaled.jpeg","width":2488,"height":2560},{"@type":"BreadcrumbList","@id":"https:\/\/fermelarochette.ch\/index.php\/2023\/11\/30\/bienvenue-a-nos-nouvelles-creations\/#breadcrumb","itemListElement":[{"@type":"ListItem","position":1,"name":"Accueil","item":"https:\/\/fermelarochette.ch\/"},{"@type":"ListItem","position":2,"name":"Bienvenue aux nouvelles cr\u00e9ations de La Rochette !"}]},{"@type":"WebSite","@id":"https:\/\/fermelarochette.ch\/#website","url":"https:\/\/fermelarochette.ch\/","name":"La Rochette","description":"Micro-ferme biologique","potentialAction":[{"@type":"SearchAction","target":{"@type":"EntryPoint","urlTemplate":"https:\/\/fermelarochette.ch\/?s={search_term_string}"},"query-input":{"@type":"PropertyValueSpecification","valueRequired":true,"valueName":"search_term_string"}}],"inLanguage":"fr-FR"},{"@type":"Person","@id":"https:\/\/fermelarochette.ch\/#\/schema\/person\/8b775b7362809e3390b8957cb4cbe9b7","name":"Claudine","image":{"@type":"ImageObject","inLanguage":"fr-FR","@id":"https:\/\/fermelarochette.ch\/#\/schema\/person\/image\/","url":"https:\/\/secure.gravatar.com\/avatar\/c0dbc1c85619dc3f9e194c4bf5d3dc2a869999ff80aac4f0369e52a5ffe5b600?s=96&d=mm&r=g","contentUrl":"https:\/\/secure.gravatar.com\/avatar\/c0dbc1c85619dc3f9e194c4bf5d3dc2a869999ff80aac4f0369e52a5ffe5b600?s=96&d=mm&r=g","caption":"Claudine"},"sameAs":["https:\/\/fermelarochette.ch"],"url":"https:\/\/fermelarochette.ch\/index.php\/author\/claudine\/"}]}},"jetpack_featured_media_url":"https:\/\/fermelarochette.ch\/wp-content\/uploads\/2023\/11\/Sirops-scaled.jpeg","jetpack_sharing_enabled":true,"_links":{"self":[{"href":"https:\/\/fermelarochette.ch\/index.php\/wp-json\/wp\/v2\/posts\/1844","targetHints":{"allow":["GET"]}}],"collection":[{"href":"https:\/\/fermelarochette.ch\/index.php\/wp-json\/wp\/v2\/posts"}],"about":[{"href":"https:\/\/fermelarochette.ch\/index.php\/wp-json\/wp\/v2\/types\/post"}],"author":[{"embeddable":true,"href":"https:\/\/fermelarochette.ch\/index.php\/wp-json\/wp\/v2\/users\/1"}],"replies":[{"embeddable":true,"href":"https:\/\/fermelarochette.ch\/index.php\/wp-json\/wp\/v2\/comments?post=1844"}],"version-history":[{"count":4,"href":"https:\/\/fermelarochette.ch\/index.php\/wp-json\/wp\/v2\/posts\/1844\/revisions"}],"predecessor-version":[{"id":1848,"href":"https:\/\/fermelarochette.ch\/index.php\/wp-json\/wp\/v2\/posts\/1844\/revisions\/1848"}],"wp:featuredmedia":[{"embeddable":true,"href":"https:\/\/fermelarochette.ch\/index.php\/wp-json\/wp\/v2\/media\/1657"}],"wp:attachment":[{"href":"https:\/\/fermelarochette.ch\/index.php\/wp-json\/wp\/v2\/media?parent=1844"}],"wp:term":[{"taxonomy":"category","embeddable":true,"href":"https:\/\/fermelarochette.ch\/index.php\/wp-json\/wp\/v2\/categories?post=1844"},{"taxonomy":"post_tag","embeddable":true,"href":"https:\/\/fermelarochette.ch\/index.php\/wp-json\/wp\/v2\/tags?post=1844"}],"curies":[{"name":"wp","href":"https:\/\/api.w.org\/{rel}","templated":true}]}}