{"id":1799,"date":"2023-12-15T16:58:10","date_gmt":"2023-12-15T15:58:10","guid":{"rendered":"https:\/\/fermelarochette.ch\/?p=1799"},"modified":"2025-03-21T01:10:30","modified_gmt":"2025-03-21T00:10:30","slug":"ateliers-et-formations-2024","status":"publish","type":"post","link":"https:\/\/fermelarochette.ch\/index.php\/2023\/12\/15\/ateliers-et-formations-2024\/","title":{"rendered":"Ateliers et formations 2024"},"content":{"rendered":"\n<h2 class=\"wp-block-heading\">Il est tout chaud tout neuf, voici le programme d&rsquo;ateliers et de formations 2024 !<\/h2>\n\n\n\n<p>La Rochette propose des ateliers et formations en lien avec les passions qui animent ses membres : le jardinage, les plantes sauvages comestibles et m\u00e9dicinales, la conservation des l\u00e9gumes&#8230; Claudine est particuli\u00e8rement heureuse de donner pour la premi\u00e8re fois un <mark style=\"background-color:rgba(0, 0, 0, 0)\" class=\"has-inline-color has-accent-1-color\"><a href=\"https:\/\/fermelarochette.ch\/index.php\/nos-prestations-formations-ateliers-conseils-visites\/formations-et-ateliers-programme\/cultiver-et-transformer-les-plantes-medicinales\/\" target=\"_blank\" rel=\"noreferrer noopener\"><strong>cycle de 5 ateliers<\/strong><\/a> <\/mark>au sujet des plantes m\u00e9dicinales, visant \u00e0 rendre les participant-es autonomes pour leur transformation et leur utilisation au quotidien. <\/p>\n\n\n\n<p>St\u00e9phane donnera, comme d&rsquo;habitude, un atelier pour partager tous ses trucs et astuces<mark style=\"background-color:rgba(0, 0, 0, 0)\" class=\"has-inline-color has-accent-1-color\"> <a href=\"https:\/\/fermelarochette.ch\/index.php\/nos-prestations-formations-ateliers-conseils-visites\/formations-et-ateliers-programme\/apprenez-a-faire-tous-vos-plantons\/\" target=\"_blank\" rel=\"noreferrer noopener\"><strong>pour r\u00e9ussir les plantons et semis<\/strong><\/a><\/mark>. Comme l&rsquo;ann\u00e9e derni\u00e8re, celui-ci est propos\u00e9 en collaboration avec l&rsquo;association Pro Specie Rara, dont l&rsquo;objectif est de perp\u00e9tuer les vari\u00e9t\u00e9s anciennes. <\/p>\n\n\n\n<p>Au printemps, les <mark style=\"background-color:rgba(0, 0, 0, 0)\" class=\"has-inline-color has-accent-1-color\"><a href=\"https:\/\/fermelarochette.ch\/index.php\/nos-prestations-formations-ateliers-conseils-visites\/formations-et-ateliers-programme\/balade-a-la-decouverte-des-plantes-sauvages-comestibles\/\"><strong>balades \u00e0 la d\u00e9couverte des plantes sauvages comestibles<\/strong><\/a> <\/mark>recommenceront. La premi\u00e8re est pr\u00e9vue le 5 mai au d\u00e9part de l&rsquo;ancien restaurant de La Double-Aigle lors de la <mark style=\"background-color:rgba(0, 0, 0, 0)\" class=\"has-inline-color has-accent-1-color\"><a href=\"https:\/\/fermelarochette.ch\/index.php\/journee-des-plantons\/\" target=\"_blank\" rel=\"noreferrer noopener\"><strong>Journ\u00e9e des plantons<\/strong><\/a><\/mark>, mais d&rsquo;autres pourraient suivre en fonction de la demande.<\/p>\n\n\n\n<p>\u00c0 l&rsquo;automne, Claudine et St\u00e9phane organiseront \u00e0 nouveau <mark style=\"background-color:rgba(0, 0, 0, 0)\" class=\"has-inline-color has-accent-1-color\"><strong><a href=\"https:\/\/fermelarochette.ch\/index.php\/nos-prestations-formations-ateliers-conseils-visites\/formations-et-ateliers-programme\/introduction-a-la-permaculture\/introduction-a-la-permaculture-a-la-rochette\/\" target=\"_blank\" rel=\"noreferrer noopener\">deux jours de formation en permaculture<\/a><\/strong> <\/mark>afin de d\u00e9couvrir ce que c&rsquo;est, comment la permaculture peut \u00eatre utilis\u00e9e au jardin et en quoi elle est un pr\u00e9cieux outil de r\u00e9alisation de projets. Partiellement donn\u00e9 au c\u0153ur du jardin-mara\u00eecher de La Rochette, il sera illustr\u00e9 par l&rsquo;exemple concret d&rsquo;un jardin professionnel \u00ab\u00a0en permaculture\u00a0\u00bb.<\/p>\n\n\n\n<p>Comme rien n&rsquo;est fig\u00e9, d&rsquo;autres ateliers pourraient appara\u00eetre dans le programme&#8230; N&rsquo;h\u00e9sitez pas \u00e0 le consulter r\u00e9guli\u00e8rement <strong><mark style=\"background-color:rgba(0, 0, 0, 0)\" class=\"has-inline-color has-accent-1-color\"><a href=\"https:\/\/fermelarochette.ch\/index.php\/nos-prestations-formations-ateliers-conseils-visites\/formations-et-ateliers-programme\/\" target=\"_blank\" rel=\"noreferrer noopener\">ici<\/a> <\/mark><\/strong>!<\/p>\n\n\n\n<p>Pour vous inscrire ou demander des informations, rien de plus simple, contactez-nous par mail \u00e0 l&rsquo;adresse <a href=\"mailto:contact@fermelarochette.ch\">contact@fermelarochette.ch<\/a>. Au plaisir de vous lire \ud83d\ude42<\/p>\n\n\n\n<div style=\"height:33px\" aria-hidden=\"true\" class=\"wp-block-spacer\"><\/div>\n\n\n\n<figure class=\"wp-block-gallery has-nested-images columns-default is-cropped wp-block-gallery-1 is-layout-flex wp-block-gallery-is-layout-flex\">\n<figure class=\"wp-block-image size-large\"><img decoding=\"async\" width=\"1024\" height=\"768\" data-id=\"1833\" data-src=\"https:\/\/fermelarochette.ch\/wp-content\/uploads\/2023\/12\/cours-de-permaculture-1024x768.jpg\" alt=\"\" class=\"wp-image-1833 lazyload\" data-srcset=\"https:\/\/fermelarochette.ch\/wp-content\/uploads\/2023\/12\/cours-de-permaculture-1024x768.jpg 1024w, https:\/\/fermelarochette.ch\/wp-content\/uploads\/2023\/12\/cours-de-permaculture-scaled-600x450.jpg 600w, https:\/\/fermelarochette.ch\/wp-content\/uploads\/2023\/12\/cours-de-permaculture-300x225.jpg 300w, https:\/\/fermelarochette.ch\/wp-content\/uploads\/2023\/12\/cours-de-permaculture-768x576.jpg 768w, https:\/\/fermelarochette.ch\/wp-content\/uploads\/2023\/12\/cours-de-permaculture-1536x1152.jpg 1536w, https:\/\/fermelarochette.ch\/wp-content\/uploads\/2023\/12\/cours-de-permaculture-2048x1536.jpg 2048w, https:\/\/fermelarochette.ch\/wp-content\/uploads\/2023\/12\/cours-de-permaculture-400x300.jpg 400w\" data-sizes=\"(max-width: 1024px) 100vw, 1024px\" src=\"data:image\/svg+xml;base64,PHN2ZyB3aWR0aD0iMSIgaGVpZ2h0PSIxIiB4bWxucz0iaHR0cDovL3d3dy53My5vcmcvMjAwMC9zdmciPjwvc3ZnPg==\" style=\"--smush-placeholder-width: 1024px; --smush-placeholder-aspect-ratio: 1024\/768;\" \/><\/figure>\n\n\n\n<figure class=\"wp-block-image size-large\"><img decoding=\"async\" width=\"1024\" height=\"576\" data-id=\"1830\" data-src=\"https:\/\/fermelarochette.ch\/wp-content\/uploads\/2023\/12\/Millepertuis_etiquette-botanique-1024x576.jpg\" alt=\"\" class=\"wp-image-1830 lazyload\" data-srcset=\"https:\/\/fermelarochette.ch\/wp-content\/uploads\/2023\/12\/Millepertuis_etiquette-botanique-1024x576.jpg 1024w, https:\/\/fermelarochette.ch\/wp-content\/uploads\/2023\/12\/Millepertuis_etiquette-botanique-600x338.jpg 600w, https:\/\/fermelarochette.ch\/wp-content\/uploads\/2023\/12\/Millepertuis_etiquette-botanique-300x169.jpg 300w, https:\/\/fermelarochette.ch\/wp-content\/uploads\/2023\/12\/Millepertuis_etiquette-botanique-768x432.jpg 768w, https:\/\/fermelarochette.ch\/wp-content\/uploads\/2023\/12\/Millepertuis_etiquette-botanique-1536x864.jpg 1536w, https:\/\/fermelarochette.ch\/wp-content\/uploads\/2023\/12\/Millepertuis_etiquette-botanique-496x279.jpg 496w, https:\/\/fermelarochette.ch\/wp-content\/uploads\/2023\/12\/Millepertuis_etiquette-botanique.jpg 1920w\" data-sizes=\"(max-width: 1024px) 100vw, 1024px\" src=\"data:image\/svg+xml;base64,PHN2ZyB3aWR0aD0iMSIgaGVpZ2h0PSIxIiB4bWxucz0iaHR0cDovL3d3dy53My5vcmcvMjAwMC9zdmciPjwvc3ZnPg==\" style=\"--smush-placeholder-width: 1024px; --smush-placeholder-aspect-ratio: 1024\/576;\" \/><\/figure>\n\n\n\n<figure class=\"wp-block-image size-large\"><img decoding=\"async\" width=\"768\" height=\"1024\" data-id=\"1761\" data-src=\"https:\/\/fermelarochette.ch\/wp-content\/uploads\/2023\/12\/Atelier-Plantons-768x1024.jpg\" alt=\"\" class=\"wp-image-1761 lazyload\" data-srcset=\"https:\/\/fermelarochette.ch\/wp-content\/uploads\/2023\/12\/Atelier-Plantons-768x1024.jpg 768w, https:\/\/fermelarochette.ch\/wp-content\/uploads\/2023\/12\/Atelier-Plantons-600x800.jpg 600w, https:\/\/fermelarochette.ch\/wp-content\/uploads\/2023\/12\/Atelier-Plantons-225x300.jpg 225w, https:\/\/fermelarochette.ch\/wp-content\/uploads\/2023\/12\/Atelier-Plantons-1152x1536.jpg 1152w, https:\/\/fermelarochette.ch\/wp-content\/uploads\/2023\/12\/Atelier-Plantons.jpg 1200w\" data-sizes=\"(max-width: 768px) 100vw, 768px\" src=\"data:image\/svg+xml;base64,PHN2ZyB3aWR0aD0iMSIgaGVpZ2h0PSIxIiB4bWxucz0iaHR0cDovL3d3dy53My5vcmcvMjAwMC9zdmciPjwvc3ZnPg==\" style=\"--smush-placeholder-width: 768px; --smush-placeholder-aspect-ratio: 768\/1024;\" \/><\/figure>\n<\/figure>\n","protected":false},"excerpt":{"rendered":"<p>Il est tout chaud tout neuf, voici le programme d&rsquo;ateliers et de formations 2024 ! La Rochette propose des ateliers et formations en lien avec &hellip;<\/p>\n","protected":false},"author":1,"featured_media":1832,"comment_status":"closed","ping_status":"closed","sticky":false,"template":"","format":"standard","meta":{"_price":"","_stock":"","_tribe_ticket_header":"","_tribe_default_ticket_provider":"","_ticket_start_date":"","_ticket_end_date":"","_tribe_ticket_show_description":"","_tribe_ticket_show_not_going":false,"_tribe_ticket_use_global_stock":"","_tribe_ticket_global_stock_level":"","_global_stock_mode":"","_global_stock_cap":"","_tribe_rsvp_for_event":"","_tribe_ticket_going_count":"","_tribe_ticket_not_going_count":"","_tribe_tickets_list":"[]","_tribe_ticket_has_attendee_info_fields":false,"_jetpack_memberships_contains_paid_content":false,"footnotes":""},"categories":[9],"tags":[],"class_list":["post-1799","post","type-post","status-publish","format-standard","has-post-thumbnail","hentry","category-ateliers-et-formations"],"yoast_head":"<!-- This site is optimized with the Yoast SEO plugin v26.9 - https:\/\/yoast.com\/product\/yoast-seo-wordpress\/ -->\n<title>Ateliers et formations 2024 - La Rochette<\/title>\n<meta name=\"robots\" content=\"index, follow, max-snippet:-1, max-image-preview:large, max-video-preview:-1\" \/>\n<link rel=\"canonical\" href=\"https:\/\/fermelarochette.ch\/index.php\/2023\/12\/15\/ateliers-et-formations-2024\/\" \/>\n<meta property=\"og:locale\" content=\"fr_FR\" \/>\n<meta property=\"og:type\" content=\"article\" \/>\n<meta property=\"og:title\" content=\"Ateliers et formations 2024 - La Rochette\" \/>\n<meta property=\"og:description\" content=\"Il est tout chaud tout neuf, voici le programme d&rsquo;ateliers et de formations 2024 ! La Rochette propose des ateliers et formations en lien avec &hellip;\" \/>\n<meta property=\"og:url\" content=\"https:\/\/fermelarochette.ch\/index.php\/2023\/12\/15\/ateliers-et-formations-2024\/\" \/>\n<meta property=\"og:site_name\" content=\"La Rochette\" \/>\n<meta property=\"article:published_time\" content=\"2023-12-15T15:58:10+00:00\" \/>\n<meta property=\"article:modified_time\" content=\"2025-03-21T00:10:30+00:00\" \/>\n<meta property=\"og:image\" content=\"https:\/\/fermelarochette.ch\/wp-content\/uploads\/2023\/12\/cours-lacto-fermentation-scaled.jpg\" \/>\n\t<meta property=\"og:image:width\" content=\"1920\" \/>\n\t<meta property=\"og:image:height\" content=\"2560\" \/>\n\t<meta property=\"og:image:type\" content=\"image\/jpeg\" \/>\n<meta name=\"author\" content=\"Claudine\" \/>\n<meta name=\"twitter:card\" content=\"summary_large_image\" \/>\n<meta name=\"twitter:label1\" content=\"\u00c9crit par\" \/>\n\t<meta name=\"twitter:data1\" content=\"Claudine\" \/>\n\t<meta name=\"twitter:label2\" content=\"Dur\u00e9e de lecture estim\u00e9e\" \/>\n\t<meta name=\"twitter:data2\" content=\"1 minute\" \/>\n<script type=\"application\/ld+json\" class=\"yoast-schema-graph\">{\"@context\":\"https:\/\/schema.org\",\"@graph\":[{\"@type\":\"Article\",\"@id\":\"https:\/\/fermelarochette.ch\/index.php\/2023\/12\/15\/ateliers-et-formations-2024\/#article\",\"isPartOf\":{\"@id\":\"https:\/\/fermelarochette.ch\/index.php\/2023\/12\/15\/ateliers-et-formations-2024\/\"},\"author\":{\"name\":\"Claudine\",\"@id\":\"https:\/\/fermelarochette.ch\/#\/schema\/person\/8b775b7362809e3390b8957cb4cbe9b7\"},\"headline\":\"Ateliers et formations 2024\",\"datePublished\":\"2023-12-15T15:58:10+00:00\",\"dateModified\":\"2025-03-21T00:10:30+00:00\",\"mainEntityOfPage\":{\"@id\":\"https:\/\/fermelarochette.ch\/index.php\/2023\/12\/15\/ateliers-et-formations-2024\/\"},\"wordCount\":282,\"image\":{\"@id\":\"https:\/\/fermelarochette.ch\/index.php\/2023\/12\/15\/ateliers-et-formations-2024\/#primaryimage\"},\"thumbnailUrl\":\"https:\/\/fermelarochette.ch\/wp-content\/uploads\/2023\/12\/cours-lacto-fermentation-scaled.jpg\",\"articleSection\":[\"Ateliers et formations\"],\"inLanguage\":\"fr-FR\"},{\"@type\":\"WebPage\",\"@id\":\"https:\/\/fermelarochette.ch\/index.php\/2023\/12\/15\/ateliers-et-formations-2024\/\",\"url\":\"https:\/\/fermelarochette.ch\/index.php\/2023\/12\/15\/ateliers-et-formations-2024\/\",\"name\":\"Ateliers et formations 2024 - La Rochette\",\"isPartOf\":{\"@id\":\"https:\/\/fermelarochette.ch\/#website\"},\"primaryImageOfPage\":{\"@id\":\"https:\/\/fermelarochette.ch\/index.php\/2023\/12\/15\/ateliers-et-formations-2024\/#primaryimage\"},\"image\":{\"@id\":\"https:\/\/fermelarochette.ch\/index.php\/2023\/12\/15\/ateliers-et-formations-2024\/#primaryimage\"},\"thumbnailUrl\":\"https:\/\/fermelarochette.ch\/wp-content\/uploads\/2023\/12\/cours-lacto-fermentation-scaled.jpg\",\"datePublished\":\"2023-12-15T15:58:10+00:00\",\"dateModified\":\"2025-03-21T00:10:30+00:00\",\"author\":{\"@id\":\"https:\/\/fermelarochette.ch\/#\/schema\/person\/8b775b7362809e3390b8957cb4cbe9b7\"},\"breadcrumb\":{\"@id\":\"https:\/\/fermelarochette.ch\/index.php\/2023\/12\/15\/ateliers-et-formations-2024\/#breadcrumb\"},\"inLanguage\":\"fr-FR\",\"potentialAction\":[{\"@type\":\"ReadAction\",\"target\":[\"https:\/\/fermelarochette.ch\/index.php\/2023\/12\/15\/ateliers-et-formations-2024\/\"]}]},{\"@type\":\"ImageObject\",\"inLanguage\":\"fr-FR\",\"@id\":\"https:\/\/fermelarochette.ch\/index.php\/2023\/12\/15\/ateliers-et-formations-2024\/#primaryimage\",\"url\":\"https:\/\/fermelarochette.ch\/wp-content\/uploads\/2023\/12\/cours-lacto-fermentation-scaled.jpg\",\"contentUrl\":\"https:\/\/fermelarochette.ch\/wp-content\/uploads\/2023\/12\/cours-lacto-fermentation-scaled.jpg\",\"width\":1920,\"height\":2560},{\"@type\":\"BreadcrumbList\",\"@id\":\"https:\/\/fermelarochette.ch\/index.php\/2023\/12\/15\/ateliers-et-formations-2024\/#breadcrumb\",\"itemListElement\":[{\"@type\":\"ListItem\",\"position\":1,\"name\":\"Accueil\",\"item\":\"https:\/\/fermelarochette.ch\/\"},{\"@type\":\"ListItem\",\"position\":2,\"name\":\"Ateliers et formations 2024\"}]},{\"@type\":\"WebSite\",\"@id\":\"https:\/\/fermelarochette.ch\/#website\",\"url\":\"https:\/\/fermelarochette.ch\/\",\"name\":\"La Rochette\",\"description\":\"Micro-ferme biologique\",\"potentialAction\":[{\"@type\":\"SearchAction\",\"target\":{\"@type\":\"EntryPoint\",\"urlTemplate\":\"https:\/\/fermelarochette.ch\/?s={search_term_string}\"},\"query-input\":{\"@type\":\"PropertyValueSpecification\",\"valueRequired\":true,\"valueName\":\"search_term_string\"}}],\"inLanguage\":\"fr-FR\"},{\"@type\":\"Person\",\"@id\":\"https:\/\/fermelarochette.ch\/#\/schema\/person\/8b775b7362809e3390b8957cb4cbe9b7\",\"name\":\"Claudine\",\"image\":{\"@type\":\"ImageObject\",\"inLanguage\":\"fr-FR\",\"@id\":\"https:\/\/fermelarochette.ch\/#\/schema\/person\/image\/\",\"url\":\"https:\/\/secure.gravatar.com\/avatar\/c0dbc1c85619dc3f9e194c4bf5d3dc2a869999ff80aac4f0369e52a5ffe5b600?s=96&d=mm&r=g\",\"contentUrl\":\"https:\/\/secure.gravatar.com\/avatar\/c0dbc1c85619dc3f9e194c4bf5d3dc2a869999ff80aac4f0369e52a5ffe5b600?s=96&d=mm&r=g\",\"caption\":\"Claudine\"},\"sameAs\":[\"https:\/\/fermelarochette.ch\"],\"url\":\"https:\/\/fermelarochette.ch\/index.php\/author\/claudine\/\"}]}<\/script>\n<!-- \/ Yoast SEO plugin. -->","yoast_head_json":{"title":"Ateliers et formations 2024 - La Rochette","robots":{"index":"index","follow":"follow","max-snippet":"max-snippet:-1","max-image-preview":"max-image-preview:large","max-video-preview":"max-video-preview:-1"},"canonical":"https:\/\/fermelarochette.ch\/index.php\/2023\/12\/15\/ateliers-et-formations-2024\/","og_locale":"fr_FR","og_type":"article","og_title":"Ateliers et formations 2024 - La Rochette","og_description":"Il est tout chaud tout neuf, voici le programme d&rsquo;ateliers et de formations 2024 ! La Rochette propose des ateliers et formations en lien avec &hellip;","og_url":"https:\/\/fermelarochette.ch\/index.php\/2023\/12\/15\/ateliers-et-formations-2024\/","og_site_name":"La Rochette","article_published_time":"2023-12-15T15:58:10+00:00","article_modified_time":"2025-03-21T00:10:30+00:00","og_image":[{"width":1920,"height":2560,"url":"https:\/\/fermelarochette.ch\/wp-content\/uploads\/2023\/12\/cours-lacto-fermentation-scaled.jpg","type":"image\/jpeg"}],"author":"Claudine","twitter_card":"summary_large_image","twitter_misc":{"\u00c9crit par":"Claudine","Dur\u00e9e de lecture estim\u00e9e":"1 minute"},"schema":{"@context":"https:\/\/schema.org","@graph":[{"@type":"Article","@id":"https:\/\/fermelarochette.ch\/index.php\/2023\/12\/15\/ateliers-et-formations-2024\/#article","isPartOf":{"@id":"https:\/\/fermelarochette.ch\/index.php\/2023\/12\/15\/ateliers-et-formations-2024\/"},"author":{"name":"Claudine","@id":"https:\/\/fermelarochette.ch\/#\/schema\/person\/8b775b7362809e3390b8957cb4cbe9b7"},"headline":"Ateliers et formations 2024","datePublished":"2023-12-15T15:58:10+00:00","dateModified":"2025-03-21T00:10:30+00:00","mainEntityOfPage":{"@id":"https:\/\/fermelarochette.ch\/index.php\/2023\/12\/15\/ateliers-et-formations-2024\/"},"wordCount":282,"image":{"@id":"https:\/\/fermelarochette.ch\/index.php\/2023\/12\/15\/ateliers-et-formations-2024\/#primaryimage"},"thumbnailUrl":"https:\/\/fermelarochette.ch\/wp-content\/uploads\/2023\/12\/cours-lacto-fermentation-scaled.jpg","articleSection":["Ateliers et formations"],"inLanguage":"fr-FR"},{"@type":"WebPage","@id":"https:\/\/fermelarochette.ch\/index.php\/2023\/12\/15\/ateliers-et-formations-2024\/","url":"https:\/\/fermelarochette.ch\/index.php\/2023\/12\/15\/ateliers-et-formations-2024\/","name":"Ateliers et formations 2024 - La Rochette","isPartOf":{"@id":"https:\/\/fermelarochette.ch\/#website"},"primaryImageOfPage":{"@id":"https:\/\/fermelarochette.ch\/index.php\/2023\/12\/15\/ateliers-et-formations-2024\/#primaryimage"},"image":{"@id":"https:\/\/fermelarochette.ch\/index.php\/2023\/12\/15\/ateliers-et-formations-2024\/#primaryimage"},"thumbnailUrl":"https:\/\/fermelarochette.ch\/wp-content\/uploads\/2023\/12\/cours-lacto-fermentation-scaled.jpg","datePublished":"2023-12-15T15:58:10+00:00","dateModified":"2025-03-21T00:10:30+00:00","author":{"@id":"https:\/\/fermelarochette.ch\/#\/schema\/person\/8b775b7362809e3390b8957cb4cbe9b7"},"breadcrumb":{"@id":"https:\/\/fermelarochette.ch\/index.php\/2023\/12\/15\/ateliers-et-formations-2024\/#breadcrumb"},"inLanguage":"fr-FR","potentialAction":[{"@type":"ReadAction","target":["https:\/\/fermelarochette.ch\/index.php\/2023\/12\/15\/ateliers-et-formations-2024\/"]}]},{"@type":"ImageObject","inLanguage":"fr-FR","@id":"https:\/\/fermelarochette.ch\/index.php\/2023\/12\/15\/ateliers-et-formations-2024\/#primaryimage","url":"https:\/\/fermelarochette.ch\/wp-content\/uploads\/2023\/12\/cours-lacto-fermentation-scaled.jpg","contentUrl":"https:\/\/fermelarochette.ch\/wp-content\/uploads\/2023\/12\/cours-lacto-fermentation-scaled.jpg","width":1920,"height":2560},{"@type":"BreadcrumbList","@id":"https:\/\/fermelarochette.ch\/index.php\/2023\/12\/15\/ateliers-et-formations-2024\/#breadcrumb","itemListElement":[{"@type":"ListItem","position":1,"name":"Accueil","item":"https:\/\/fermelarochette.ch\/"},{"@type":"ListItem","position":2,"name":"Ateliers et formations 2024"}]},{"@type":"WebSite","@id":"https:\/\/fermelarochette.ch\/#website","url":"https:\/\/fermelarochette.ch\/","name":"La Rochette","description":"Micro-ferme biologique","potentialAction":[{"@type":"SearchAction","target":{"@type":"EntryPoint","urlTemplate":"https:\/\/fermelarochette.ch\/?s={search_term_string}"},"query-input":{"@type":"PropertyValueSpecification","valueRequired":true,"valueName":"search_term_string"}}],"inLanguage":"fr-FR"},{"@type":"Person","@id":"https:\/\/fermelarochette.ch\/#\/schema\/person\/8b775b7362809e3390b8957cb4cbe9b7","name":"Claudine","image":{"@type":"ImageObject","inLanguage":"fr-FR","@id":"https:\/\/fermelarochette.ch\/#\/schema\/person\/image\/","url":"https:\/\/secure.gravatar.com\/avatar\/c0dbc1c85619dc3f9e194c4bf5d3dc2a869999ff80aac4f0369e52a5ffe5b600?s=96&d=mm&r=g","contentUrl":"https:\/\/secure.gravatar.com\/avatar\/c0dbc1c85619dc3f9e194c4bf5d3dc2a869999ff80aac4f0369e52a5ffe5b600?s=96&d=mm&r=g","caption":"Claudine"},"sameAs":["https:\/\/fermelarochette.ch"],"url":"https:\/\/fermelarochette.ch\/index.php\/author\/claudine\/"}]}},"jetpack_featured_media_url":"https:\/\/fermelarochette.ch\/wp-content\/uploads\/2023\/12\/cours-lacto-fermentation-scaled.jpg","jetpack_sharing_enabled":true,"_links":{"self":[{"href":"https:\/\/fermelarochette.ch\/index.php\/wp-json\/wp\/v2\/posts\/1799","targetHints":{"allow":["GET"]}}],"collection":[{"href":"https:\/\/fermelarochette.ch\/index.php\/wp-json\/wp\/v2\/posts"}],"about":[{"href":"https:\/\/fermelarochette.ch\/index.php\/wp-json\/wp\/v2\/types\/post"}],"author":[{"embeddable":true,"href":"https:\/\/fermelarochette.ch\/index.php\/wp-json\/wp\/v2\/users\/1"}],"replies":[{"embeddable":true,"href":"https:\/\/fermelarochette.ch\/index.php\/wp-json\/wp\/v2\/comments?post=1799"}],"version-history":[{"count":5,"href":"https:\/\/fermelarochette.ch\/index.php\/wp-json\/wp\/v2\/posts\/1799\/revisions"}],"predecessor-version":[{"id":1835,"href":"https:\/\/fermelarochette.ch\/index.php\/wp-json\/wp\/v2\/posts\/1799\/revisions\/1835"}],"wp:featuredmedia":[{"embeddable":true,"href":"https:\/\/fermelarochette.ch\/index.php\/wp-json\/wp\/v2\/media\/1832"}],"wp:attachment":[{"href":"https:\/\/fermelarochette.ch\/index.php\/wp-json\/wp\/v2\/media?parent=1799"}],"wp:term":[{"taxonomy":"category","embeddable":true,"href":"https:\/\/fermelarochette.ch\/index.php\/wp-json\/wp\/v2\/categories?post=1799"},{"taxonomy":"post_tag","embeddable":true,"href":"https:\/\/fermelarochette.ch\/index.php\/wp-json\/wp\/v2\/tags?post=1799"}],"curies":[{"name":"wp","href":"https:\/\/api.w.org\/{rel}","templated":true}]}}