{"id":1789,"date":"2023-12-15T16:35:33","date_gmt":"2023-12-15T15:35:33","guid":{"rendered":"https:\/\/fermelarochette.ch\/?p=1789"},"modified":"2025-03-21T01:10:35","modified_gmt":"2025-03-21T00:10:35","slug":"les-travaux-vont-bon-train","status":"publish","type":"post","link":"https:\/\/fermelarochette.ch\/index.php\/2023\/12\/15\/les-travaux-vont-bon-train\/","title":{"rendered":"L&rsquo;installation va bon train"},"content":{"rendered":"\n<h2 class=\"wp-block-heading\">Au jardin et \u00e0 la ferme, \u00e7a construit, \u00e7a creuse, \u00e7a planifie&#8230;.  Les choses bougent !<\/h2>\n\n\n\n<p>Pour am\u00e9nager le jardin (qui n&rsquo;\u00e9tait qu&rsquo;une prairie) ainsi que la ferme (qui avait besoin de gros travaux), nous avions du pain sur la planche. L&rsquo;obtention de g\u00e9n\u00e9reux dons lors du financement participatif, le soutien de l&rsquo;Aide suisse \u00e0 la montagne et de la Fondation Le Lombric, associ\u00e9s \u00e0 beaucoup d&rsquo;huile de coude, nous ont permis de bien avancer.<\/p>\n\n\n\n<p><strong>Au jardin,<\/strong> les choses ont beaucoup boug\u00e9 depuis la r\u00e9ception du permis de construire : la serre a \u00e9t\u00e9 mont\u00e9e, la citerne avec captation de l&rsquo;eau du ruisseau a \u00e9t\u00e9 install\u00e9e, la mare a \u00e9t\u00e9 creus\u00e9e et les zones de cultures ont \u00e9t\u00e9 agrandies. <strong>\u00c0 la ferme,<\/strong> un ancien atelier a \u00e9t\u00e9 r\u00e9nov\u00e9 en cuisine pour la confection de nos produits transform\u00e9s, l&rsquo;\u00e9table a \u00e9t\u00e9 transform\u00e9e en local de nettoyage des l\u00e9gumes, et la fa\u00e7ade du futur local de stockage a \u00e9t\u00e9 refaite. Nous n&rsquo;avons pas tout fait seuls : un ami nous a aid\u00e9 pour l&rsquo;\u00e9lectricit\u00e9 ; des b\u00e9n\u00e9voles acharn\u00e9s, pour le montage de la serre et l&rsquo;am\u00e9nagement de la mare ; une entreprise de construction a r\u00e9alis\u00e9 le carrelage et la plomberie. Ouf ! Cela nous a donn\u00e9 un sacr\u00e9 coup de pouce. <strong>D&rsquo;un point de vue organisationnel<\/strong>, nous avons mis au point notre \u00e9tiquetage et notre \u00ab\u00a0visuel\u00a0\u00bb (gr\u00e2ce \u00e0 Agathe et ses talents d&rsquo;artiste !), et avons int\u00e9gr\u00e9 Les Saveurs, l&rsquo;entreprise par laquelle nos paniers seront livr\u00e9s hors de La Baroche, accompagn\u00e9s des savoureux produits de la Ferme de Mont-Lucelle. <\/p>\n\n\n\n<p><strong>Jusqu&rsquo;au d\u00e9but de la saison prochaine, il reste encore beaucoup \u00e0 faire et nous sommes motiv\u00e9s !<\/strong> Am\u00e9nagement d&rsquo;un local de stockage pour les produits transform\u00e9s, cr\u00e9ation du s\u00e9choir solaire, de la zone de compostage et des zones \u00e0 semis, mise en place d&rsquo;une barri\u00e8re pour nos canards mangeurs de limages et augmentation progressive des zones de culture. Tout cela pr\u00e9sage une fin d&rsquo;hiver bien active, car notre objectif est de terminer ces installations d&rsquo;ici la fin du mois d&rsquo;avril 2024 afin d&rsquo;\u00eatre totalement pr\u00eats pour la saison prochaine. Sachant que la pr\u00e9paration des semis et plantons commence mi-f\u00e9vrier, il n&rsquo;y aura pas de quoi s&rsquo;ennuyer !<\/p>\n\n\n\n<p><strong>Et apr\u00e8s ? <\/strong>Une fois tout cela r\u00e9alis\u00e9 (oui, oui, on y croit !!), nous aimerions construire le cabanon de jardin, cr\u00e9er un local de vente \u00e0 la ferme et terminer l&rsquo;installation du local de stockage des l\u00e9gumes, tout en augmentant sensiblement le nombre de paniers de l\u00e9gumes propos\u00e9s \u00e0 la vente. Mais aussi, d\u00e9velopper petit \u00e0 petit notre assortiment de produits transform\u00e9s, les proposer \u00e0 des revendeurs et cr\u00e9er un site de vente en ligne. <\/p>\n\n\n\n<p>Ainsi, La Rochette avance dans son installation. Une fois que tous les projets pr\u00e9vus seront concr\u00e9tis\u00e9s, nous en aurons de nouveaux. Ainsi va la vie, lorsqu&rsquo;on aime ce qu&rsquo;on fait \ud83d\ude42<\/p>\n\n\n\n<div style=\"height:100px\" aria-hidden=\"true\" class=\"wp-block-spacer\"><\/div>\n\n\n\n<figure class=\"wp-block-gallery has-nested-images columns-default is-cropped wp-block-gallery-1 is-layout-flex wp-block-gallery-is-layout-flex\">\n<figure class=\"wp-block-image size-large\"><img decoding=\"async\" width=\"768\" height=\"1024\" data-id=\"1795\" data-src=\"https:\/\/fermelarochette.ch\/wp-content\/uploads\/2023\/12\/premier-coup-de-pelle-768x1024.jpeg\" alt=\"\" class=\"wp-image-1795 lazyload\" data-srcset=\"https:\/\/fermelarochette.ch\/wp-content\/uploads\/2023\/12\/premier-coup-de-pelle-768x1024.jpeg 768w, https:\/\/fermelarochette.ch\/wp-content\/uploads\/2023\/12\/premier-coup-de-pelle-600x800.jpeg 600w, https:\/\/fermelarochette.ch\/wp-content\/uploads\/2023\/12\/premier-coup-de-pelle-225x300.jpeg 225w, https:\/\/fermelarochette.ch\/wp-content\/uploads\/2023\/12\/premier-coup-de-pelle-1152x1536.jpeg 1152w, https:\/\/fermelarochette.ch\/wp-content\/uploads\/2023\/12\/premier-coup-de-pelle.jpeg 1536w\" data-sizes=\"(max-width: 768px) 100vw, 768px\" src=\"data:image\/svg+xml;base64,PHN2ZyB3aWR0aD0iMSIgaGVpZ2h0PSIxIiB4bWxucz0iaHR0cDovL3d3dy53My5vcmcvMjAwMC9zdmciPjwvc3ZnPg==\" style=\"--smush-placeholder-width: 768px; --smush-placeholder-aspect-ratio: 768\/1024;\" \/><figcaption class=\"wp-element-caption\">Premier coup de pelle, hiver 2021<\/figcaption><\/figure>\n\n\n\n<figure class=\"wp-block-image size-large\"><img decoding=\"async\" width=\"768\" height=\"1024\" data-id=\"1791\" data-src=\"https:\/\/fermelarochette.ch\/wp-content\/uploads\/2023\/12\/creation-de-la-mare-768x1024.jpeg\" alt=\"\" class=\"wp-image-1791 lazyload\" data-srcset=\"https:\/\/fermelarochette.ch\/wp-content\/uploads\/2023\/12\/creation-de-la-mare-768x1024.jpeg 768w, https:\/\/fermelarochette.ch\/wp-content\/uploads\/2023\/12\/creation-de-la-mare-scaled-600x800.jpeg 600w, https:\/\/fermelarochette.ch\/wp-content\/uploads\/2023\/12\/creation-de-la-mare-225x300.jpeg 225w, https:\/\/fermelarochette.ch\/wp-content\/uploads\/2023\/12\/creation-de-la-mare-1152x1536.jpeg 1152w, https:\/\/fermelarochette.ch\/wp-content\/uploads\/2023\/12\/creation-de-la-mare-1536x2048.jpeg 1536w, https:\/\/fermelarochette.ch\/wp-content\/uploads\/2023\/12\/creation-de-la-mare-scaled.jpeg 1920w\" data-sizes=\"(max-width: 768px) 100vw, 768px\" src=\"data:image\/svg+xml;base64,PHN2ZyB3aWR0aD0iMSIgaGVpZ2h0PSIxIiB4bWxucz0iaHR0cDovL3d3dy53My5vcmcvMjAwMC9zdmciPjwvc3ZnPg==\" style=\"--smush-placeholder-width: 768px; --smush-placeholder-aspect-ratio: 768\/1024;\" \/><figcaption class=\"wp-element-caption\">Cr\u00e9ation de la mare<\/figcaption><\/figure>\n\n\n\n<figure class=\"wp-block-image size-large\"><img decoding=\"async\" width=\"768\" height=\"1024\" data-id=\"1794\" data-src=\"https:\/\/fermelarochette.ch\/wp-content\/uploads\/2023\/12\/montage-de-la-serre-768x1024.jpeg\" alt=\"\" class=\"wp-image-1794 lazyload\" data-srcset=\"https:\/\/fermelarochette.ch\/wp-content\/uploads\/2023\/12\/montage-de-la-serre-768x1024.jpeg 768w, https:\/\/fermelarochette.ch\/wp-content\/uploads\/2023\/12\/montage-de-la-serre-scaled-600x800.jpeg 600w, https:\/\/fermelarochette.ch\/wp-content\/uploads\/2023\/12\/montage-de-la-serre-225x300.jpeg 225w, https:\/\/fermelarochette.ch\/wp-content\/uploads\/2023\/12\/montage-de-la-serre-1152x1536.jpeg 1152w, https:\/\/fermelarochette.ch\/wp-content\/uploads\/2023\/12\/montage-de-la-serre-1536x2048.jpeg 1536w, https:\/\/fermelarochette.ch\/wp-content\/uploads\/2023\/12\/montage-de-la-serre-scaled.jpeg 1920w\" data-sizes=\"(max-width: 768px) 100vw, 768px\" src=\"data:image\/svg+xml;base64,PHN2ZyB3aWR0aD0iMSIgaGVpZ2h0PSIxIiB4bWxucz0iaHR0cDovL3d3dy53My5vcmcvMjAwMC9zdmciPjwvc3ZnPg==\" style=\"--smush-placeholder-width: 768px; --smush-placeholder-aspect-ratio: 768\/1024;\" \/><figcaption class=\"wp-element-caption\">Montage de la serre<\/figcaption><\/figure>\n\n\n\n<figure class=\"wp-block-image size-large\"><img decoding=\"async\" width=\"768\" height=\"1024\" data-id=\"1793\" data-src=\"https:\/\/fermelarochette.ch\/wp-content\/uploads\/2023\/12\/Installation-de-la-citerne-768x1024.jpeg\" alt=\"\" class=\"wp-image-1793 lazyload\" data-srcset=\"https:\/\/fermelarochette.ch\/wp-content\/uploads\/2023\/12\/Installation-de-la-citerne-768x1024.jpeg 768w, https:\/\/fermelarochette.ch\/wp-content\/uploads\/2023\/12\/Installation-de-la-citerne-scaled-600x800.jpeg 600w, https:\/\/fermelarochette.ch\/wp-content\/uploads\/2023\/12\/Installation-de-la-citerne-225x300.jpeg 225w, https:\/\/fermelarochette.ch\/wp-content\/uploads\/2023\/12\/Installation-de-la-citerne-1152x1536.jpeg 1152w, https:\/\/fermelarochette.ch\/wp-content\/uploads\/2023\/12\/Installation-de-la-citerne-1536x2048.jpeg 1536w, https:\/\/fermelarochette.ch\/wp-content\/uploads\/2023\/12\/Installation-de-la-citerne-scaled.jpeg 1920w\" data-sizes=\"(max-width: 768px) 100vw, 768px\" src=\"data:image\/svg+xml;base64,PHN2ZyB3aWR0aD0iMSIgaGVpZ2h0PSIxIiB4bWxucz0iaHR0cDovL3d3dy53My5vcmcvMjAwMC9zdmciPjwvc3ZnPg==\" style=\"--smush-placeholder-width: 768px; --smush-placeholder-aspect-ratio: 768\/1024;\" \/><figcaption class=\"wp-element-caption\">Installation de la citerne<\/figcaption><\/figure>\n\n\n\n<figure class=\"wp-block-image size-large\"><img decoding=\"async\" width=\"1024\" height=\"768\" data-id=\"1796\" data-src=\"https:\/\/fermelarochette.ch\/wp-content\/uploads\/2023\/12\/image00007-1024x768.jpeg\" alt=\"\" class=\"wp-image-1796 lazyload\" data-srcset=\"https:\/\/fermelarochette.ch\/wp-content\/uploads\/2023\/12\/image00007-1024x768.jpeg 1024w, https:\/\/fermelarochette.ch\/wp-content\/uploads\/2023\/12\/image00007-scaled-600x450.jpeg 600w, https:\/\/fermelarochette.ch\/wp-content\/uploads\/2023\/12\/image00007-300x225.jpeg 300w, https:\/\/fermelarochette.ch\/wp-content\/uploads\/2023\/12\/image00007-768x576.jpeg 768w, https:\/\/fermelarochette.ch\/wp-content\/uploads\/2023\/12\/image00007-1536x1152.jpeg 1536w, https:\/\/fermelarochette.ch\/wp-content\/uploads\/2023\/12\/image00007-2048x1536.jpeg 2048w, https:\/\/fermelarochette.ch\/wp-content\/uploads\/2023\/12\/image00007-400x300.jpeg 400w\" data-sizes=\"(max-width: 1024px) 100vw, 1024px\" src=\"data:image\/svg+xml;base64,PHN2ZyB3aWR0aD0iMSIgaGVpZ2h0PSIxIiB4bWxucz0iaHR0cDovL3d3dy53My5vcmcvMjAwMC9zdmciPjwvc3ZnPg==\" style=\"--smush-placeholder-width: 1024px; --smush-placeholder-aspect-ratio: 1024\/768;\" \/><figcaption class=\"wp-element-caption\">Le jardin au printemps 2023<\/figcaption><\/figure>\n\n\n\n<figure class=\"wp-block-image size-large\"><img decoding=\"async\" width=\"768\" height=\"1024\" data-id=\"1792\" data-src=\"https:\/\/fermelarochette.ch\/wp-content\/uploads\/2023\/12\/IMG_20231201_142934-768x1024.jpg\" alt=\"\" class=\"wp-image-1792 lazyload\" data-srcset=\"https:\/\/fermelarochette.ch\/wp-content\/uploads\/2023\/12\/IMG_20231201_142934-768x1024.jpg 768w, https:\/\/fermelarochette.ch\/wp-content\/uploads\/2023\/12\/IMG_20231201_142934-scaled-600x800.jpg 600w, https:\/\/fermelarochette.ch\/wp-content\/uploads\/2023\/12\/IMG_20231201_142934-225x300.jpg 225w, https:\/\/fermelarochette.ch\/wp-content\/uploads\/2023\/12\/IMG_20231201_142934-1152x1536.jpg 1152w, https:\/\/fermelarochette.ch\/wp-content\/uploads\/2023\/12\/IMG_20231201_142934-1536x2048.jpg 1536w, https:\/\/fermelarochette.ch\/wp-content\/uploads\/2023\/12\/IMG_20231201_142934-scaled.jpg 1920w\" data-sizes=\"(max-width: 768px) 100vw, 768px\" src=\"data:image\/svg+xml;base64,PHN2ZyB3aWR0aD0iMSIgaGVpZ2h0PSIxIiB4bWxucz0iaHR0cDovL3d3dy53My5vcmcvMjAwMC9zdmciPjwvc3ZnPg==\" style=\"--smush-placeholder-width: 768px; --smush-placeholder-aspect-ratio: 768\/1024;\" \/><figcaption class=\"wp-element-caption\">Le local de transformation<\/figcaption><\/figure>\n<\/figure>\n","protected":false},"excerpt":{"rendered":"<p>Au jardin et \u00e0 la ferme, \u00e7a construit, \u00e7a creuse, \u00e7a planifie&#8230;. Les choses bougent ! Pour am\u00e9nager le jardin (qui n&rsquo;\u00e9tait qu&rsquo;une prairie) ainsi &hellip;<\/p>\n","protected":false},"author":1,"featured_media":1790,"comment_status":"closed","ping_status":"closed","sticky":false,"template":"","format":"standard","meta":{"_price":"","_stock":"","_tribe_ticket_header":"","_tribe_default_ticket_provider":"","_ticket_start_date":"","_ticket_end_date":"","_tribe_ticket_show_description":"","_tribe_ticket_show_not_going":false,"_tribe_ticket_use_global_stock":"","_tribe_ticket_global_stock_level":"","_global_stock_mode":"","_global_stock_cap":"","_tribe_rsvp_for_event":"","_tribe_ticket_going_count":"","_tribe_ticket_not_going_count":"","_tribe_tickets_list":"[]","_tribe_ticket_has_attendee_info_fields":false,"_jetpack_memberships_contains_paid_content":false,"footnotes":""},"categories":[22],"tags":[],"class_list":["post-1789","post","type-post","status-publish","format-standard","has-post-thumbnail","hentry","category-installation"],"yoast_head":"<!-- This site is optimized with the Yoast SEO plugin v26.9 - https:\/\/yoast.com\/product\/yoast-seo-wordpress\/ -->\n<title>L&#039;installation va bon train - La Rochette<\/title>\n<meta name=\"robots\" content=\"index, follow, max-snippet:-1, max-image-preview:large, max-video-preview:-1\" \/>\n<link rel=\"canonical\" href=\"https:\/\/fermelarochette.ch\/index.php\/2023\/12\/15\/les-travaux-vont-bon-train\/\" \/>\n<meta property=\"og:locale\" content=\"fr_FR\" \/>\n<meta property=\"og:type\" content=\"article\" \/>\n<meta property=\"og:title\" content=\"L&#039;installation va bon train - La Rochette\" \/>\n<meta property=\"og:description\" content=\"Au jardin et \u00e0 la ferme, \u00e7a construit, \u00e7a creuse, \u00e7a planifie&#8230;. Les choses bougent ! Pour am\u00e9nager le jardin (qui n&rsquo;\u00e9tait qu&rsquo;une prairie) ainsi &hellip;\" \/>\n<meta property=\"og:url\" content=\"https:\/\/fermelarochette.ch\/index.php\/2023\/12\/15\/les-travaux-vont-bon-train\/\" \/>\n<meta property=\"og:site_name\" content=\"La Rochette\" \/>\n<meta property=\"article:published_time\" content=\"2023-12-15T15:35:33+00:00\" \/>\n<meta property=\"article:modified_time\" content=\"2025-03-21T00:10:35+00:00\" \/>\n<meta property=\"og:image\" content=\"https:\/\/fermelarochette.ch\/wp-content\/uploads\/2023\/12\/Stephane-en-plein-travail-scaled.jpg\" \/>\n\t<meta property=\"og:image:width\" content=\"1920\" \/>\n\t<meta property=\"og:image:height\" content=\"2560\" \/>\n\t<meta property=\"og:image:type\" content=\"image\/jpeg\" \/>\n<meta name=\"author\" content=\"Claudine\" \/>\n<meta name=\"twitter:card\" content=\"summary_large_image\" \/>\n<meta name=\"twitter:label1\" content=\"\u00c9crit par\" \/>\n\t<meta name=\"twitter:data1\" content=\"Claudine\" \/>\n\t<meta name=\"twitter:label2\" content=\"Dur\u00e9e de lecture estim\u00e9e\" \/>\n\t<meta name=\"twitter:data2\" content=\"3 minutes\" \/>\n<script type=\"application\/ld+json\" class=\"yoast-schema-graph\">{\"@context\":\"https:\/\/schema.org\",\"@graph\":[{\"@type\":\"Article\",\"@id\":\"https:\/\/fermelarochette.ch\/index.php\/2023\/12\/15\/les-travaux-vont-bon-train\/#article\",\"isPartOf\":{\"@id\":\"https:\/\/fermelarochette.ch\/index.php\/2023\/12\/15\/les-travaux-vont-bon-train\/\"},\"author\":{\"name\":\"Claudine\",\"@id\":\"https:\/\/fermelarochette.ch\/#\/schema\/person\/8b775b7362809e3390b8957cb4cbe9b7\"},\"headline\":\"L&rsquo;installation va bon train\",\"datePublished\":\"2023-12-15T15:35:33+00:00\",\"dateModified\":\"2025-03-21T00:10:35+00:00\",\"mainEntityOfPage\":{\"@id\":\"https:\/\/fermelarochette.ch\/index.php\/2023\/12\/15\/les-travaux-vont-bon-train\/\"},\"wordCount\":527,\"image\":{\"@id\":\"https:\/\/fermelarochette.ch\/index.php\/2023\/12\/15\/les-travaux-vont-bon-train\/#primaryimage\"},\"thumbnailUrl\":\"https:\/\/fermelarochette.ch\/wp-content\/uploads\/2023\/12\/Stephane-en-plein-travail-scaled.jpg\",\"articleSection\":[\"Installation de la ferme\"],\"inLanguage\":\"fr-FR\"},{\"@type\":\"WebPage\",\"@id\":\"https:\/\/fermelarochette.ch\/index.php\/2023\/12\/15\/les-travaux-vont-bon-train\/\",\"url\":\"https:\/\/fermelarochette.ch\/index.php\/2023\/12\/15\/les-travaux-vont-bon-train\/\",\"name\":\"L'installation va bon train - La Rochette\",\"isPartOf\":{\"@id\":\"https:\/\/fermelarochette.ch\/#website\"},\"primaryImageOfPage\":{\"@id\":\"https:\/\/fermelarochette.ch\/index.php\/2023\/12\/15\/les-travaux-vont-bon-train\/#primaryimage\"},\"image\":{\"@id\":\"https:\/\/fermelarochette.ch\/index.php\/2023\/12\/15\/les-travaux-vont-bon-train\/#primaryimage\"},\"thumbnailUrl\":\"https:\/\/fermelarochette.ch\/wp-content\/uploads\/2023\/12\/Stephane-en-plein-travail-scaled.jpg\",\"datePublished\":\"2023-12-15T15:35:33+00:00\",\"dateModified\":\"2025-03-21T00:10:35+00:00\",\"author\":{\"@id\":\"https:\/\/fermelarochette.ch\/#\/schema\/person\/8b775b7362809e3390b8957cb4cbe9b7\"},\"breadcrumb\":{\"@id\":\"https:\/\/fermelarochette.ch\/index.php\/2023\/12\/15\/les-travaux-vont-bon-train\/#breadcrumb\"},\"inLanguage\":\"fr-FR\",\"potentialAction\":[{\"@type\":\"ReadAction\",\"target\":[\"https:\/\/fermelarochette.ch\/index.php\/2023\/12\/15\/les-travaux-vont-bon-train\/\"]}]},{\"@type\":\"ImageObject\",\"inLanguage\":\"fr-FR\",\"@id\":\"https:\/\/fermelarochette.ch\/index.php\/2023\/12\/15\/les-travaux-vont-bon-train\/#primaryimage\",\"url\":\"https:\/\/fermelarochette.ch\/wp-content\/uploads\/2023\/12\/Stephane-en-plein-travail-scaled.jpg\",\"contentUrl\":\"https:\/\/fermelarochette.ch\/wp-content\/uploads\/2023\/12\/Stephane-en-plein-travail-scaled.jpg\",\"width\":1920,\"height\":2560},{\"@type\":\"BreadcrumbList\",\"@id\":\"https:\/\/fermelarochette.ch\/index.php\/2023\/12\/15\/les-travaux-vont-bon-train\/#breadcrumb\",\"itemListElement\":[{\"@type\":\"ListItem\",\"position\":1,\"name\":\"Accueil\",\"item\":\"https:\/\/fermelarochette.ch\/\"},{\"@type\":\"ListItem\",\"position\":2,\"name\":\"L&rsquo;installation va bon train\"}]},{\"@type\":\"WebSite\",\"@id\":\"https:\/\/fermelarochette.ch\/#website\",\"url\":\"https:\/\/fermelarochette.ch\/\",\"name\":\"La Rochette\",\"description\":\"Micro-ferme biologique\",\"potentialAction\":[{\"@type\":\"SearchAction\",\"target\":{\"@type\":\"EntryPoint\",\"urlTemplate\":\"https:\/\/fermelarochette.ch\/?s={search_term_string}\"},\"query-input\":{\"@type\":\"PropertyValueSpecification\",\"valueRequired\":true,\"valueName\":\"search_term_string\"}}],\"inLanguage\":\"fr-FR\"},{\"@type\":\"Person\",\"@id\":\"https:\/\/fermelarochette.ch\/#\/schema\/person\/8b775b7362809e3390b8957cb4cbe9b7\",\"name\":\"Claudine\",\"image\":{\"@type\":\"ImageObject\",\"inLanguage\":\"fr-FR\",\"@id\":\"https:\/\/fermelarochette.ch\/#\/schema\/person\/image\/\",\"url\":\"https:\/\/secure.gravatar.com\/avatar\/c0dbc1c85619dc3f9e194c4bf5d3dc2a869999ff80aac4f0369e52a5ffe5b600?s=96&d=mm&r=g\",\"contentUrl\":\"https:\/\/secure.gravatar.com\/avatar\/c0dbc1c85619dc3f9e194c4bf5d3dc2a869999ff80aac4f0369e52a5ffe5b600?s=96&d=mm&r=g\",\"caption\":\"Claudine\"},\"sameAs\":[\"https:\/\/fermelarochette.ch\"],\"url\":\"https:\/\/fermelarochette.ch\/index.php\/author\/claudine\/\"}]}<\/script>\n<!-- \/ Yoast SEO plugin. -->","yoast_head_json":{"title":"L'installation va bon train - La Rochette","robots":{"index":"index","follow":"follow","max-snippet":"max-snippet:-1","max-image-preview":"max-image-preview:large","max-video-preview":"max-video-preview:-1"},"canonical":"https:\/\/fermelarochette.ch\/index.php\/2023\/12\/15\/les-travaux-vont-bon-train\/","og_locale":"fr_FR","og_type":"article","og_title":"L'installation va bon train - La Rochette","og_description":"Au jardin et \u00e0 la ferme, \u00e7a construit, \u00e7a creuse, \u00e7a planifie&#8230;. Les choses bougent ! Pour am\u00e9nager le jardin (qui n&rsquo;\u00e9tait qu&rsquo;une prairie) ainsi &hellip;","og_url":"https:\/\/fermelarochette.ch\/index.php\/2023\/12\/15\/les-travaux-vont-bon-train\/","og_site_name":"La Rochette","article_published_time":"2023-12-15T15:35:33+00:00","article_modified_time":"2025-03-21T00:10:35+00:00","og_image":[{"width":1920,"height":2560,"url":"https:\/\/fermelarochette.ch\/wp-content\/uploads\/2023\/12\/Stephane-en-plein-travail-scaled.jpg","type":"image\/jpeg"}],"author":"Claudine","twitter_card":"summary_large_image","twitter_misc":{"\u00c9crit par":"Claudine","Dur\u00e9e de lecture estim\u00e9e":"3 minutes"},"schema":{"@context":"https:\/\/schema.org","@graph":[{"@type":"Article","@id":"https:\/\/fermelarochette.ch\/index.php\/2023\/12\/15\/les-travaux-vont-bon-train\/#article","isPartOf":{"@id":"https:\/\/fermelarochette.ch\/index.php\/2023\/12\/15\/les-travaux-vont-bon-train\/"},"author":{"name":"Claudine","@id":"https:\/\/fermelarochette.ch\/#\/schema\/person\/8b775b7362809e3390b8957cb4cbe9b7"},"headline":"L&rsquo;installation va bon train","datePublished":"2023-12-15T15:35:33+00:00","dateModified":"2025-03-21T00:10:35+00:00","mainEntityOfPage":{"@id":"https:\/\/fermelarochette.ch\/index.php\/2023\/12\/15\/les-travaux-vont-bon-train\/"},"wordCount":527,"image":{"@id":"https:\/\/fermelarochette.ch\/index.php\/2023\/12\/15\/les-travaux-vont-bon-train\/#primaryimage"},"thumbnailUrl":"https:\/\/fermelarochette.ch\/wp-content\/uploads\/2023\/12\/Stephane-en-plein-travail-scaled.jpg","articleSection":["Installation de la ferme"],"inLanguage":"fr-FR"},{"@type":"WebPage","@id":"https:\/\/fermelarochette.ch\/index.php\/2023\/12\/15\/les-travaux-vont-bon-train\/","url":"https:\/\/fermelarochette.ch\/index.php\/2023\/12\/15\/les-travaux-vont-bon-train\/","name":"L'installation va bon train - La Rochette","isPartOf":{"@id":"https:\/\/fermelarochette.ch\/#website"},"primaryImageOfPage":{"@id":"https:\/\/fermelarochette.ch\/index.php\/2023\/12\/15\/les-travaux-vont-bon-train\/#primaryimage"},"image":{"@id":"https:\/\/fermelarochette.ch\/index.php\/2023\/12\/15\/les-travaux-vont-bon-train\/#primaryimage"},"thumbnailUrl":"https:\/\/fermelarochette.ch\/wp-content\/uploads\/2023\/12\/Stephane-en-plein-travail-scaled.jpg","datePublished":"2023-12-15T15:35:33+00:00","dateModified":"2025-03-21T00:10:35+00:00","author":{"@id":"https:\/\/fermelarochette.ch\/#\/schema\/person\/8b775b7362809e3390b8957cb4cbe9b7"},"breadcrumb":{"@id":"https:\/\/fermelarochette.ch\/index.php\/2023\/12\/15\/les-travaux-vont-bon-train\/#breadcrumb"},"inLanguage":"fr-FR","potentialAction":[{"@type":"ReadAction","target":["https:\/\/fermelarochette.ch\/index.php\/2023\/12\/15\/les-travaux-vont-bon-train\/"]}]},{"@type":"ImageObject","inLanguage":"fr-FR","@id":"https:\/\/fermelarochette.ch\/index.php\/2023\/12\/15\/les-travaux-vont-bon-train\/#primaryimage","url":"https:\/\/fermelarochette.ch\/wp-content\/uploads\/2023\/12\/Stephane-en-plein-travail-scaled.jpg","contentUrl":"https:\/\/fermelarochette.ch\/wp-content\/uploads\/2023\/12\/Stephane-en-plein-travail-scaled.jpg","width":1920,"height":2560},{"@type":"BreadcrumbList","@id":"https:\/\/fermelarochette.ch\/index.php\/2023\/12\/15\/les-travaux-vont-bon-train\/#breadcrumb","itemListElement":[{"@type":"ListItem","position":1,"name":"Accueil","item":"https:\/\/fermelarochette.ch\/"},{"@type":"ListItem","position":2,"name":"L&rsquo;installation va bon train"}]},{"@type":"WebSite","@id":"https:\/\/fermelarochette.ch\/#website","url":"https:\/\/fermelarochette.ch\/","name":"La Rochette","description":"Micro-ferme biologique","potentialAction":[{"@type":"SearchAction","target":{"@type":"EntryPoint","urlTemplate":"https:\/\/fermelarochette.ch\/?s={search_term_string}"},"query-input":{"@type":"PropertyValueSpecification","valueRequired":true,"valueName":"search_term_string"}}],"inLanguage":"fr-FR"},{"@type":"Person","@id":"https:\/\/fermelarochette.ch\/#\/schema\/person\/8b775b7362809e3390b8957cb4cbe9b7","name":"Claudine","image":{"@type":"ImageObject","inLanguage":"fr-FR","@id":"https:\/\/fermelarochette.ch\/#\/schema\/person\/image\/","url":"https:\/\/secure.gravatar.com\/avatar\/c0dbc1c85619dc3f9e194c4bf5d3dc2a869999ff80aac4f0369e52a5ffe5b600?s=96&d=mm&r=g","contentUrl":"https:\/\/secure.gravatar.com\/avatar\/c0dbc1c85619dc3f9e194c4bf5d3dc2a869999ff80aac4f0369e52a5ffe5b600?s=96&d=mm&r=g","caption":"Claudine"},"sameAs":["https:\/\/fermelarochette.ch"],"url":"https:\/\/fermelarochette.ch\/index.php\/author\/claudine\/"}]}},"jetpack_featured_media_url":"https:\/\/fermelarochette.ch\/wp-content\/uploads\/2023\/12\/Stephane-en-plein-travail-scaled.jpg","jetpack_sharing_enabled":true,"_links":{"self":[{"href":"https:\/\/fermelarochette.ch\/index.php\/wp-json\/wp\/v2\/posts\/1789","targetHints":{"allow":["GET"]}}],"collection":[{"href":"https:\/\/fermelarochette.ch\/index.php\/wp-json\/wp\/v2\/posts"}],"about":[{"href":"https:\/\/fermelarochette.ch\/index.php\/wp-json\/wp\/v2\/types\/post"}],"author":[{"embeddable":true,"href":"https:\/\/fermelarochette.ch\/index.php\/wp-json\/wp\/v2\/users\/1"}],"replies":[{"embeddable":true,"href":"https:\/\/fermelarochette.ch\/index.php\/wp-json\/wp\/v2\/comments?post=1789"}],"version-history":[{"count":4,"href":"https:\/\/fermelarochette.ch\/index.php\/wp-json\/wp\/v2\/posts\/1789\/revisions"}],"predecessor-version":[{"id":1828,"href":"https:\/\/fermelarochette.ch\/index.php\/wp-json\/wp\/v2\/posts\/1789\/revisions\/1828"}],"wp:featuredmedia":[{"embeddable":true,"href":"https:\/\/fermelarochette.ch\/index.php\/wp-json\/wp\/v2\/media\/1790"}],"wp:attachment":[{"href":"https:\/\/fermelarochette.ch\/index.php\/wp-json\/wp\/v2\/media?parent=1789"}],"wp:term":[{"taxonomy":"category","embeddable":true,"href":"https:\/\/fermelarochette.ch\/index.php\/wp-json\/wp\/v2\/categories?post=1789"},{"taxonomy":"post_tag","embeddable":true,"href":"https:\/\/fermelarochette.ch\/index.php\/wp-json\/wp\/v2\/tags?post=1789"}],"curies":[{"name":"wp","href":"https:\/\/api.w.org\/{rel}","templated":true}]}}