{"id":166,"date":"2023-06-12T14:24:29","date_gmt":"2023-06-12T13:24:29","guid":{"rendered":"https:\/\/fermelarochette.ch\/wordpress\/?p=166"},"modified":"2023-12-15T20:56:37","modified_gmt":"2023-12-15T19:56:37","slug":"prochain-chantier-participatif","status":"publish","type":"post","link":"https:\/\/fermelarochette.ch\/index.php\/2023\/06\/12\/prochain-chantier-participatif\/","title":{"rendered":"Chantiers participatifs"},"content":{"rendered":"\n<p>Un chantier participatif est l\u2019occasion r\u00eav\u00e9e d\u2019apprendre tout en nous donnant un sacr\u00e9 coup de pouce, car nous serons l\u00e0 pour vous dire quoi et comment faire tout en r\u00e9pondant \u00e0 vos questions. La date du prochain chantier n&rsquo;est pas encore fix\u00e9e&#8230; Pour en \u00eatre inform\u00e9-e, contactez Claudine au 076\/237.25.75 ou par mail \u00e0 l&rsquo;adresse claudine@fermelarochette.ch.<\/p>\n\n\n\n<p><strong><mark style=\"background-color:rgba(0, 0, 0, 0)\" class=\"has-inline-color has-accent-1-color\">Pour faire quoi ? <\/mark><\/strong>Selon le chantier, il peut s\u2019agir de travaux de jardinage ou d\u2019\u00e9co-construction. G\u00e9n\u00e9ralement, l\u2019objectif est d\u2019installer ou de construire de nouvelles structures, op\u00e9rations qui demandent beaucoup de bras. Pas de panique, vous n\u2019avez pas besoin d\u2019avoir de connaissances en la mati\u00e8re car les t\u00e2ches sont pr\u00e9vues pour \u00eatre \u00ab&nbsp;tout public&nbsp;\u00bb et nous serons l\u00e0 pour vous guider.<\/p>\n\n\n\n<p><strong><mark style=\"background-color:rgba(0, 0, 0, 0)\" class=\"has-inline-color has-accent-1-color\">Horaire :<\/mark><\/strong> De 9h30 \u00e0 17h environ.<\/p>\n\n\n\n<p><strong><mark style=\"background-color:rgba(0, 0, 0, 0)\" class=\"has-inline-color has-accent-1-color\">Lieu de rendez-vous :<\/mark><\/strong> Rendez-vous directement au jardin (voir la carte ci-dessous) \u00e0 <strong>Clos dessous, 2947 Charmoille<\/strong>. Si vous venez en voiture, <strong><mark style=\"background-color:rgba(0, 0, 0, 0);color:#991a1a\" class=\"has-inline-color\">merci de parquer devant l&rsquo;\u00e9cole du village puis de venir \u00e0 pied, car toute voiture parqu\u00e9e aux abords du chemin g\u00eanerait le trafic agricole<\/mark><\/strong>.<\/p>\n\n\n\n<p><strong><mark style=\"background-color:rgba(0, 0, 0, 0)\" class=\"has-inline-color has-accent-1-color\">Mat\u00e9riel et protection personnelle :<\/mark><\/strong> <strong>Il est imp\u00e9ratif que vous soyez bien \u00e9quip\u00e9\u00b7 e<\/strong> pour prendre part au chantier. Dans le cas contraire, nous devrons peut-\u00eatre vous demander de ne pas y participer. Merci d&rsquo;apporter le mat\u00e9riel suivant :<br>* Chaussures ferm\u00e9es, solides, adapt\u00e9es \u00e0 la m\u00e9t\u00e9o<br>* V\u00eatements adapt\u00e9s \u00e0 la m\u00e9t\u00e9o<br>* Protection contre le soleil (chapeau, cr\u00e8me solaire&#8230;)<br>* Gants de jardinage si vous en avez<br>* Vos assiettes et couverts<br>Les chantiers ne sont pas cens\u00e9s \u00eatre dangereux. Quoi qu&rsquo;il en soit, des bobos peuvent arriver. Merci de noter que <strong>vous \u00eates responsable de votre propre assurance accidents et que celle-ci doit \u00eatre valide pour la Suisse lors de votre participation aux chantiers<\/strong>.<\/p>\n\n\n\n<p><strong><mark style=\"background-color:rgba(0, 0, 0, 0)\" class=\"has-inline-color has-accent-1-color\">Repas :<\/mark><\/strong> Nous pr\u00e9parons un grand plat \/ soupe \u00e0 partager, offerte bien s\u00fbr ! <strong>Merci d&rsquo;apporter vos assiettes et couverts<\/strong>.<\/p>\n\n\n\n<p><mark style=\"background-color:rgba(0, 0, 0, 0)\" class=\"has-inline-color has-accent-1-color\"><strong>L<\/strong><\/mark><strong><mark style=\"background-color:rgba(0, 0, 0, 0)\" class=\"has-inline-color has-accent-1-color\">es enfants sont-ils admis ?<\/mark><\/strong> <mark style=\"background-color:rgba(0, 0, 0, 0)\" class=\"has-inline-color has-headings-color\">Le chantier n&rsquo;est pas destin\u00e9 aux enfants.<\/mark> En revanche, ils sont les bienvenus pour autant que quelqu&rsquo;un\u00b7 e les accompagne pour s&rsquo;en occuper (notez que le jardin est entour\u00e9 d&rsquo;un ruisseau et qu&rsquo;il peut y avoir des outils coupants sur le chantier).<\/p>\n\n\n\n<p><mark style=\"background-color:rgba(0, 0, 0, 0)\" class=\"has-inline-color has-accent-1-color\"><strong>Inscription et demande d&rsquo;informations : <\/strong><\/mark>Pour des raisons d&rsquo;organisation, <strong><mark style=\"background-color:rgba(0, 0, 0, 0)\" class=\"has-inline-color has-headings-color\">merci de vous inscrire<\/mark><\/strong>. <\/p>\n\n\n\n<p>Pour toute demande d&rsquo;information ou inscription, nous sommes \u00e0 votre disposition par t\u00e9l\u00e9phone au 076\/237.25.75 (Claudine) ou \u00e0 l&rsquo;adresse <a href=\"mailto:contact@fermelarochette.ch\" target=\"_blank\" rel=\"noreferrer noopener\"><mark style=\"background-color:rgba(0, 0, 0, 0)\" class=\"has-inline-color has-accent-1-color\">contact@fermelarochette.ch<\/mark><\/a>.<\/p>\n\n\n\n<p><strong><mark style=\"background-color:rgba(0, 0, 0, 0)\" class=\"has-inline-color has-headings-color\">Au plaisir de construire avec vous !<\/mark><\/strong> <\/p>\n\n\n\n<div style=\"height:100px\" aria-hidden=\"true\" class=\"wp-block-spacer\"><\/div>\n\n\n<div class=\"wp-block-image\">\n<figure class=\"aligncenter size-full\"><img decoding=\"async\" width=\"843\" height=\"517\" data-src=\"https:\/\/fermelarochette.ch\/wp-content\/uploads\/2022\/02\/carte-acces-jardin-anotee.png\" alt=\"\" class=\"wp-image-444 lazyload\" data-srcset=\"https:\/\/fermelarochette.ch\/wp-content\/uploads\/2022\/02\/carte-acces-jardin-anotee.png 843w, https:\/\/fermelarochette.ch\/wp-content\/uploads\/2022\/02\/carte-acces-jardin-anotee-600x368.png 600w, https:\/\/fermelarochette.ch\/wp-content\/uploads\/2022\/02\/carte-acces-jardin-anotee-300x184.png 300w, https:\/\/fermelarochette.ch\/wp-content\/uploads\/2022\/02\/carte-acces-jardin-anotee-768x471.png 768w, https:\/\/fermelarochette.ch\/wp-content\/uploads\/2022\/02\/carte-acces-jardin-anotee-489x300.png 489w\" data-sizes=\"(max-width: 843px) 100vw, 843px\" src=\"data:image\/svg+xml;base64,PHN2ZyB3aWR0aD0iMSIgaGVpZ2h0PSIxIiB4bWxucz0iaHR0cDovL3d3dy53My5vcmcvMjAwMC9zdmciPjwvc3ZnPg==\" style=\"--smush-placeholder-width: 843px; --smush-placeholder-aspect-ratio: 843\/517;\" \/><\/figure>\n<\/div>\n\n\n<div style=\"height:100px\" aria-hidden=\"true\" class=\"wp-block-spacer\"><\/div>\n","protected":false},"excerpt":{"rendered":"<p>Un chantier participatif est l\u2019occasion r\u00eav\u00e9e d\u2019apprendre tout en nous donnant un sacr\u00e9 coup de pouce, car nous serons l\u00e0 pour vous dire quoi et &hellip;<\/p>\n","protected":false},"author":1,"featured_media":167,"comment_status":"open","ping_status":"closed","sticky":false,"template":"","format":"standard","meta":{"_price":"","_stock":"","_tribe_ticket_header":"","_tribe_default_ticket_provider":"","_ticket_start_date":"","_ticket_end_date":"","_tribe_ticket_show_description":"","_tribe_ticket_show_not_going":false,"_tribe_ticket_use_global_stock":"","_tribe_ticket_global_stock_level":"","_global_stock_mode":"","_global_stock_cap":"","_tribe_rsvp_for_event":"","_tribe_ticket_going_count":"","_tribe_ticket_not_going_count":"","_tribe_tickets_list":"[]","_tribe_ticket_has_attendee_info_fields":false,"_jetpack_memberships_contains_paid_content":false,"footnotes":""},"categories":[7],"tags":[16],"class_list":["post-166","post","type-post","status-publish","format-standard","has-post-thumbnail","hentry","category-evenements","tag-evenements-a-la-ferme"],"yoast_head":"<!-- This site is optimized with the Yoast SEO plugin v26.9 - https:\/\/yoast.com\/product\/yoast-seo-wordpress\/ -->\n<title>Chantiers participatifs - La Rochette<\/title>\n<meta name=\"robots\" content=\"index, follow, max-snippet:-1, max-image-preview:large, max-video-preview:-1\" \/>\n<link rel=\"canonical\" href=\"https:\/\/fermelarochette.ch\/index.php\/2023\/06\/12\/prochain-chantier-participatif\/\" \/>\n<meta property=\"og:locale\" content=\"fr_FR\" \/>\n<meta property=\"og:type\" content=\"article\" \/>\n<meta property=\"og:title\" content=\"Chantiers participatifs - La Rochette\" \/>\n<meta property=\"og:description\" content=\"Un chantier participatif est l\u2019occasion r\u00eav\u00e9e d\u2019apprendre tout en nous donnant un sacr\u00e9 coup de pouce, car nous serons l\u00e0 pour vous dire quoi et &hellip;\" \/>\n<meta property=\"og:url\" content=\"https:\/\/fermelarochette.ch\/index.php\/2023\/06\/12\/prochain-chantier-participatif\/\" \/>\n<meta property=\"og:site_name\" content=\"La Rochette\" \/>\n<meta property=\"article:published_time\" content=\"2023-06-12T13:24:29+00:00\" \/>\n<meta property=\"article:modified_time\" content=\"2023-12-15T19:56:37+00:00\" \/>\n<meta property=\"og:image\" content=\"https:\/\/fermelarochette.ch\/wp-content\/uploads\/2022\/01\/campagnole-scaled.jpg\" \/>\n\t<meta property=\"og:image:width\" content=\"2560\" \/>\n\t<meta property=\"og:image:height\" content=\"1920\" \/>\n\t<meta property=\"og:image:type\" content=\"image\/jpeg\" \/>\n<meta name=\"author\" content=\"Claudine\" \/>\n<meta name=\"twitter:card\" content=\"summary_large_image\" \/>\n<meta name=\"twitter:label1\" content=\"\u00c9crit par\" \/>\n\t<meta name=\"twitter:data1\" content=\"Claudine\" \/>\n\t<meta name=\"twitter:label2\" content=\"Dur\u00e9e de lecture estim\u00e9e\" \/>\n\t<meta name=\"twitter:data2\" content=\"2 minutes\" \/>\n<script type=\"application\/ld+json\" class=\"yoast-schema-graph\">{\"@context\":\"https:\/\/schema.org\",\"@graph\":[{\"@type\":\"Article\",\"@id\":\"https:\/\/fermelarochette.ch\/index.php\/2023\/06\/12\/prochain-chantier-participatif\/#article\",\"isPartOf\":{\"@id\":\"https:\/\/fermelarochette.ch\/index.php\/2023\/06\/12\/prochain-chantier-participatif\/\"},\"author\":{\"name\":\"Claudine\",\"@id\":\"https:\/\/fermelarochette.ch\/#\/schema\/person\/8b775b7362809e3390b8957cb4cbe9b7\"},\"headline\":\"Chantiers participatifs\",\"datePublished\":\"2023-06-12T13:24:29+00:00\",\"dateModified\":\"2023-12-15T19:56:37+00:00\",\"mainEntityOfPage\":{\"@id\":\"https:\/\/fermelarochette.ch\/index.php\/2023\/06\/12\/prochain-chantier-participatif\/\"},\"wordCount\":414,\"commentCount\":0,\"image\":{\"@id\":\"https:\/\/fermelarochette.ch\/index.php\/2023\/06\/12\/prochain-chantier-participatif\/#primaryimage\"},\"thumbnailUrl\":\"https:\/\/fermelarochette.ch\/wp-content\/uploads\/2022\/01\/campagnole-scaled.jpg\",\"keywords\":[\"Ev\u00e9nements \u00e0 la ferme\"],\"articleSection\":[\"Ev\u00e9nements\"],\"inLanguage\":\"fr-FR\",\"potentialAction\":[{\"@type\":\"CommentAction\",\"name\":\"Comment\",\"target\":[\"https:\/\/fermelarochette.ch\/index.php\/2023\/06\/12\/prochain-chantier-participatif\/#respond\"]}]},{\"@type\":\"WebPage\",\"@id\":\"https:\/\/fermelarochette.ch\/index.php\/2023\/06\/12\/prochain-chantier-participatif\/\",\"url\":\"https:\/\/fermelarochette.ch\/index.php\/2023\/06\/12\/prochain-chantier-participatif\/\",\"name\":\"Chantiers participatifs - La Rochette\",\"isPartOf\":{\"@id\":\"https:\/\/fermelarochette.ch\/#website\"},\"primaryImageOfPage\":{\"@id\":\"https:\/\/fermelarochette.ch\/index.php\/2023\/06\/12\/prochain-chantier-participatif\/#primaryimage\"},\"image\":{\"@id\":\"https:\/\/fermelarochette.ch\/index.php\/2023\/06\/12\/prochain-chantier-participatif\/#primaryimage\"},\"thumbnailUrl\":\"https:\/\/fermelarochette.ch\/wp-content\/uploads\/2022\/01\/campagnole-scaled.jpg\",\"datePublished\":\"2023-06-12T13:24:29+00:00\",\"dateModified\":\"2023-12-15T19:56:37+00:00\",\"author\":{\"@id\":\"https:\/\/fermelarochette.ch\/#\/schema\/person\/8b775b7362809e3390b8957cb4cbe9b7\"},\"breadcrumb\":{\"@id\":\"https:\/\/fermelarochette.ch\/index.php\/2023\/06\/12\/prochain-chantier-participatif\/#breadcrumb\"},\"inLanguage\":\"fr-FR\",\"potentialAction\":[{\"@type\":\"ReadAction\",\"target\":[\"https:\/\/fermelarochette.ch\/index.php\/2023\/06\/12\/prochain-chantier-participatif\/\"]}]},{\"@type\":\"ImageObject\",\"inLanguage\":\"fr-FR\",\"@id\":\"https:\/\/fermelarochette.ch\/index.php\/2023\/06\/12\/prochain-chantier-participatif\/#primaryimage\",\"url\":\"https:\/\/fermelarochette.ch\/wp-content\/uploads\/2022\/01\/campagnole-scaled.jpg\",\"contentUrl\":\"https:\/\/fermelarochette.ch\/wp-content\/uploads\/2022\/01\/campagnole-scaled.jpg\",\"width\":2560,\"height\":1920,\"caption\":\"Abri de compost de jardin en bois.\"},{\"@type\":\"BreadcrumbList\",\"@id\":\"https:\/\/fermelarochette.ch\/index.php\/2023\/06\/12\/prochain-chantier-participatif\/#breadcrumb\",\"itemListElement\":[{\"@type\":\"ListItem\",\"position\":1,\"name\":\"Accueil\",\"item\":\"https:\/\/fermelarochette.ch\/\"},{\"@type\":\"ListItem\",\"position\":2,\"name\":\"Chantiers participatifs\"}]},{\"@type\":\"WebSite\",\"@id\":\"https:\/\/fermelarochette.ch\/#website\",\"url\":\"https:\/\/fermelarochette.ch\/\",\"name\":\"La Rochette\",\"description\":\"Micro-ferme biologique\",\"potentialAction\":[{\"@type\":\"SearchAction\",\"target\":{\"@type\":\"EntryPoint\",\"urlTemplate\":\"https:\/\/fermelarochette.ch\/?s={search_term_string}\"},\"query-input\":{\"@type\":\"PropertyValueSpecification\",\"valueRequired\":true,\"valueName\":\"search_term_string\"}}],\"inLanguage\":\"fr-FR\"},{\"@type\":\"Person\",\"@id\":\"https:\/\/fermelarochette.ch\/#\/schema\/person\/8b775b7362809e3390b8957cb4cbe9b7\",\"name\":\"Claudine\",\"image\":{\"@type\":\"ImageObject\",\"inLanguage\":\"fr-FR\",\"@id\":\"https:\/\/fermelarochette.ch\/#\/schema\/person\/image\/\",\"url\":\"https:\/\/secure.gravatar.com\/avatar\/c0dbc1c85619dc3f9e194c4bf5d3dc2a869999ff80aac4f0369e52a5ffe5b600?s=96&d=mm&r=g\",\"contentUrl\":\"https:\/\/secure.gravatar.com\/avatar\/c0dbc1c85619dc3f9e194c4bf5d3dc2a869999ff80aac4f0369e52a5ffe5b600?s=96&d=mm&r=g\",\"caption\":\"Claudine\"},\"sameAs\":[\"https:\/\/fermelarochette.ch\"],\"url\":\"https:\/\/fermelarochette.ch\/index.php\/author\/claudine\/\"}]}<\/script>\n<!-- \/ Yoast SEO plugin. -->","yoast_head_json":{"title":"Chantiers participatifs - La Rochette","robots":{"index":"index","follow":"follow","max-snippet":"max-snippet:-1","max-image-preview":"max-image-preview:large","max-video-preview":"max-video-preview:-1"},"canonical":"https:\/\/fermelarochette.ch\/index.php\/2023\/06\/12\/prochain-chantier-participatif\/","og_locale":"fr_FR","og_type":"article","og_title":"Chantiers participatifs - La Rochette","og_description":"Un chantier participatif est l\u2019occasion r\u00eav\u00e9e d\u2019apprendre tout en nous donnant un sacr\u00e9 coup de pouce, car nous serons l\u00e0 pour vous dire quoi et &hellip;","og_url":"https:\/\/fermelarochette.ch\/index.php\/2023\/06\/12\/prochain-chantier-participatif\/","og_site_name":"La Rochette","article_published_time":"2023-06-12T13:24:29+00:00","article_modified_time":"2023-12-15T19:56:37+00:00","og_image":[{"width":2560,"height":1920,"url":"https:\/\/fermelarochette.ch\/wp-content\/uploads\/2022\/01\/campagnole-scaled.jpg","type":"image\/jpeg"}],"author":"Claudine","twitter_card":"summary_large_image","twitter_misc":{"\u00c9crit par":"Claudine","Dur\u00e9e de lecture estim\u00e9e":"2 minutes"},"schema":{"@context":"https:\/\/schema.org","@graph":[{"@type":"Article","@id":"https:\/\/fermelarochette.ch\/index.php\/2023\/06\/12\/prochain-chantier-participatif\/#article","isPartOf":{"@id":"https:\/\/fermelarochette.ch\/index.php\/2023\/06\/12\/prochain-chantier-participatif\/"},"author":{"name":"Claudine","@id":"https:\/\/fermelarochette.ch\/#\/schema\/person\/8b775b7362809e3390b8957cb4cbe9b7"},"headline":"Chantiers participatifs","datePublished":"2023-06-12T13:24:29+00:00","dateModified":"2023-12-15T19:56:37+00:00","mainEntityOfPage":{"@id":"https:\/\/fermelarochette.ch\/index.php\/2023\/06\/12\/prochain-chantier-participatif\/"},"wordCount":414,"commentCount":0,"image":{"@id":"https:\/\/fermelarochette.ch\/index.php\/2023\/06\/12\/prochain-chantier-participatif\/#primaryimage"},"thumbnailUrl":"https:\/\/fermelarochette.ch\/wp-content\/uploads\/2022\/01\/campagnole-scaled.jpg","keywords":["Ev\u00e9nements \u00e0 la ferme"],"articleSection":["Ev\u00e9nements"],"inLanguage":"fr-FR","potentialAction":[{"@type":"CommentAction","name":"Comment","target":["https:\/\/fermelarochette.ch\/index.php\/2023\/06\/12\/prochain-chantier-participatif\/#respond"]}]},{"@type":"WebPage","@id":"https:\/\/fermelarochette.ch\/index.php\/2023\/06\/12\/prochain-chantier-participatif\/","url":"https:\/\/fermelarochette.ch\/index.php\/2023\/06\/12\/prochain-chantier-participatif\/","name":"Chantiers participatifs - La Rochette","isPartOf":{"@id":"https:\/\/fermelarochette.ch\/#website"},"primaryImageOfPage":{"@id":"https:\/\/fermelarochette.ch\/index.php\/2023\/06\/12\/prochain-chantier-participatif\/#primaryimage"},"image":{"@id":"https:\/\/fermelarochette.ch\/index.php\/2023\/06\/12\/prochain-chantier-participatif\/#primaryimage"},"thumbnailUrl":"https:\/\/fermelarochette.ch\/wp-content\/uploads\/2022\/01\/campagnole-scaled.jpg","datePublished":"2023-06-12T13:24:29+00:00","dateModified":"2023-12-15T19:56:37+00:00","author":{"@id":"https:\/\/fermelarochette.ch\/#\/schema\/person\/8b775b7362809e3390b8957cb4cbe9b7"},"breadcrumb":{"@id":"https:\/\/fermelarochette.ch\/index.php\/2023\/06\/12\/prochain-chantier-participatif\/#breadcrumb"},"inLanguage":"fr-FR","potentialAction":[{"@type":"ReadAction","target":["https:\/\/fermelarochette.ch\/index.php\/2023\/06\/12\/prochain-chantier-participatif\/"]}]},{"@type":"ImageObject","inLanguage":"fr-FR","@id":"https:\/\/fermelarochette.ch\/index.php\/2023\/06\/12\/prochain-chantier-participatif\/#primaryimage","url":"https:\/\/fermelarochette.ch\/wp-content\/uploads\/2022\/01\/campagnole-scaled.jpg","contentUrl":"https:\/\/fermelarochette.ch\/wp-content\/uploads\/2022\/01\/campagnole-scaled.jpg","width":2560,"height":1920,"caption":"Abri de compost de jardin en bois."},{"@type":"BreadcrumbList","@id":"https:\/\/fermelarochette.ch\/index.php\/2023\/06\/12\/prochain-chantier-participatif\/#breadcrumb","itemListElement":[{"@type":"ListItem","position":1,"name":"Accueil","item":"https:\/\/fermelarochette.ch\/"},{"@type":"ListItem","position":2,"name":"Chantiers participatifs"}]},{"@type":"WebSite","@id":"https:\/\/fermelarochette.ch\/#website","url":"https:\/\/fermelarochette.ch\/","name":"La Rochette","description":"Micro-ferme biologique","potentialAction":[{"@type":"SearchAction","target":{"@type":"EntryPoint","urlTemplate":"https:\/\/fermelarochette.ch\/?s={search_term_string}"},"query-input":{"@type":"PropertyValueSpecification","valueRequired":true,"valueName":"search_term_string"}}],"inLanguage":"fr-FR"},{"@type":"Person","@id":"https:\/\/fermelarochette.ch\/#\/schema\/person\/8b775b7362809e3390b8957cb4cbe9b7","name":"Claudine","image":{"@type":"ImageObject","inLanguage":"fr-FR","@id":"https:\/\/fermelarochette.ch\/#\/schema\/person\/image\/","url":"https:\/\/secure.gravatar.com\/avatar\/c0dbc1c85619dc3f9e194c4bf5d3dc2a869999ff80aac4f0369e52a5ffe5b600?s=96&d=mm&r=g","contentUrl":"https:\/\/secure.gravatar.com\/avatar\/c0dbc1c85619dc3f9e194c4bf5d3dc2a869999ff80aac4f0369e52a5ffe5b600?s=96&d=mm&r=g","caption":"Claudine"},"sameAs":["https:\/\/fermelarochette.ch"],"url":"https:\/\/fermelarochette.ch\/index.php\/author\/claudine\/"}]}},"jetpack_featured_media_url":"https:\/\/fermelarochette.ch\/wp-content\/uploads\/2022\/01\/campagnole-scaled.jpg","jetpack_sharing_enabled":true,"_links":{"self":[{"href":"https:\/\/fermelarochette.ch\/index.php\/wp-json\/wp\/v2\/posts\/166","targetHints":{"allow":["GET"]}}],"collection":[{"href":"https:\/\/fermelarochette.ch\/index.php\/wp-json\/wp\/v2\/posts"}],"about":[{"href":"https:\/\/fermelarochette.ch\/index.php\/wp-json\/wp\/v2\/types\/post"}],"author":[{"embeddable":true,"href":"https:\/\/fermelarochette.ch\/index.php\/wp-json\/wp\/v2\/users\/1"}],"replies":[{"embeddable":true,"href":"https:\/\/fermelarochette.ch\/index.php\/wp-json\/wp\/v2\/comments?post=166"}],"version-history":[{"count":6,"href":"https:\/\/fermelarochette.ch\/index.php\/wp-json\/wp\/v2\/posts\/166\/revisions"}],"predecessor-version":[{"id":1485,"href":"https:\/\/fermelarochette.ch\/index.php\/wp-json\/wp\/v2\/posts\/166\/revisions\/1485"}],"wp:featuredmedia":[{"embeddable":true,"href":"https:\/\/fermelarochette.ch\/index.php\/wp-json\/wp\/v2\/media\/167"}],"wp:attachment":[{"href":"https:\/\/fermelarochette.ch\/index.php\/wp-json\/wp\/v2\/media?parent=166"}],"wp:term":[{"taxonomy":"category","embeddable":true,"href":"https:\/\/fermelarochette.ch\/index.php\/wp-json\/wp\/v2\/categories?post=166"},{"taxonomy":"post_tag","embeddable":true,"href":"https:\/\/fermelarochette.ch\/index.php\/wp-json\/wp\/v2\/tags?post=166"}],"curies":[{"name":"wp","href":"https:\/\/api.w.org\/{rel}","templated":true}]}}