{"id":1516,"date":"2023-07-20T15:44:57","date_gmt":"2023-07-20T14:44:57","guid":{"rendered":"https:\/\/fermelarochette.ch\/?p=1516"},"modified":"2025-03-21T01:10:48","modified_gmt":"2025-03-21T00:10:48","slug":"merci-pour-tout","status":"publish","type":"post","link":"https:\/\/fermelarochette.ch\/index.php\/2023\/07\/20\/merci-pour-tout\/","title":{"rendered":"MERCI pour tout !"},"content":{"rendered":"\n<h2 class=\"wp-block-heading\">Gr\u00e2ce \u00e0 vous, nous avan\u00e7ons&#8230;<\/h2>\n\n\n\n<p>Pour poursuivre l&rsquo;installation de La Rochette, nous avions besoin de soutien, et nous l&rsquo;avons re\u00e7u. Nous le recevons d&rsquo;ailleurs tous les jours ! Gr\u00e2ce \u00e0 vos mots gentils, vos encouragements, vos coups de main, vos dons. Gr\u00e2ce aussi \u00e0 votre participation \u00e0 nos \u00e9v\u00e9nements, ou \u00e0 l&rsquo;achat de nos premiers produits. Tout cela nous permet d&rsquo;avancer vers la concr\u00e9tisation pleine et enti\u00e8re de La Rochette.<\/p>\n\n\n\n<p>Pour poursuivre l&rsquo;installation des infrastructures, nous avions \u00e9galement besoin de financements, et nous l&rsquo;avons \u00e9galement obtenu. Pas moins de 106 contributeurs ont particip\u00e9 \u00e0 la collecte de fonds men\u00e9e via la plateforme Yes We Farm, nous permettant de r\u00e9colter un montant de 27&rsquo;940.-. Gr\u00e2ce \u00e0 cette somme, qui s&rsquo;additionne \u00e0 celles apport\u00e9es par la <a href=\"http:\/\/www.lelombric.org\/\" target=\"_blank\" rel=\"noreferrer noopener\">Fondation Le Lombric<\/a> ainsi que l&rsquo;<a href=\"https:\/\/www.aidemontagne.ch\/fr\/\" target=\"_blank\" rel=\"noreferrer noopener\">Aide Suisse \u00e0 la Montagne<\/a>, nous pourrons notamment :<\/p>\n\n\n\n<ul class=\"wp-block-list\">\n<li>Terminer les travaux de r\u00e9novation et d&rsquo;am\u00e9nagement du local de nettoyage des l\u00e9gumes.<\/li>\n\n\n\n<li>R\u00e9nover le local de stockage des l\u00e9gumes.<\/li>\n\n\n\n<li>R\u00e9nover et am\u00e9nager le local de transformation, qui nous permettra d&rsquo;utiliser toute la production sans g\u00e2chis.<\/li>\n\n\n\n<li>Construire le s\u00e9choir pour plantes aromatiques et m\u00e9dicinales, utilisant en partie la chaleur du soleil.<\/li>\n\n\n\n<li>Planter des petits fruits et arbres compl\u00e9mentaires.<\/li>\n\n\n\n<li>Construire une barri\u00e8re autour du jardin pour mieux prot\u00e9ger les plantations et les canards mangeurs de limaces.<\/li>\n\n\n\n<li>Acqu\u00e9rir les outils manquants pour le mara\u00eechage.<\/li>\n\n\n\n<li>Construire la zone de compostage.<\/li>\n\n\n\n<li>Construire le cabanon \u00e0 outils.<\/li>\n<\/ul>\n\n\n\n<p>Concr\u00e9tiser cette longue liste prendra du temps&#8230; Nous pr\u00e9voyons d&rsquo;\u00eatre fin pr\u00eats pour le d\u00e9but de la saison prochaine, c&rsquo;est-\u00e0-dire avril 2024. Il y aura quelques chantiers participatifs bien s\u00fbr, et nous devrons faire preuve de patience et de pers\u00e9v\u00e9rance. Mais&#8230; Nous sommes pr\u00eats, passionn\u00e9s et motiv\u00e9s ! <\/p>\n\n\n\n<figure class=\"wp-block-gallery has-nested-images columns-default is-cropped wp-block-gallery-1 is-layout-flex wp-block-gallery-is-layout-flex\">\n<figure class=\"wp-block-image size-large\"><img decoding=\"async\" width=\"1024\" height=\"768\" data-id=\"1522\" data-src=\"https:\/\/fermelarochette.ch\/wp-content\/uploads\/2023\/07\/Lequipe-lors-de-la-Fete-de-lete_24-juin-2023-1024x768.jpg\" alt=\"\" class=\"wp-image-1522 lazyload\" data-srcset=\"https:\/\/fermelarochette.ch\/wp-content\/uploads\/2023\/07\/Lequipe-lors-de-la-Fete-de-lete_24-juin-2023-1024x768.jpg 1024w, https:\/\/fermelarochette.ch\/wp-content\/uploads\/2023\/07\/Lequipe-lors-de-la-Fete-de-lete_24-juin-2023-scaled-600x450.jpg 600w, https:\/\/fermelarochette.ch\/wp-content\/uploads\/2023\/07\/Lequipe-lors-de-la-Fete-de-lete_24-juin-2023-300x225.jpg 300w, https:\/\/fermelarochette.ch\/wp-content\/uploads\/2023\/07\/Lequipe-lors-de-la-Fete-de-lete_24-juin-2023-768x576.jpg 768w, https:\/\/fermelarochette.ch\/wp-content\/uploads\/2023\/07\/Lequipe-lors-de-la-Fete-de-lete_24-juin-2023-1536x1152.jpg 1536w, https:\/\/fermelarochette.ch\/wp-content\/uploads\/2023\/07\/Lequipe-lors-de-la-Fete-de-lete_24-juin-2023-2048x1536.jpg 2048w, https:\/\/fermelarochette.ch\/wp-content\/uploads\/2023\/07\/Lequipe-lors-de-la-Fete-de-lete_24-juin-2023-400x300.jpg 400w\" data-sizes=\"(max-width: 1024px) 100vw, 1024px\" src=\"data:image\/svg+xml;base64,PHN2ZyB3aWR0aD0iMSIgaGVpZ2h0PSIxIiB4bWxucz0iaHR0cDovL3d3dy53My5vcmcvMjAwMC9zdmciPjwvc3ZnPg==\" style=\"--smush-placeholder-width: 1024px; --smush-placeholder-aspect-ratio: 1024\/768;\" \/><figcaption class=\"wp-element-caption\">L&rsquo;\u00e9quipe vous dit merci !<\/figcaption><\/figure>\n\n\n\n<figure class=\"wp-block-image size-large\"><img decoding=\"async\" width=\"1024\" height=\"768\" data-id=\"1521\" data-src=\"https:\/\/fermelarochette.ch\/wp-content\/uploads\/2023\/07\/Le-jardin-lors-de-la-Fete-de-lete_24-juin-2023-1024x768.jpg\" alt=\"\" class=\"wp-image-1521 lazyload\" data-srcset=\"https:\/\/fermelarochette.ch\/wp-content\/uploads\/2023\/07\/Le-jardin-lors-de-la-Fete-de-lete_24-juin-2023-1024x768.jpg 1024w, https:\/\/fermelarochette.ch\/wp-content\/uploads\/2023\/07\/Le-jardin-lors-de-la-Fete-de-lete_24-juin-2023-600x450.jpg 600w, https:\/\/fermelarochette.ch\/wp-content\/uploads\/2023\/07\/Le-jardin-lors-de-la-Fete-de-lete_24-juin-2023-300x225.jpg 300w, https:\/\/fermelarochette.ch\/wp-content\/uploads\/2023\/07\/Le-jardin-lors-de-la-Fete-de-lete_24-juin-2023-768x576.jpg 768w, https:\/\/fermelarochette.ch\/wp-content\/uploads\/2023\/07\/Le-jardin-lors-de-la-Fete-de-lete_24-juin-2023-1536x1152.jpg 1536w, https:\/\/fermelarochette.ch\/wp-content\/uploads\/2023\/07\/Le-jardin-lors-de-la-Fete-de-lete_24-juin-2023-400x300.jpg 400w, https:\/\/fermelarochette.ch\/wp-content\/uploads\/2023\/07\/Le-jardin-lors-de-la-Fete-de-lete_24-juin-2023.jpg 2048w\" data-sizes=\"(max-width: 1024px) 100vw, 1024px\" src=\"data:image\/svg+xml;base64,PHN2ZyB3aWR0aD0iMSIgaGVpZ2h0PSIxIiB4bWxucz0iaHR0cDovL3d3dy53My5vcmcvMjAwMC9zdmciPjwvc3ZnPg==\" style=\"--smush-placeholder-width: 1024px; --smush-placeholder-aspect-ratio: 1024\/768;\" \/><figcaption class=\"wp-element-caption\">Un beau coucher de soleil pour cl\u00f4turer la F\u00eate de l\u2019\u00c9t\u00e9.<\/figcaption><\/figure>\n<\/figure>\n\n\n\n<p><\/p>\n","protected":false},"excerpt":{"rendered":"<p>Gr\u00e2ce \u00e0 vous, nous avan\u00e7ons&#8230; Pour poursuivre l&rsquo;installation de La Rochette, nous avions besoin de soutien, et nous l&rsquo;avons re\u00e7u. Nous le recevons d&rsquo;ailleurs tous &hellip;<\/p>\n","protected":false},"author":1,"featured_media":1517,"comment_status":"closed","ping_status":"closed","sticky":false,"template":"","format":"standard","meta":{"_price":"","_stock":"","_tribe_ticket_header":"","_tribe_default_ticket_provider":"","_ticket_start_date":"","_ticket_end_date":"","_tribe_ticket_show_description":"","_tribe_ticket_show_not_going":false,"_tribe_ticket_use_global_stock":"","_tribe_ticket_global_stock_level":"","_global_stock_mode":"","_global_stock_cap":"","_tribe_rsvp_for_event":"","_tribe_ticket_going_count":"","_tribe_ticket_not_going_count":"","_tribe_tickets_list":"[]","_tribe_ticket_has_attendee_info_fields":false,"_jetpack_memberships_contains_paid_content":false,"footnotes":""},"categories":[22],"tags":[],"class_list":["post-1516","post","type-post","status-publish","format-standard","has-post-thumbnail","hentry","category-installation"],"yoast_head":"<!-- This site is optimized with the Yoast SEO plugin v26.9 - https:\/\/yoast.com\/product\/yoast-seo-wordpress\/ -->\n<title>MERCI pour tout ! - La Rochette<\/title>\n<meta name=\"robots\" content=\"index, follow, max-snippet:-1, max-image-preview:large, max-video-preview:-1\" \/>\n<link rel=\"canonical\" href=\"https:\/\/fermelarochette.ch\/index.php\/2023\/07\/20\/merci-pour-tout\/\" \/>\n<meta property=\"og:locale\" content=\"fr_FR\" \/>\n<meta property=\"og:type\" content=\"article\" \/>\n<meta property=\"og:title\" content=\"MERCI pour tout ! - La Rochette\" \/>\n<meta property=\"og:description\" content=\"Gr\u00e2ce \u00e0 vous, nous avan\u00e7ons&#8230; Pour poursuivre l&rsquo;installation de La Rochette, nous avions besoin de soutien, et nous l&rsquo;avons re\u00e7u. Nous le recevons d&rsquo;ailleurs tous &hellip;\" \/>\n<meta property=\"og:url\" content=\"https:\/\/fermelarochette.ch\/index.php\/2023\/07\/20\/merci-pour-tout\/\" \/>\n<meta property=\"og:site_name\" content=\"La Rochette\" \/>\n<meta property=\"article:published_time\" content=\"2023-07-20T14:44:57+00:00\" \/>\n<meta property=\"article:modified_time\" content=\"2025-03-21T00:10:48+00:00\" \/>\n<meta property=\"og:image\" content=\"https:\/\/fermelarochette.ch\/wp-content\/uploads\/2023\/07\/IMG-20230714-WA0004.jpg\" \/>\n\t<meta property=\"og:image:width\" content=\"1600\" \/>\n\t<meta property=\"og:image:height\" content=\"1200\" \/>\n\t<meta property=\"og:image:type\" content=\"image\/jpeg\" \/>\n<meta name=\"author\" content=\"Claudine\" \/>\n<meta name=\"twitter:card\" content=\"summary_large_image\" \/>\n<meta name=\"twitter:label1\" content=\"\u00c9crit par\" \/>\n\t<meta name=\"twitter:data1\" content=\"Claudine\" \/>\n\t<meta name=\"twitter:label2\" content=\"Dur\u00e9e de lecture estim\u00e9e\" \/>\n\t<meta name=\"twitter:data2\" content=\"2 minutes\" \/>\n<script type=\"application\/ld+json\" class=\"yoast-schema-graph\">{\"@context\":\"https:\/\/schema.org\",\"@graph\":[{\"@type\":\"Article\",\"@id\":\"https:\/\/fermelarochette.ch\/index.php\/2023\/07\/20\/merci-pour-tout\/#article\",\"isPartOf\":{\"@id\":\"https:\/\/fermelarochette.ch\/index.php\/2023\/07\/20\/merci-pour-tout\/\"},\"author\":{\"name\":\"Claudine\",\"@id\":\"https:\/\/fermelarochette.ch\/#\/schema\/person\/8b775b7362809e3390b8957cb4cbe9b7\"},\"headline\":\"MERCI pour tout !\",\"datePublished\":\"2023-07-20T14:44:57+00:00\",\"dateModified\":\"2025-03-21T00:10:48+00:00\",\"mainEntityOfPage\":{\"@id\":\"https:\/\/fermelarochette.ch\/index.php\/2023\/07\/20\/merci-pour-tout\/\"},\"wordCount\":325,\"image\":{\"@id\":\"https:\/\/fermelarochette.ch\/index.php\/2023\/07\/20\/merci-pour-tout\/#primaryimage\"},\"thumbnailUrl\":\"https:\/\/fermelarochette.ch\/wp-content\/uploads\/2023\/07\/IMG-20230714-WA0004.jpg\",\"articleSection\":[\"Installation de la ferme\"],\"inLanguage\":\"fr-FR\"},{\"@type\":\"WebPage\",\"@id\":\"https:\/\/fermelarochette.ch\/index.php\/2023\/07\/20\/merci-pour-tout\/\",\"url\":\"https:\/\/fermelarochette.ch\/index.php\/2023\/07\/20\/merci-pour-tout\/\",\"name\":\"MERCI pour tout ! - La Rochette\",\"isPartOf\":{\"@id\":\"https:\/\/fermelarochette.ch\/#website\"},\"primaryImageOfPage\":{\"@id\":\"https:\/\/fermelarochette.ch\/index.php\/2023\/07\/20\/merci-pour-tout\/#primaryimage\"},\"image\":{\"@id\":\"https:\/\/fermelarochette.ch\/index.php\/2023\/07\/20\/merci-pour-tout\/#primaryimage\"},\"thumbnailUrl\":\"https:\/\/fermelarochette.ch\/wp-content\/uploads\/2023\/07\/IMG-20230714-WA0004.jpg\",\"datePublished\":\"2023-07-20T14:44:57+00:00\",\"dateModified\":\"2025-03-21T00:10:48+00:00\",\"author\":{\"@id\":\"https:\/\/fermelarochette.ch\/#\/schema\/person\/8b775b7362809e3390b8957cb4cbe9b7\"},\"breadcrumb\":{\"@id\":\"https:\/\/fermelarochette.ch\/index.php\/2023\/07\/20\/merci-pour-tout\/#breadcrumb\"},\"inLanguage\":\"fr-FR\",\"potentialAction\":[{\"@type\":\"ReadAction\",\"target\":[\"https:\/\/fermelarochette.ch\/index.php\/2023\/07\/20\/merci-pour-tout\/\"]}]},{\"@type\":\"ImageObject\",\"inLanguage\":\"fr-FR\",\"@id\":\"https:\/\/fermelarochette.ch\/index.php\/2023\/07\/20\/merci-pour-tout\/#primaryimage\",\"url\":\"https:\/\/fermelarochette.ch\/wp-content\/uploads\/2023\/07\/IMG-20230714-WA0004.jpg\",\"contentUrl\":\"https:\/\/fermelarochette.ch\/wp-content\/uploads\/2023\/07\/IMG-20230714-WA0004.jpg\",\"width\":1600,\"height\":1200},{\"@type\":\"BreadcrumbList\",\"@id\":\"https:\/\/fermelarochette.ch\/index.php\/2023\/07\/20\/merci-pour-tout\/#breadcrumb\",\"itemListElement\":[{\"@type\":\"ListItem\",\"position\":1,\"name\":\"Accueil\",\"item\":\"https:\/\/fermelarochette.ch\/\"},{\"@type\":\"ListItem\",\"position\":2,\"name\":\"MERCI pour tout !\"}]},{\"@type\":\"WebSite\",\"@id\":\"https:\/\/fermelarochette.ch\/#website\",\"url\":\"https:\/\/fermelarochette.ch\/\",\"name\":\"La Rochette\",\"description\":\"Micro-ferme biologique\",\"potentialAction\":[{\"@type\":\"SearchAction\",\"target\":{\"@type\":\"EntryPoint\",\"urlTemplate\":\"https:\/\/fermelarochette.ch\/?s={search_term_string}\"},\"query-input\":{\"@type\":\"PropertyValueSpecification\",\"valueRequired\":true,\"valueName\":\"search_term_string\"}}],\"inLanguage\":\"fr-FR\"},{\"@type\":\"Person\",\"@id\":\"https:\/\/fermelarochette.ch\/#\/schema\/person\/8b775b7362809e3390b8957cb4cbe9b7\",\"name\":\"Claudine\",\"image\":{\"@type\":\"ImageObject\",\"inLanguage\":\"fr-FR\",\"@id\":\"https:\/\/fermelarochette.ch\/#\/schema\/person\/image\/\",\"url\":\"https:\/\/secure.gravatar.com\/avatar\/c0dbc1c85619dc3f9e194c4bf5d3dc2a869999ff80aac4f0369e52a5ffe5b600?s=96&d=mm&r=g\",\"contentUrl\":\"https:\/\/secure.gravatar.com\/avatar\/c0dbc1c85619dc3f9e194c4bf5d3dc2a869999ff80aac4f0369e52a5ffe5b600?s=96&d=mm&r=g\",\"caption\":\"Claudine\"},\"sameAs\":[\"https:\/\/fermelarochette.ch\"],\"url\":\"https:\/\/fermelarochette.ch\/index.php\/author\/claudine\/\"}]}<\/script>\n<!-- \/ Yoast SEO plugin. -->","yoast_head_json":{"title":"MERCI pour tout ! - La Rochette","robots":{"index":"index","follow":"follow","max-snippet":"max-snippet:-1","max-image-preview":"max-image-preview:large","max-video-preview":"max-video-preview:-1"},"canonical":"https:\/\/fermelarochette.ch\/index.php\/2023\/07\/20\/merci-pour-tout\/","og_locale":"fr_FR","og_type":"article","og_title":"MERCI pour tout ! - La Rochette","og_description":"Gr\u00e2ce \u00e0 vous, nous avan\u00e7ons&#8230; Pour poursuivre l&rsquo;installation de La Rochette, nous avions besoin de soutien, et nous l&rsquo;avons re\u00e7u. Nous le recevons d&rsquo;ailleurs tous &hellip;","og_url":"https:\/\/fermelarochette.ch\/index.php\/2023\/07\/20\/merci-pour-tout\/","og_site_name":"La Rochette","article_published_time":"2023-07-20T14:44:57+00:00","article_modified_time":"2025-03-21T00:10:48+00:00","og_image":[{"width":1600,"height":1200,"url":"https:\/\/fermelarochette.ch\/wp-content\/uploads\/2023\/07\/IMG-20230714-WA0004.jpg","type":"image\/jpeg"}],"author":"Claudine","twitter_card":"summary_large_image","twitter_misc":{"\u00c9crit par":"Claudine","Dur\u00e9e de lecture estim\u00e9e":"2 minutes"},"schema":{"@context":"https:\/\/schema.org","@graph":[{"@type":"Article","@id":"https:\/\/fermelarochette.ch\/index.php\/2023\/07\/20\/merci-pour-tout\/#article","isPartOf":{"@id":"https:\/\/fermelarochette.ch\/index.php\/2023\/07\/20\/merci-pour-tout\/"},"author":{"name":"Claudine","@id":"https:\/\/fermelarochette.ch\/#\/schema\/person\/8b775b7362809e3390b8957cb4cbe9b7"},"headline":"MERCI pour tout !","datePublished":"2023-07-20T14:44:57+00:00","dateModified":"2025-03-21T00:10:48+00:00","mainEntityOfPage":{"@id":"https:\/\/fermelarochette.ch\/index.php\/2023\/07\/20\/merci-pour-tout\/"},"wordCount":325,"image":{"@id":"https:\/\/fermelarochette.ch\/index.php\/2023\/07\/20\/merci-pour-tout\/#primaryimage"},"thumbnailUrl":"https:\/\/fermelarochette.ch\/wp-content\/uploads\/2023\/07\/IMG-20230714-WA0004.jpg","articleSection":["Installation de la ferme"],"inLanguage":"fr-FR"},{"@type":"WebPage","@id":"https:\/\/fermelarochette.ch\/index.php\/2023\/07\/20\/merci-pour-tout\/","url":"https:\/\/fermelarochette.ch\/index.php\/2023\/07\/20\/merci-pour-tout\/","name":"MERCI pour tout ! - La Rochette","isPartOf":{"@id":"https:\/\/fermelarochette.ch\/#website"},"primaryImageOfPage":{"@id":"https:\/\/fermelarochette.ch\/index.php\/2023\/07\/20\/merci-pour-tout\/#primaryimage"},"image":{"@id":"https:\/\/fermelarochette.ch\/index.php\/2023\/07\/20\/merci-pour-tout\/#primaryimage"},"thumbnailUrl":"https:\/\/fermelarochette.ch\/wp-content\/uploads\/2023\/07\/IMG-20230714-WA0004.jpg","datePublished":"2023-07-20T14:44:57+00:00","dateModified":"2025-03-21T00:10:48+00:00","author":{"@id":"https:\/\/fermelarochette.ch\/#\/schema\/person\/8b775b7362809e3390b8957cb4cbe9b7"},"breadcrumb":{"@id":"https:\/\/fermelarochette.ch\/index.php\/2023\/07\/20\/merci-pour-tout\/#breadcrumb"},"inLanguage":"fr-FR","potentialAction":[{"@type":"ReadAction","target":["https:\/\/fermelarochette.ch\/index.php\/2023\/07\/20\/merci-pour-tout\/"]}]},{"@type":"ImageObject","inLanguage":"fr-FR","@id":"https:\/\/fermelarochette.ch\/index.php\/2023\/07\/20\/merci-pour-tout\/#primaryimage","url":"https:\/\/fermelarochette.ch\/wp-content\/uploads\/2023\/07\/IMG-20230714-WA0004.jpg","contentUrl":"https:\/\/fermelarochette.ch\/wp-content\/uploads\/2023\/07\/IMG-20230714-WA0004.jpg","width":1600,"height":1200},{"@type":"BreadcrumbList","@id":"https:\/\/fermelarochette.ch\/index.php\/2023\/07\/20\/merci-pour-tout\/#breadcrumb","itemListElement":[{"@type":"ListItem","position":1,"name":"Accueil","item":"https:\/\/fermelarochette.ch\/"},{"@type":"ListItem","position":2,"name":"MERCI pour tout !"}]},{"@type":"WebSite","@id":"https:\/\/fermelarochette.ch\/#website","url":"https:\/\/fermelarochette.ch\/","name":"La Rochette","description":"Micro-ferme biologique","potentialAction":[{"@type":"SearchAction","target":{"@type":"EntryPoint","urlTemplate":"https:\/\/fermelarochette.ch\/?s={search_term_string}"},"query-input":{"@type":"PropertyValueSpecification","valueRequired":true,"valueName":"search_term_string"}}],"inLanguage":"fr-FR"},{"@type":"Person","@id":"https:\/\/fermelarochette.ch\/#\/schema\/person\/8b775b7362809e3390b8957cb4cbe9b7","name":"Claudine","image":{"@type":"ImageObject","inLanguage":"fr-FR","@id":"https:\/\/fermelarochette.ch\/#\/schema\/person\/image\/","url":"https:\/\/secure.gravatar.com\/avatar\/c0dbc1c85619dc3f9e194c4bf5d3dc2a869999ff80aac4f0369e52a5ffe5b600?s=96&d=mm&r=g","contentUrl":"https:\/\/secure.gravatar.com\/avatar\/c0dbc1c85619dc3f9e194c4bf5d3dc2a869999ff80aac4f0369e52a5ffe5b600?s=96&d=mm&r=g","caption":"Claudine"},"sameAs":["https:\/\/fermelarochette.ch"],"url":"https:\/\/fermelarochette.ch\/index.php\/author\/claudine\/"}]}},"jetpack_featured_media_url":"https:\/\/fermelarochette.ch\/wp-content\/uploads\/2023\/07\/IMG-20230714-WA0004.jpg","jetpack_sharing_enabled":true,"_links":{"self":[{"href":"https:\/\/fermelarochette.ch\/index.php\/wp-json\/wp\/v2\/posts\/1516","targetHints":{"allow":["GET"]}}],"collection":[{"href":"https:\/\/fermelarochette.ch\/index.php\/wp-json\/wp\/v2\/posts"}],"about":[{"href":"https:\/\/fermelarochette.ch\/index.php\/wp-json\/wp\/v2\/types\/post"}],"author":[{"embeddable":true,"href":"https:\/\/fermelarochette.ch\/index.php\/wp-json\/wp\/v2\/users\/1"}],"replies":[{"embeddable":true,"href":"https:\/\/fermelarochette.ch\/index.php\/wp-json\/wp\/v2\/comments?post=1516"}],"version-history":[{"count":6,"href":"https:\/\/fermelarochette.ch\/index.php\/wp-json\/wp\/v2\/posts\/1516\/revisions"}],"predecessor-version":[{"id":1527,"href":"https:\/\/fermelarochette.ch\/index.php\/wp-json\/wp\/v2\/posts\/1516\/revisions\/1527"}],"wp:featuredmedia":[{"embeddable":true,"href":"https:\/\/fermelarochette.ch\/index.php\/wp-json\/wp\/v2\/media\/1517"}],"wp:attachment":[{"href":"https:\/\/fermelarochette.ch\/index.php\/wp-json\/wp\/v2\/media?parent=1516"}],"wp:term":[{"taxonomy":"category","embeddable":true,"href":"https:\/\/fermelarochette.ch\/index.php\/wp-json\/wp\/v2\/categories?post=1516"},{"taxonomy":"post_tag","embeddable":true,"href":"https:\/\/fermelarochette.ch\/index.php\/wp-json\/wp\/v2\/tags?post=1516"}],"curies":[{"name":"wp","href":"https:\/\/api.w.org\/{rel}","templated":true}]}}