{"id":1501,"date":"2023-06-26T15:42:53","date_gmt":"2023-06-26T14:42:53","guid":{"rendered":"https:\/\/fermelarochette.ch\/?p=1501"},"modified":"2025-03-21T01:10:54","modified_gmt":"2025-03-21T00:10:54","slug":"la-radio-en-direct-du-jardin","status":"publish","type":"post","link":"https:\/\/fermelarochette.ch\/index.php\/2023\/06\/26\/la-radio-en-direct-du-jardin\/","title":{"rendered":"La radio en direct du jardin !"},"content":{"rendered":"\n<p><\/p>\n\n\n\n<div class=\"wp-block-media-text alignwide has-media-on-the-right is-stacked-on-mobile\"><div class=\"wp-block-media-text__content\">\n<p><\/p>\n\n\n\n<p>Ce samedi 24 juin, c&rsquo;est en direct du jardin-mara\u00eecher de La Rochette qu&rsquo;a \u00e9t\u00e9 r\u00e9alis\u00e9e l&rsquo;\u00e9mission de radio <em>Les Jardini\u00e8res<\/em>. Accompagn\u00e9s d&rsquo;un magnifique lev\u00e9 de soleil, Claudine et St\u00e9phane ont r\u00e9pondu aux question de Myl\u00e8ne et Bryan au sujet des hauts et des bas du projet, des avanc\u00e9es, des animaux&#8230; En somme, on y parle de plein de petites choses \u00e0 propos du jardin et de la ferme. Ce n&rsquo;\u00e9tait pas la premi\u00e8re fois que nos deux jardiniers participaient \u00e0 cette \u00e9mission, mais bien la premi\u00e8re fois qu&rsquo;elle avait lieu \u00e0 domicile ! <\/p>\n\n\n\n<p>Pour \u00e9couter l&rsquo;\u00e9mission, rendez vous sur<mark style=\"background-color:rgba(0, 0, 0, 0)\" class=\"has-inline-color has-accent-1-color\"> <a href=\"https:\/\/www.rtn.ch\/rtn\/Programmes\/emissions\/Les-Jardinieres\/Les-Jardinieres-en-direct-du-Jura.html\" target=\"_blank\" rel=\"noreferrer noopener\">cette page<\/a><\/mark>, puis cliquez sur \u00ab\u00a0Ecouter le son\u00a0\u00bb. Vous retrouverez \u00e9galement <mark style=\"background-color:rgba(0, 0, 0, 0)\" class=\"has-inline-color has-accent-1-color\"><a href=\"https:\/\/fermelarochette.ch\/index.php\/a-propos-la-rochette-equipe\/on-parle-de-nous\/\">ici<\/a> <\/mark>les liens vers les autres \u00e9missions auxquelles Claudine et St\u00e9phane ont particip\u00e9. <\/p>\n\n\n\n<p>Bonne \u00e9coute \ud83d\ude42 <\/p>\n<\/div><figure class=\"wp-block-media-text__media\"><img decoding=\"async\" width=\"788\" height=\"1024\" data-src=\"https:\/\/fermelarochette.ch\/wp-content\/uploads\/2023\/06\/Claudine-Stephane-Bryan-et-Mylene-en-direct-du-jardin-1-788x1024.jpg\" alt=\"\" class=\"wp-image-1504 size-full lazyload\" data-srcset=\"https:\/\/fermelarochette.ch\/wp-content\/uploads\/2023\/06\/Claudine-Stephane-Bryan-et-Mylene-en-direct-du-jardin-1-788x1024.jpg 788w, https:\/\/fermelarochette.ch\/wp-content\/uploads\/2023\/06\/Claudine-Stephane-Bryan-et-Mylene-en-direct-du-jardin-1-600x780.jpg 600w, https:\/\/fermelarochette.ch\/wp-content\/uploads\/2023\/06\/Claudine-Stephane-Bryan-et-Mylene-en-direct-du-jardin-1-231x300.jpg 231w, https:\/\/fermelarochette.ch\/wp-content\/uploads\/2023\/06\/Claudine-Stephane-Bryan-et-Mylene-en-direct-du-jardin-1-768x998.jpg 768w, https:\/\/fermelarochette.ch\/wp-content\/uploads\/2023\/06\/Claudine-Stephane-Bryan-et-Mylene-en-direct-du-jardin-1.jpg 923w\" data-sizes=\"(max-width: 788px) 100vw, 788px\" src=\"data:image\/svg+xml;base64,PHN2ZyB3aWR0aD0iMSIgaGVpZ2h0PSIxIiB4bWxucz0iaHR0cDovL3d3dy53My5vcmcvMjAwMC9zdmciPjwvc3ZnPg==\" style=\"--smush-placeholder-width: 788px; --smush-placeholder-aspect-ratio: 788\/1024;\" \/><\/figure><\/div>\n","protected":false},"excerpt":{"rendered":"<p>Ce samedi 24 juin, c&rsquo;est en direct du jardin-mara\u00eecher de La Rochette qu&rsquo;a \u00e9t\u00e9 r\u00e9alis\u00e9e l&rsquo;\u00e9mission de radio Les Jardini\u00e8res. Accompagn\u00e9s d&rsquo;un magnifique lev\u00e9 de &hellip;<\/p>\n","protected":false},"author":1,"featured_media":1509,"comment_status":"closed","ping_status":"closed","sticky":false,"template":"","format":"standard","meta":{"_price":"","_stock":"","_tribe_ticket_header":"","_tribe_default_ticket_provider":"","_ticket_start_date":"","_ticket_end_date":"","_tribe_ticket_show_description":"","_tribe_ticket_show_not_going":false,"_tribe_ticket_use_global_stock":"","_tribe_ticket_global_stock_level":"","_global_stock_mode":"","_global_stock_cap":"","_tribe_rsvp_for_event":"","_tribe_ticket_going_count":"","_tribe_ticket_not_going_count":"","_tribe_tickets_list":"[]","_tribe_ticket_has_attendee_info_fields":false,"_jetpack_memberships_contains_paid_content":false,"footnotes":""},"categories":[7],"tags":[],"class_list":["post-1501","post","type-post","status-publish","format-standard","has-post-thumbnail","hentry","category-evenements"],"yoast_head":"<!-- This site is optimized with the Yoast SEO plugin v26.9 - https:\/\/yoast.com\/product\/yoast-seo-wordpress\/ -->\n<title>La radio en direct du jardin ! - La Rochette<\/title>\n<meta name=\"robots\" content=\"index, follow, max-snippet:-1, max-image-preview:large, max-video-preview:-1\" \/>\n<link rel=\"canonical\" href=\"https:\/\/fermelarochette.ch\/index.php\/2023\/06\/26\/la-radio-en-direct-du-jardin\/\" \/>\n<meta property=\"og:locale\" content=\"fr_FR\" \/>\n<meta property=\"og:type\" content=\"article\" \/>\n<meta property=\"og:title\" content=\"La radio en direct du jardin ! - La Rochette\" \/>\n<meta property=\"og:description\" content=\"Ce samedi 24 juin, c&rsquo;est en direct du jardin-mara\u00eecher de La Rochette qu&rsquo;a \u00e9t\u00e9 r\u00e9alis\u00e9e l&rsquo;\u00e9mission de radio Les Jardini\u00e8res. Accompagn\u00e9s d&rsquo;un magnifique lev\u00e9 de &hellip;\" \/>\n<meta property=\"og:url\" content=\"https:\/\/fermelarochette.ch\/index.php\/2023\/06\/26\/la-radio-en-direct-du-jardin\/\" \/>\n<meta property=\"og:site_name\" content=\"La Rochette\" \/>\n<meta property=\"article:published_time\" content=\"2023-06-26T14:42:53+00:00\" \/>\n<meta property=\"article:modified_time\" content=\"2025-03-21T00:10:54+00:00\" \/>\n<meta property=\"og:image\" content=\"https:\/\/fermelarochette.ch\/wp-content\/uploads\/2023\/06\/Les-Jardinieres_24.06.2023.jpg\" \/>\n\t<meta property=\"og:image:width\" content=\"1200\" \/>\n\t<meta property=\"og:image:height\" content=\"1600\" \/>\n\t<meta property=\"og:image:type\" content=\"image\/jpeg\" \/>\n<meta name=\"author\" content=\"Claudine\" \/>\n<meta name=\"twitter:card\" content=\"summary_large_image\" \/>\n<meta name=\"twitter:label1\" content=\"\u00c9crit par\" \/>\n\t<meta name=\"twitter:data1\" content=\"Claudine\" \/>\n\t<meta name=\"twitter:label2\" content=\"Dur\u00e9e de lecture estim\u00e9e\" \/>\n\t<meta name=\"twitter:data2\" content=\"1 minute\" \/>\n<script type=\"application\/ld+json\" class=\"yoast-schema-graph\">{\"@context\":\"https:\/\/schema.org\",\"@graph\":[{\"@type\":\"Article\",\"@id\":\"https:\/\/fermelarochette.ch\/index.php\/2023\/06\/26\/la-radio-en-direct-du-jardin\/#article\",\"isPartOf\":{\"@id\":\"https:\/\/fermelarochette.ch\/index.php\/2023\/06\/26\/la-radio-en-direct-du-jardin\/\"},\"author\":{\"name\":\"Claudine\",\"@id\":\"https:\/\/fermelarochette.ch\/#\/schema\/person\/8b775b7362809e3390b8957cb4cbe9b7\"},\"headline\":\"La radio en direct du jardin !\",\"datePublished\":\"2023-06-26T14:42:53+00:00\",\"dateModified\":\"2025-03-21T00:10:54+00:00\",\"mainEntityOfPage\":{\"@id\":\"https:\/\/fermelarochette.ch\/index.php\/2023\/06\/26\/la-radio-en-direct-du-jardin\/\"},\"wordCount\":141,\"image\":{\"@id\":\"https:\/\/fermelarochette.ch\/index.php\/2023\/06\/26\/la-radio-en-direct-du-jardin\/#primaryimage\"},\"thumbnailUrl\":\"https:\/\/fermelarochette.ch\/wp-content\/uploads\/2023\/06\/Les-Jardinieres_24.06.2023.jpg\",\"articleSection\":[\"Ev\u00e9nements\"],\"inLanguage\":\"fr-FR\"},{\"@type\":\"WebPage\",\"@id\":\"https:\/\/fermelarochette.ch\/index.php\/2023\/06\/26\/la-radio-en-direct-du-jardin\/\",\"url\":\"https:\/\/fermelarochette.ch\/index.php\/2023\/06\/26\/la-radio-en-direct-du-jardin\/\",\"name\":\"La radio en direct du jardin ! - La Rochette\",\"isPartOf\":{\"@id\":\"https:\/\/fermelarochette.ch\/#website\"},\"primaryImageOfPage\":{\"@id\":\"https:\/\/fermelarochette.ch\/index.php\/2023\/06\/26\/la-radio-en-direct-du-jardin\/#primaryimage\"},\"image\":{\"@id\":\"https:\/\/fermelarochette.ch\/index.php\/2023\/06\/26\/la-radio-en-direct-du-jardin\/#primaryimage\"},\"thumbnailUrl\":\"https:\/\/fermelarochette.ch\/wp-content\/uploads\/2023\/06\/Les-Jardinieres_24.06.2023.jpg\",\"datePublished\":\"2023-06-26T14:42:53+00:00\",\"dateModified\":\"2025-03-21T00:10:54+00:00\",\"author\":{\"@id\":\"https:\/\/fermelarochette.ch\/#\/schema\/person\/8b775b7362809e3390b8957cb4cbe9b7\"},\"breadcrumb\":{\"@id\":\"https:\/\/fermelarochette.ch\/index.php\/2023\/06\/26\/la-radio-en-direct-du-jardin\/#breadcrumb\"},\"inLanguage\":\"fr-FR\",\"potentialAction\":[{\"@type\":\"ReadAction\",\"target\":[\"https:\/\/fermelarochette.ch\/index.php\/2023\/06\/26\/la-radio-en-direct-du-jardin\/\"]}]},{\"@type\":\"ImageObject\",\"inLanguage\":\"fr-FR\",\"@id\":\"https:\/\/fermelarochette.ch\/index.php\/2023\/06\/26\/la-radio-en-direct-du-jardin\/#primaryimage\",\"url\":\"https:\/\/fermelarochette.ch\/wp-content\/uploads\/2023\/06\/Les-Jardinieres_24.06.2023.jpg\",\"contentUrl\":\"https:\/\/fermelarochette.ch\/wp-content\/uploads\/2023\/06\/Les-Jardinieres_24.06.2023.jpg\",\"width\":1200,\"height\":1600,\"caption\":\"St\u00e9phane et Claudine au micro\"},{\"@type\":\"BreadcrumbList\",\"@id\":\"https:\/\/fermelarochette.ch\/index.php\/2023\/06\/26\/la-radio-en-direct-du-jardin\/#breadcrumb\",\"itemListElement\":[{\"@type\":\"ListItem\",\"position\":1,\"name\":\"Accueil\",\"item\":\"https:\/\/fermelarochette.ch\/\"},{\"@type\":\"ListItem\",\"position\":2,\"name\":\"La radio en direct du jardin !\"}]},{\"@type\":\"WebSite\",\"@id\":\"https:\/\/fermelarochette.ch\/#website\",\"url\":\"https:\/\/fermelarochette.ch\/\",\"name\":\"La Rochette\",\"description\":\"Micro-ferme biologique\",\"potentialAction\":[{\"@type\":\"SearchAction\",\"target\":{\"@type\":\"EntryPoint\",\"urlTemplate\":\"https:\/\/fermelarochette.ch\/?s={search_term_string}\"},\"query-input\":{\"@type\":\"PropertyValueSpecification\",\"valueRequired\":true,\"valueName\":\"search_term_string\"}}],\"inLanguage\":\"fr-FR\"},{\"@type\":\"Person\",\"@id\":\"https:\/\/fermelarochette.ch\/#\/schema\/person\/8b775b7362809e3390b8957cb4cbe9b7\",\"name\":\"Claudine\",\"image\":{\"@type\":\"ImageObject\",\"inLanguage\":\"fr-FR\",\"@id\":\"https:\/\/fermelarochette.ch\/#\/schema\/person\/image\/\",\"url\":\"https:\/\/secure.gravatar.com\/avatar\/c0dbc1c85619dc3f9e194c4bf5d3dc2a869999ff80aac4f0369e52a5ffe5b600?s=96&d=mm&r=g\",\"contentUrl\":\"https:\/\/secure.gravatar.com\/avatar\/c0dbc1c85619dc3f9e194c4bf5d3dc2a869999ff80aac4f0369e52a5ffe5b600?s=96&d=mm&r=g\",\"caption\":\"Claudine\"},\"sameAs\":[\"https:\/\/fermelarochette.ch\"],\"url\":\"https:\/\/fermelarochette.ch\/index.php\/author\/claudine\/\"}]}<\/script>\n<!-- \/ Yoast SEO plugin. -->","yoast_head_json":{"title":"La radio en direct du jardin ! - La Rochette","robots":{"index":"index","follow":"follow","max-snippet":"max-snippet:-1","max-image-preview":"max-image-preview:large","max-video-preview":"max-video-preview:-1"},"canonical":"https:\/\/fermelarochette.ch\/index.php\/2023\/06\/26\/la-radio-en-direct-du-jardin\/","og_locale":"fr_FR","og_type":"article","og_title":"La radio en direct du jardin ! - La Rochette","og_description":"Ce samedi 24 juin, c&rsquo;est en direct du jardin-mara\u00eecher de La Rochette qu&rsquo;a \u00e9t\u00e9 r\u00e9alis\u00e9e l&rsquo;\u00e9mission de radio Les Jardini\u00e8res. Accompagn\u00e9s d&rsquo;un magnifique lev\u00e9 de &hellip;","og_url":"https:\/\/fermelarochette.ch\/index.php\/2023\/06\/26\/la-radio-en-direct-du-jardin\/","og_site_name":"La Rochette","article_published_time":"2023-06-26T14:42:53+00:00","article_modified_time":"2025-03-21T00:10:54+00:00","og_image":[{"width":1200,"height":1600,"url":"https:\/\/fermelarochette.ch\/wp-content\/uploads\/2023\/06\/Les-Jardinieres_24.06.2023.jpg","type":"image\/jpeg"}],"author":"Claudine","twitter_card":"summary_large_image","twitter_misc":{"\u00c9crit par":"Claudine","Dur\u00e9e de lecture estim\u00e9e":"1 minute"},"schema":{"@context":"https:\/\/schema.org","@graph":[{"@type":"Article","@id":"https:\/\/fermelarochette.ch\/index.php\/2023\/06\/26\/la-radio-en-direct-du-jardin\/#article","isPartOf":{"@id":"https:\/\/fermelarochette.ch\/index.php\/2023\/06\/26\/la-radio-en-direct-du-jardin\/"},"author":{"name":"Claudine","@id":"https:\/\/fermelarochette.ch\/#\/schema\/person\/8b775b7362809e3390b8957cb4cbe9b7"},"headline":"La radio en direct du jardin !","datePublished":"2023-06-26T14:42:53+00:00","dateModified":"2025-03-21T00:10:54+00:00","mainEntityOfPage":{"@id":"https:\/\/fermelarochette.ch\/index.php\/2023\/06\/26\/la-radio-en-direct-du-jardin\/"},"wordCount":141,"image":{"@id":"https:\/\/fermelarochette.ch\/index.php\/2023\/06\/26\/la-radio-en-direct-du-jardin\/#primaryimage"},"thumbnailUrl":"https:\/\/fermelarochette.ch\/wp-content\/uploads\/2023\/06\/Les-Jardinieres_24.06.2023.jpg","articleSection":["Ev\u00e9nements"],"inLanguage":"fr-FR"},{"@type":"WebPage","@id":"https:\/\/fermelarochette.ch\/index.php\/2023\/06\/26\/la-radio-en-direct-du-jardin\/","url":"https:\/\/fermelarochette.ch\/index.php\/2023\/06\/26\/la-radio-en-direct-du-jardin\/","name":"La radio en direct du jardin ! - La Rochette","isPartOf":{"@id":"https:\/\/fermelarochette.ch\/#website"},"primaryImageOfPage":{"@id":"https:\/\/fermelarochette.ch\/index.php\/2023\/06\/26\/la-radio-en-direct-du-jardin\/#primaryimage"},"image":{"@id":"https:\/\/fermelarochette.ch\/index.php\/2023\/06\/26\/la-radio-en-direct-du-jardin\/#primaryimage"},"thumbnailUrl":"https:\/\/fermelarochette.ch\/wp-content\/uploads\/2023\/06\/Les-Jardinieres_24.06.2023.jpg","datePublished":"2023-06-26T14:42:53+00:00","dateModified":"2025-03-21T00:10:54+00:00","author":{"@id":"https:\/\/fermelarochette.ch\/#\/schema\/person\/8b775b7362809e3390b8957cb4cbe9b7"},"breadcrumb":{"@id":"https:\/\/fermelarochette.ch\/index.php\/2023\/06\/26\/la-radio-en-direct-du-jardin\/#breadcrumb"},"inLanguage":"fr-FR","potentialAction":[{"@type":"ReadAction","target":["https:\/\/fermelarochette.ch\/index.php\/2023\/06\/26\/la-radio-en-direct-du-jardin\/"]}]},{"@type":"ImageObject","inLanguage":"fr-FR","@id":"https:\/\/fermelarochette.ch\/index.php\/2023\/06\/26\/la-radio-en-direct-du-jardin\/#primaryimage","url":"https:\/\/fermelarochette.ch\/wp-content\/uploads\/2023\/06\/Les-Jardinieres_24.06.2023.jpg","contentUrl":"https:\/\/fermelarochette.ch\/wp-content\/uploads\/2023\/06\/Les-Jardinieres_24.06.2023.jpg","width":1200,"height":1600,"caption":"St\u00e9phane et Claudine au micro"},{"@type":"BreadcrumbList","@id":"https:\/\/fermelarochette.ch\/index.php\/2023\/06\/26\/la-radio-en-direct-du-jardin\/#breadcrumb","itemListElement":[{"@type":"ListItem","position":1,"name":"Accueil","item":"https:\/\/fermelarochette.ch\/"},{"@type":"ListItem","position":2,"name":"La radio en direct du jardin !"}]},{"@type":"WebSite","@id":"https:\/\/fermelarochette.ch\/#website","url":"https:\/\/fermelarochette.ch\/","name":"La Rochette","description":"Micro-ferme biologique","potentialAction":[{"@type":"SearchAction","target":{"@type":"EntryPoint","urlTemplate":"https:\/\/fermelarochette.ch\/?s={search_term_string}"},"query-input":{"@type":"PropertyValueSpecification","valueRequired":true,"valueName":"search_term_string"}}],"inLanguage":"fr-FR"},{"@type":"Person","@id":"https:\/\/fermelarochette.ch\/#\/schema\/person\/8b775b7362809e3390b8957cb4cbe9b7","name":"Claudine","image":{"@type":"ImageObject","inLanguage":"fr-FR","@id":"https:\/\/fermelarochette.ch\/#\/schema\/person\/image\/","url":"https:\/\/secure.gravatar.com\/avatar\/c0dbc1c85619dc3f9e194c4bf5d3dc2a869999ff80aac4f0369e52a5ffe5b600?s=96&d=mm&r=g","contentUrl":"https:\/\/secure.gravatar.com\/avatar\/c0dbc1c85619dc3f9e194c4bf5d3dc2a869999ff80aac4f0369e52a5ffe5b600?s=96&d=mm&r=g","caption":"Claudine"},"sameAs":["https:\/\/fermelarochette.ch"],"url":"https:\/\/fermelarochette.ch\/index.php\/author\/claudine\/"}]}},"jetpack_featured_media_url":"https:\/\/fermelarochette.ch\/wp-content\/uploads\/2023\/06\/Les-Jardinieres_24.06.2023.jpg","jetpack_sharing_enabled":true,"_links":{"self":[{"href":"https:\/\/fermelarochette.ch\/index.php\/wp-json\/wp\/v2\/posts\/1501","targetHints":{"allow":["GET"]}}],"collection":[{"href":"https:\/\/fermelarochette.ch\/index.php\/wp-json\/wp\/v2\/posts"}],"about":[{"href":"https:\/\/fermelarochette.ch\/index.php\/wp-json\/wp\/v2\/types\/post"}],"author":[{"embeddable":true,"href":"https:\/\/fermelarochette.ch\/index.php\/wp-json\/wp\/v2\/users\/1"}],"replies":[{"embeddable":true,"href":"https:\/\/fermelarochette.ch\/index.php\/wp-json\/wp\/v2\/comments?post=1501"}],"version-history":[{"count":3,"href":"https:\/\/fermelarochette.ch\/index.php\/wp-json\/wp\/v2\/posts\/1501\/revisions"}],"predecessor-version":[{"id":1506,"href":"https:\/\/fermelarochette.ch\/index.php\/wp-json\/wp\/v2\/posts\/1501\/revisions\/1506"}],"wp:featuredmedia":[{"embeddable":true,"href":"https:\/\/fermelarochette.ch\/index.php\/wp-json\/wp\/v2\/media\/1509"}],"wp:attachment":[{"href":"https:\/\/fermelarochette.ch\/index.php\/wp-json\/wp\/v2\/media?parent=1501"}],"wp:term":[{"taxonomy":"category","embeddable":true,"href":"https:\/\/fermelarochette.ch\/index.php\/wp-json\/wp\/v2\/categories?post=1501"},{"taxonomy":"post_tag","embeddable":true,"href":"https:\/\/fermelarochette.ch\/index.php\/wp-json\/wp\/v2\/tags?post=1501"}],"curies":[{"name":"wp","href":"https:\/\/api.w.org\/{rel}","templated":true}]}}