{"id":1415,"date":"2023-06-12T14:28:28","date_gmt":"2023-06-12T13:28:28","guid":{"rendered":"https:\/\/fermelarochette.ch\/?p=1415"},"modified":"2025-03-21T01:10:58","modified_gmt":"2025-03-21T00:10:58","slug":"financement-participatif-visites-et-apero","status":"publish","type":"post","link":"https:\/\/fermelarochette.ch\/index.php\/2023\/06\/12\/financement-participatif-visites-et-apero\/","title":{"rendered":"Collecte de fonds, visites et ap\u00e9ro"},"content":{"rendered":"\n<h1 class=\"wp-block-heading\">Nous avons besoin de vous !<\/h1>\n\n\n\n<div class=\"wp-block-columns is-layout-flex wp-container-core-columns-is-layout-9d6595d7 wp-block-columns-is-layout-flex\">\n<div class=\"wp-block-column is-layout-flow wp-block-column-is-layout-flow\">\n<p>Du 24 mai au 12 juillet 2023 et afin de poursuivre l&rsquo;installation de La Rochette, nous menons une collecte de fonds sur la plateforme Yes We Farm. Pour nous soutenir, rendez-vous directement sur <a href=\"https:\/\/yeswefarm.ch\/fr\/project\/detail\/169\" target=\"_blank\" rel=\"noreferrer noopener\"><mark style=\"background-color:rgba(0, 0, 0, 0)\" class=\"has-inline-color has-accent-1-color\">cette page<\/mark><\/a> ! Vous pourrez y effectuer un don en choisissant l&rsquo;une des contreparties propos\u00e9es&#8230; Un peu comme si vous faisiez vos courses, mais pour la bonne cause \ud83d\ude42 (PS : Il vous sera demand\u00e9 de cr\u00e9er un compte en donnant vos adresses et autres coordonn\u00e9es. Ceci nous est n\u00e9cessaire pour pouvoir vous transmettre les contreparties. Ces coordonn\u00e9es ne seront en aucun cas transmises \u00e0 des tiers.) <\/p>\n<\/div>\n\n\n\n<div class=\"wp-block-column is-layout-flow wp-block-column-is-layout-flow\">\n<figure class=\"wp-block-embed is-type-video is-provider-youtube wp-block-embed-youtube wp-embed-aspect-16-9 wp-has-aspect-ratio\"><div class=\"wp-block-embed__wrapper\">\n<iframe title=\"La Rochette - Micro-ferme en permaculture\" width=\"1032\" height=\"581\" data-src=\"https:\/\/www.youtube.com\/embed\/_OVjn60iiyY?feature=oembed\" frameborder=\"0\" allow=\"accelerometer; autoplay; clipboard-write; encrypted-media; gyroscope; picture-in-picture; web-share\" allowfullscreen src=\"data:image\/svg+xml;base64,PHN2ZyB3aWR0aD0iMSIgaGVpZ2h0PSIxIiB4bWxucz0iaHR0cDovL3d3dy53My5vcmcvMjAwMC9zdmciPjwvc3ZnPg==\" class=\"lazyload\" data-load-mode=\"1\"><\/iframe>\n<\/div><\/figure>\n<\/div>\n<\/div>\n\n\n\n<p><\/p>\n\n\n\n<h2 class=\"wp-block-heading\">\u00c0 quoi ces fonds nous serviront-ils ?<\/h2>\n\n\n\n<p>L&rsquo;installation du jardin-mara\u00eecher, la r\u00e9novation des locaux, l&rsquo;\u00e9tang, les plants, les outils&#8230; Tout cela a un co\u00fbt qui, malgr\u00e9 nos efforts pour r\u00e9cup\u00e9rer et construire nous-m\u00eames, repr\u00e9sente une somme cons\u00e9quente. Depuis un an, nous avons investi d&rsquo;importants fonds personnels pour d\u00e9marrer le projet, avons obtenu l&rsquo;aide de la Fondation Le Lombric et du WWF&#8230; Cependant, pour poursuivre l&rsquo;installation de La Rochette, nous avons besoin d&rsquo;argent sonnant et tr\u00e9buchant. La r\u00e9colte de fonds servira en particulier \u00e0 financer : <\/p>\n\n\n\n<ul class=\"wp-block-list\">\n<li>La r\u00e9novation et l&rsquo;am\u00e9nagement de l&rsquo;\u00e9table transform\u00e9e en local de nettoyage des l\u00e9gumes (10&rsquo;000.-)<\/li>\n\n\n\n<li>La r\u00e9novation et l&rsquo;am\u00e9nagement d&rsquo;une cuisine pour la transformation des l\u00e9gumes, fruits et plantes aromatiques (4&rsquo;000.-)<\/li>\n\n\n\n<li>Le syst\u00e8me d&rsquo;arrosage du jardin-mara\u00eecher et de plantes aromatiques, aliment\u00e9 par la source du lieu (10&rsquo;000.-)<\/li>\n\n\n\n<li>Le s\u00e9choir de plantes aromatiques et m\u00e9dicinales, fonctionnant en partie gr\u00e2ce \u00e0 la chaleur du soleil (6&rsquo;000.-)<\/li>\n<\/ul>\n\n\n\n<h2 class=\"wp-block-heading\">Vous aimeriez en savoir plus ? Rendez-vous au jardin&#8230;<\/h2>\n\n\n\n<p>Si notre projet vous intrigue mais que vous ne savez pas encore si vous souhaitez le soutenir, ou que vous aimeriez tout simplement en conna\u00eetre d&rsquo;avantage \u00e0 propos de nos valeurs, m\u00e9thodes et id\u00e9es, nous nous mettons \u00e0 votre disposition pour r\u00e9pondre \u00e0 toutes les questions que vous pourriez vous poser. Retrouvez-nous au jardin lors de ces trois dates :<\/p>\n\n\n\n<p><strong><mark style=\"background-color:rgba(0, 0, 0, 0)\" class=\"has-inline-color has-accent-1-color\">6 juin 2023, 18h-20h<\/mark><\/strong><br><strong>Visite guid\u00e9e du jardin-mara\u00eecher, du jardin d&rsquo;aromatiques, et ap\u00e9ro bien s\u00fbr !<\/strong> <br>Lors de cette visite, nous vous pr\u00e9senterons les cultures, les m\u00e9thodes que nous avons adopt\u00e9es, ainsi que nos valeurs. Et, bien entendu, la visite se terminera autour du verre de l&rsquo;amiti\u00e9 (\u00e0 l&rsquo;abri dans la serre en cas de pluie).<\/p>\n\n\n\n<p><mark style=\"background-color:rgba(0, 0, 0, 0)\" class=\"has-inline-color has-accent-1-color\"><strong>24 juin 2023, lors de la <a href=\"https:\/\/fermelarochette.ch\/index.php\/fete-de-lete\/\">F\u00eate de l&rsquo;\u00e9t\u00e9<\/a><\/strong> <\/mark><br><strong>Venez c\u00e9l\u00e9brer le d\u00e9but de la saison avec nous ! <\/strong>Au programme : jeux, animations et musique jusqu&rsquo;\u00e0 la tomb\u00e9e de la nuit. Pour en savoir plus, cliquez <a href=\"https:\/\/fermelarochette.ch\/index.php\/fete-de-lete\/\"><mark style=\"background-color:rgba(0, 0, 0, 0)\" class=\"has-inline-color has-accent-1-color\">ici<\/mark><\/a>.<\/p>\n\n\n\n<p><strong><mark style=\"background-color:rgba(0, 0, 0, 0)\" class=\"has-inline-color has-accent-1-color\">2 juillet 2023, Cours d&rsquo;aquarelle avec Ga\u00ebtane Nicoulin @fleurs_poudrees<\/mark><\/strong><br><strong>Deux ateliers d&rsquo;aquarelle anim\u00e9s par Ga\u00ebtane Nicoulin, sur le th\u00e8me des fleurs sauvages&#8230; <\/strong>Et dont les b\u00e9n\u00e9fices seront revers\u00e9s \u00e0 la collecte de fonds !<br><strong>9h-11h : <\/strong>Apprendre \u00e0 peindre un BOUQUET de fleurs sauvages<br><strong>midi :<\/strong> repas v\u00e9g\u00e9tarien, au jardin<br><strong>14h-16h : <\/strong>Apprendre \u00e0 peindre une PRAIRIE FLEURIE<br>Aucun pr\u00e9requis n\u00e9cessaire ! <strong>Sur inscription uniquement<\/strong>, par t\u00e9l\u00e9phone (Claudine au 076\/237.25.75) ou par mail \u00e0 l&rsquo;adresse <a href=\"mailto:contact@fermelarochette.ch\">contact@fermelarochette.ch<\/a><br><strong>Prix : <\/strong><br>* pour l&rsquo;atelier du matin OU de l&rsquo;apr\u00e8s-midi, avec repas : 80.- mat\u00e9riel compris \/ 70.- si vous apportez votre propre mat\u00e9riel<br>* pour la journ\u00e9e compl\u00e8te avec repas : 150.- mat\u00e9riel compris \/ 130.- si vous apportez votre propre mat\u00e9riel<br><\/p>\n\n\n\n<p><strong><mark style=\"background-color:rgba(0, 0, 0, 0)\" class=\"has-inline-color has-accent-1-color\">9 juillet 2023, 10h-16h<\/mark><\/strong><br><em><strong>10h-12h :<\/strong> <\/em>pr\u00e9sentation de nos m\u00e9thodes de culture, de nos valeurs, et session de questions-r\u00e9ponses<br><em><strong>Repas de midi :<\/strong><\/em> repas v\u00e9g\u00e9tarien aux l\u00e9gumes de notre jardin ! <br>Prix libre. Inscription recommand\u00e9e aupr\u00e8s de Claudine au 076.237.25.75 ou par mail \u00e0 l&rsquo;adresse claudine@fermelarochette.ch<br><em><strong>14h-16h :<\/strong> <\/em>discussion \u00e0 propos du concept de micro-ferme, en lien avec la transition \u00e9cologique<br><em><strong>Toute la journ\u00e9e : <\/strong><\/em>balades libres dans le jardin, farniente et th\u00e9 froid \ud83d\ude42<\/p>\n\n\n\n<div style=\"height:100px\" aria-hidden=\"true\" class=\"wp-block-spacer\"><\/div>\n","protected":false},"excerpt":{"rendered":"<p>Nous avons besoin de vous ! Du 24 mai au 12 juillet 2023 et afin de poursuivre l&rsquo;installation de La Rochette, nous menons une collecte &hellip;<\/p>\n","protected":false},"author":1,"featured_media":1420,"comment_status":"closed","ping_status":"closed","sticky":false,"template":"","format":"standard","meta":{"_price":"","_stock":"","_tribe_ticket_header":"","_tribe_default_ticket_provider":"","_ticket_start_date":"","_ticket_end_date":"","_tribe_ticket_show_description":"","_tribe_ticket_show_not_going":false,"_tribe_ticket_use_global_stock":"","_tribe_ticket_global_stock_level":"","_global_stock_mode":"","_global_stock_cap":"","_tribe_rsvp_for_event":"","_tribe_ticket_going_count":"","_tribe_ticket_not_going_count":"","_tribe_tickets_list":"[]","_tribe_ticket_has_attendee_info_fields":false,"_jetpack_memberships_contains_paid_content":false,"footnotes":""},"categories":[7,22],"tags":[],"class_list":["post-1415","post","type-post","status-publish","format-standard","has-post-thumbnail","hentry","category-evenements","category-installation"],"yoast_head":"<!-- This site is optimized with the Yoast SEO plugin v26.9 - https:\/\/yoast.com\/product\/yoast-seo-wordpress\/ -->\n<title>Collecte de fonds, visites et ap\u00e9ro - La Rochette<\/title>\n<meta name=\"robots\" content=\"index, follow, max-snippet:-1, max-image-preview:large, max-video-preview:-1\" \/>\n<link rel=\"canonical\" href=\"https:\/\/fermelarochette.ch\/index.php\/2023\/06\/12\/financement-participatif-visites-et-apero\/\" \/>\n<meta property=\"og:locale\" content=\"fr_FR\" \/>\n<meta property=\"og:type\" content=\"article\" \/>\n<meta property=\"og:title\" content=\"Collecte de fonds, visites et ap\u00e9ro - La Rochette\" \/>\n<meta property=\"og:description\" content=\"Nous avons besoin de vous ! Du 24 mai au 12 juillet 2023 et afin de poursuivre l&rsquo;installation de La Rochette, nous menons une collecte &hellip;\" \/>\n<meta property=\"og:url\" content=\"https:\/\/fermelarochette.ch\/index.php\/2023\/06\/12\/financement-participatif-visites-et-apero\/\" \/>\n<meta property=\"og:site_name\" content=\"La Rochette\" \/>\n<meta property=\"article:published_time\" content=\"2023-06-12T13:28:28+00:00\" \/>\n<meta property=\"article:modified_time\" content=\"2025-03-21T00:10:58+00:00\" \/>\n<meta property=\"og:image\" content=\"https:\/\/fermelarochette.ch\/wp-content\/uploads\/2023\/05\/Mise-en-place-du-jardin-mai-2022.jpg\" \/>\n\t<meta property=\"og:image:width\" content=\"1512\" \/>\n\t<meta property=\"og:image:height\" content=\"1023\" \/>\n\t<meta property=\"og:image:type\" content=\"image\/jpeg\" \/>\n<meta name=\"author\" content=\"Claudine\" \/>\n<meta name=\"twitter:card\" content=\"summary_large_image\" \/>\n<meta name=\"twitter:label1\" content=\"\u00c9crit par\" \/>\n\t<meta name=\"twitter:data1\" content=\"Claudine\" \/>\n\t<meta name=\"twitter:label2\" content=\"Dur\u00e9e de lecture estim\u00e9e\" \/>\n\t<meta name=\"twitter:data2\" content=\"3 minutes\" \/>\n<script type=\"application\/ld+json\" class=\"yoast-schema-graph\">{\"@context\":\"https:\/\/schema.org\",\"@graph\":[{\"@type\":\"Article\",\"@id\":\"https:\/\/fermelarochette.ch\/index.php\/2023\/06\/12\/financement-participatif-visites-et-apero\/#article\",\"isPartOf\":{\"@id\":\"https:\/\/fermelarochette.ch\/index.php\/2023\/06\/12\/financement-participatif-visites-et-apero\/\"},\"author\":{\"name\":\"Claudine\",\"@id\":\"https:\/\/fermelarochette.ch\/#\/schema\/person\/8b775b7362809e3390b8957cb4cbe9b7\"},\"headline\":\"Collecte de fonds, visites et ap\u00e9ro\",\"datePublished\":\"2023-06-12T13:28:28+00:00\",\"dateModified\":\"2025-03-21T00:10:58+00:00\",\"mainEntityOfPage\":{\"@id\":\"https:\/\/fermelarochette.ch\/index.php\/2023\/06\/12\/financement-participatif-visites-et-apero\/\"},\"wordCount\":660,\"image\":{\"@id\":\"https:\/\/fermelarochette.ch\/index.php\/2023\/06\/12\/financement-participatif-visites-et-apero\/#primaryimage\"},\"thumbnailUrl\":\"https:\/\/fermelarochette.ch\/wp-content\/uploads\/2023\/05\/Mise-en-place-du-jardin-mai-2022.jpg\",\"articleSection\":[\"Ev\u00e9nements\",\"Installation de la ferme\"],\"inLanguage\":\"fr-FR\"},{\"@type\":\"WebPage\",\"@id\":\"https:\/\/fermelarochette.ch\/index.php\/2023\/06\/12\/financement-participatif-visites-et-apero\/\",\"url\":\"https:\/\/fermelarochette.ch\/index.php\/2023\/06\/12\/financement-participatif-visites-et-apero\/\",\"name\":\"Collecte de fonds, visites et ap\u00e9ro - La Rochette\",\"isPartOf\":{\"@id\":\"https:\/\/fermelarochette.ch\/#website\"},\"primaryImageOfPage\":{\"@id\":\"https:\/\/fermelarochette.ch\/index.php\/2023\/06\/12\/financement-participatif-visites-et-apero\/#primaryimage\"},\"image\":{\"@id\":\"https:\/\/fermelarochette.ch\/index.php\/2023\/06\/12\/financement-participatif-visites-et-apero\/#primaryimage\"},\"thumbnailUrl\":\"https:\/\/fermelarochette.ch\/wp-content\/uploads\/2023\/05\/Mise-en-place-du-jardin-mai-2022.jpg\",\"datePublished\":\"2023-06-12T13:28:28+00:00\",\"dateModified\":\"2025-03-21T00:10:58+00:00\",\"author\":{\"@id\":\"https:\/\/fermelarochette.ch\/#\/schema\/person\/8b775b7362809e3390b8957cb4cbe9b7\"},\"breadcrumb\":{\"@id\":\"https:\/\/fermelarochette.ch\/index.php\/2023\/06\/12\/financement-participatif-visites-et-apero\/#breadcrumb\"},\"inLanguage\":\"fr-FR\",\"potentialAction\":[{\"@type\":\"ReadAction\",\"target\":[\"https:\/\/fermelarochette.ch\/index.php\/2023\/06\/12\/financement-participatif-visites-et-apero\/\"]}]},{\"@type\":\"ImageObject\",\"inLanguage\":\"fr-FR\",\"@id\":\"https:\/\/fermelarochette.ch\/index.php\/2023\/06\/12\/financement-participatif-visites-et-apero\/#primaryimage\",\"url\":\"https:\/\/fermelarochette.ch\/wp-content\/uploads\/2023\/05\/Mise-en-place-du-jardin-mai-2022.jpg\",\"contentUrl\":\"https:\/\/fermelarochette.ch\/wp-content\/uploads\/2023\/05\/Mise-en-place-du-jardin-mai-2022.jpg\",\"width\":1512,\"height\":1023},{\"@type\":\"BreadcrumbList\",\"@id\":\"https:\/\/fermelarochette.ch\/index.php\/2023\/06\/12\/financement-participatif-visites-et-apero\/#breadcrumb\",\"itemListElement\":[{\"@type\":\"ListItem\",\"position\":1,\"name\":\"Accueil\",\"item\":\"https:\/\/fermelarochette.ch\/\"},{\"@type\":\"ListItem\",\"position\":2,\"name\":\"Collecte de fonds, visites et ap\u00e9ro\"}]},{\"@type\":\"WebSite\",\"@id\":\"https:\/\/fermelarochette.ch\/#website\",\"url\":\"https:\/\/fermelarochette.ch\/\",\"name\":\"La Rochette\",\"description\":\"Micro-ferme biologique\",\"potentialAction\":[{\"@type\":\"SearchAction\",\"target\":{\"@type\":\"EntryPoint\",\"urlTemplate\":\"https:\/\/fermelarochette.ch\/?s={search_term_string}\"},\"query-input\":{\"@type\":\"PropertyValueSpecification\",\"valueRequired\":true,\"valueName\":\"search_term_string\"}}],\"inLanguage\":\"fr-FR\"},{\"@type\":\"Person\",\"@id\":\"https:\/\/fermelarochette.ch\/#\/schema\/person\/8b775b7362809e3390b8957cb4cbe9b7\",\"name\":\"Claudine\",\"image\":{\"@type\":\"ImageObject\",\"inLanguage\":\"fr-FR\",\"@id\":\"https:\/\/fermelarochette.ch\/#\/schema\/person\/image\/\",\"url\":\"https:\/\/secure.gravatar.com\/avatar\/c0dbc1c85619dc3f9e194c4bf5d3dc2a869999ff80aac4f0369e52a5ffe5b600?s=96&d=mm&r=g\",\"contentUrl\":\"https:\/\/secure.gravatar.com\/avatar\/c0dbc1c85619dc3f9e194c4bf5d3dc2a869999ff80aac4f0369e52a5ffe5b600?s=96&d=mm&r=g\",\"caption\":\"Claudine\"},\"sameAs\":[\"https:\/\/fermelarochette.ch\"],\"url\":\"https:\/\/fermelarochette.ch\/index.php\/author\/claudine\/\"}]}<\/script>\n<!-- \/ Yoast SEO plugin. -->","yoast_head_json":{"title":"Collecte de fonds, visites et ap\u00e9ro - La Rochette","robots":{"index":"index","follow":"follow","max-snippet":"max-snippet:-1","max-image-preview":"max-image-preview:large","max-video-preview":"max-video-preview:-1"},"canonical":"https:\/\/fermelarochette.ch\/index.php\/2023\/06\/12\/financement-participatif-visites-et-apero\/","og_locale":"fr_FR","og_type":"article","og_title":"Collecte de fonds, visites et ap\u00e9ro - La Rochette","og_description":"Nous avons besoin de vous ! Du 24 mai au 12 juillet 2023 et afin de poursuivre l&rsquo;installation de La Rochette, nous menons une collecte &hellip;","og_url":"https:\/\/fermelarochette.ch\/index.php\/2023\/06\/12\/financement-participatif-visites-et-apero\/","og_site_name":"La Rochette","article_published_time":"2023-06-12T13:28:28+00:00","article_modified_time":"2025-03-21T00:10:58+00:00","og_image":[{"width":1512,"height":1023,"url":"https:\/\/fermelarochette.ch\/wp-content\/uploads\/2023\/05\/Mise-en-place-du-jardin-mai-2022.jpg","type":"image\/jpeg"}],"author":"Claudine","twitter_card":"summary_large_image","twitter_misc":{"\u00c9crit par":"Claudine","Dur\u00e9e de lecture estim\u00e9e":"3 minutes"},"schema":{"@context":"https:\/\/schema.org","@graph":[{"@type":"Article","@id":"https:\/\/fermelarochette.ch\/index.php\/2023\/06\/12\/financement-participatif-visites-et-apero\/#article","isPartOf":{"@id":"https:\/\/fermelarochette.ch\/index.php\/2023\/06\/12\/financement-participatif-visites-et-apero\/"},"author":{"name":"Claudine","@id":"https:\/\/fermelarochette.ch\/#\/schema\/person\/8b775b7362809e3390b8957cb4cbe9b7"},"headline":"Collecte de fonds, visites et ap\u00e9ro","datePublished":"2023-06-12T13:28:28+00:00","dateModified":"2025-03-21T00:10:58+00:00","mainEntityOfPage":{"@id":"https:\/\/fermelarochette.ch\/index.php\/2023\/06\/12\/financement-participatif-visites-et-apero\/"},"wordCount":660,"image":{"@id":"https:\/\/fermelarochette.ch\/index.php\/2023\/06\/12\/financement-participatif-visites-et-apero\/#primaryimage"},"thumbnailUrl":"https:\/\/fermelarochette.ch\/wp-content\/uploads\/2023\/05\/Mise-en-place-du-jardin-mai-2022.jpg","articleSection":["Ev\u00e9nements","Installation de la ferme"],"inLanguage":"fr-FR"},{"@type":"WebPage","@id":"https:\/\/fermelarochette.ch\/index.php\/2023\/06\/12\/financement-participatif-visites-et-apero\/","url":"https:\/\/fermelarochette.ch\/index.php\/2023\/06\/12\/financement-participatif-visites-et-apero\/","name":"Collecte de fonds, visites et ap\u00e9ro - La Rochette","isPartOf":{"@id":"https:\/\/fermelarochette.ch\/#website"},"primaryImageOfPage":{"@id":"https:\/\/fermelarochette.ch\/index.php\/2023\/06\/12\/financement-participatif-visites-et-apero\/#primaryimage"},"image":{"@id":"https:\/\/fermelarochette.ch\/index.php\/2023\/06\/12\/financement-participatif-visites-et-apero\/#primaryimage"},"thumbnailUrl":"https:\/\/fermelarochette.ch\/wp-content\/uploads\/2023\/05\/Mise-en-place-du-jardin-mai-2022.jpg","datePublished":"2023-06-12T13:28:28+00:00","dateModified":"2025-03-21T00:10:58+00:00","author":{"@id":"https:\/\/fermelarochette.ch\/#\/schema\/person\/8b775b7362809e3390b8957cb4cbe9b7"},"breadcrumb":{"@id":"https:\/\/fermelarochette.ch\/index.php\/2023\/06\/12\/financement-participatif-visites-et-apero\/#breadcrumb"},"inLanguage":"fr-FR","potentialAction":[{"@type":"ReadAction","target":["https:\/\/fermelarochette.ch\/index.php\/2023\/06\/12\/financement-participatif-visites-et-apero\/"]}]},{"@type":"ImageObject","inLanguage":"fr-FR","@id":"https:\/\/fermelarochette.ch\/index.php\/2023\/06\/12\/financement-participatif-visites-et-apero\/#primaryimage","url":"https:\/\/fermelarochette.ch\/wp-content\/uploads\/2023\/05\/Mise-en-place-du-jardin-mai-2022.jpg","contentUrl":"https:\/\/fermelarochette.ch\/wp-content\/uploads\/2023\/05\/Mise-en-place-du-jardin-mai-2022.jpg","width":1512,"height":1023},{"@type":"BreadcrumbList","@id":"https:\/\/fermelarochette.ch\/index.php\/2023\/06\/12\/financement-participatif-visites-et-apero\/#breadcrumb","itemListElement":[{"@type":"ListItem","position":1,"name":"Accueil","item":"https:\/\/fermelarochette.ch\/"},{"@type":"ListItem","position":2,"name":"Collecte de fonds, visites et ap\u00e9ro"}]},{"@type":"WebSite","@id":"https:\/\/fermelarochette.ch\/#website","url":"https:\/\/fermelarochette.ch\/","name":"La Rochette","description":"Micro-ferme biologique","potentialAction":[{"@type":"SearchAction","target":{"@type":"EntryPoint","urlTemplate":"https:\/\/fermelarochette.ch\/?s={search_term_string}"},"query-input":{"@type":"PropertyValueSpecification","valueRequired":true,"valueName":"search_term_string"}}],"inLanguage":"fr-FR"},{"@type":"Person","@id":"https:\/\/fermelarochette.ch\/#\/schema\/person\/8b775b7362809e3390b8957cb4cbe9b7","name":"Claudine","image":{"@type":"ImageObject","inLanguage":"fr-FR","@id":"https:\/\/fermelarochette.ch\/#\/schema\/person\/image\/","url":"https:\/\/secure.gravatar.com\/avatar\/c0dbc1c85619dc3f9e194c4bf5d3dc2a869999ff80aac4f0369e52a5ffe5b600?s=96&d=mm&r=g","contentUrl":"https:\/\/secure.gravatar.com\/avatar\/c0dbc1c85619dc3f9e194c4bf5d3dc2a869999ff80aac4f0369e52a5ffe5b600?s=96&d=mm&r=g","caption":"Claudine"},"sameAs":["https:\/\/fermelarochette.ch"],"url":"https:\/\/fermelarochette.ch\/index.php\/author\/claudine\/"}]}},"jetpack_featured_media_url":"https:\/\/fermelarochette.ch\/wp-content\/uploads\/2023\/05\/Mise-en-place-du-jardin-mai-2022.jpg","jetpack_sharing_enabled":true,"_links":{"self":[{"href":"https:\/\/fermelarochette.ch\/index.php\/wp-json\/wp\/v2\/posts\/1415","targetHints":{"allow":["GET"]}}],"collection":[{"href":"https:\/\/fermelarochette.ch\/index.php\/wp-json\/wp\/v2\/posts"}],"about":[{"href":"https:\/\/fermelarochette.ch\/index.php\/wp-json\/wp\/v2\/types\/post"}],"author":[{"embeddable":true,"href":"https:\/\/fermelarochette.ch\/index.php\/wp-json\/wp\/v2\/users\/1"}],"replies":[{"embeddable":true,"href":"https:\/\/fermelarochette.ch\/index.php\/wp-json\/wp\/v2\/comments?post=1415"}],"version-history":[{"count":9,"href":"https:\/\/fermelarochette.ch\/index.php\/wp-json\/wp\/v2\/posts\/1415\/revisions"}],"predecessor-version":[{"id":1493,"href":"https:\/\/fermelarochette.ch\/index.php\/wp-json\/wp\/v2\/posts\/1415\/revisions\/1493"}],"wp:featuredmedia":[{"embeddable":true,"href":"https:\/\/fermelarochette.ch\/index.php\/wp-json\/wp\/v2\/media\/1420"}],"wp:attachment":[{"href":"https:\/\/fermelarochette.ch\/index.php\/wp-json\/wp\/v2\/media?parent=1415"}],"wp:term":[{"taxonomy":"category","embeddable":true,"href":"https:\/\/fermelarochette.ch\/index.php\/wp-json\/wp\/v2\/categories?post=1415"},{"taxonomy":"post_tag","embeddable":true,"href":"https:\/\/fermelarochette.ch\/index.php\/wp-json\/wp\/v2\/tags?post=1415"}],"curies":[{"name":"wp","href":"https:\/\/api.w.org\/{rel}","templated":true}]}}