{"id":1409,"date":"2023-06-12T14:27:35","date_gmt":"2023-06-12T13:27:35","guid":{"rendered":"https:\/\/fermelarochette.ch\/?p=1409"},"modified":"2025-03-21T01:11:02","modified_gmt":"2025-03-21T00:11:02","slug":"fete-de-lete","status":"publish","type":"post","link":"https:\/\/fermelarochette.ch\/index.php\/2023\/06\/12\/fete-de-lete\/","title":{"rendered":"F\u00eate de l&rsquo;\u00e9t\u00e9, 24 juin 2023"},"content":{"rendered":"\n<h1 class=\"wp-block-heading\">Rendez-vous pour un moment convivial au c\u0153ur du jardin&#8230;<\/h1>\n\n\n\n<p>Si vous aimez autant que nous jouer, danser et bien manger au milieu des l\u00e9gumes et des fleurs, nous vous attendons \u00e0 la F\u00eate de l&rsquo;\u00e9t\u00e9 de La Rochette. Ambiance d\u00e9tendue et familiale garantie&#8230; <\/p>\n\n\n\n<p><strong><mark style=\"background-color:rgba(0, 0, 0, 0)\" class=\"has-inline-color has-accent-1-color\">Date et horaire :<\/mark><\/strong> <strong>24 juin 2023 <\/strong>de 14h \u00e0 minuit<\/p>\n\n\n\n<p><strong><mark style=\"background-color:rgba(0, 0, 0, 0)\" class=\"has-inline-color has-accent-1-color\">Lieu : <\/mark><\/strong>Jardin-mara\u00eecher de <strong>La Rochette<\/strong>, <strong>Clos dessous, 2947 Charmoille<\/strong> (voir la carte ci-dessous)<\/p>\n\n\n\n<p><strong><mark style=\"background-color:rgba(0, 0, 0, 0)\" class=\"has-inline-color has-accent-1-color\">Programme :<\/mark><\/strong> <br>* <strong>D\u00e8s 14h et jusqu&rsquo;au soir :<\/strong> Jeux pour tous (grimage, mulki, trampoline, ping-pong, badmington&#8230;), boissons et douceurs \u00e0 prix libre.<br>*<strong> \u00c0 15h :<\/strong> Contes par <strong>Arlette Gentil <\/strong>(la merveilleuse conteuse qui captive petits et grands !)<br>* <strong>\u00c0 16h : <\/strong>Pr\u00e9sentation des membres de La Rochette, de leur parcours et de leur vision, puis session de question-r\u00e9ponses.<br><strong>* De 17h \u00e0 18h :<\/strong> Concert de <strong>Marius Micol<\/strong>, notre ami super talentueux \ud83d\ude42 (Suivez-le sur Instagram : @marius.micol)<br><strong>* D\u00e8s 18h30 : <\/strong>Feu d\u00e9part des grillades ! N&rsquo;oubliez pas d&rsquo;apporter vos saucisses, steaks, c\u00f4tes de boeuf pr\u00e9f\u00e9r\u00e9s ! Nous mettrons \u00e0 disposition diverses salades, pain et boissons \u00e0 prix libre. Sur place \u00e9galement, un grill s\u00e9par\u00e9 pour vos mets v\u00e9g\u00e9tariens<strong><mark style=\"background-color:rgba(0, 0, 0, 0);color:#b01a1a\" class=\"has-inline-color\">. Merci d&rsquo;apporter vos assiettes et couverts ! <\/mark><\/strong><\/p>\n\n\n\n<p><strong><mark style=\"background-color:rgba(0, 0, 0, 0)\" class=\"has-inline-color has-accent-1-color\">Acc\u00e8s :<\/mark><br>* En transports publics : <\/strong>\u00e0 10 minutes \u00e0 pied de l&rsquo;arr\u00eat de bus \u00ab\u00a0Charmoille, village\u00a0\u00bb<strong><br>* En voiture :<\/strong> <strong><mark style=\"background-color:rgba(0, 0, 0, 0);color:#b01a1a\" class=\"has-inline-color\">Il n&rsquo;y a pas de places de parc aux abords du jardin ! <\/mark><\/strong>Merci de parquer dans le village, par exemple vers l&rsquo;\u00e9cole, puis de marcher jusqu&rsquo;au jardin (pr\u00e9voir 10 minutes de marche, au plat). <\/p>\n\n\n\n<p><\/p>\n\n\n<div class=\"wp-block-image\">\n<figure class=\"aligncenter size-full is-resized\"><img decoding=\"async\" data-src=\"https:\/\/fermelarochette.ch\/wp-content\/uploads\/2022\/02\/carte-acces-jardin-anotee.png\" alt=\"\" class=\"wp-image-444 lazyload\" width=\"664\" height=\"407\" data-srcset=\"https:\/\/fermelarochette.ch\/wp-content\/uploads\/2022\/02\/carte-acces-jardin-anotee.png 843w, https:\/\/fermelarochette.ch\/wp-content\/uploads\/2022\/02\/carte-acces-jardin-anotee-600x368.png 600w, https:\/\/fermelarochette.ch\/wp-content\/uploads\/2022\/02\/carte-acces-jardin-anotee-300x184.png 300w, https:\/\/fermelarochette.ch\/wp-content\/uploads\/2022\/02\/carte-acces-jardin-anotee-768x471.png 768w, https:\/\/fermelarochette.ch\/wp-content\/uploads\/2022\/02\/carte-acces-jardin-anotee-489x300.png 489w\" data-sizes=\"(max-width: 664px) 100vw, 664px\" src=\"data:image\/svg+xml;base64,PHN2ZyB3aWR0aD0iMSIgaGVpZ2h0PSIxIiB4bWxucz0iaHR0cDovL3d3dy53My5vcmcvMjAwMC9zdmciPjwvc3ZnPg==\" style=\"--smush-placeholder-width: 664px; --smush-placeholder-aspect-ratio: 664\/407;\" \/><\/figure>\n<\/div>\n\n\n<div style=\"height:100px\" aria-hidden=\"true\" class=\"wp-block-spacer\"><\/div>\n","protected":false},"excerpt":{"rendered":"<p>Rendez-vous pour un moment convivial au c\u0153ur du jardin&#8230; Si vous aimez autant que nous jouer, danser et bien manger au milieu des l\u00e9gumes et &hellip;<\/p>\n","protected":false},"author":1,"featured_media":1240,"comment_status":"closed","ping_status":"closed","sticky":false,"template":"","format":"standard","meta":{"_price":"","_stock":"","_tribe_ticket_header":"","_tribe_default_ticket_provider":"","_ticket_start_date":"","_ticket_end_date":"","_tribe_ticket_show_description":"","_tribe_ticket_show_not_going":false,"_tribe_ticket_use_global_stock":"","_tribe_ticket_global_stock_level":"","_global_stock_mode":"","_global_stock_cap":"","_tribe_rsvp_for_event":"","_tribe_ticket_going_count":"","_tribe_ticket_not_going_count":"","_tribe_tickets_list":"[]","_tribe_ticket_has_attendee_info_fields":false,"_jetpack_memberships_contains_paid_content":false,"footnotes":""},"categories":[7],"tags":[16],"class_list":["post-1409","post","type-post","status-publish","format-standard","has-post-thumbnail","hentry","category-evenements","tag-evenements-a-la-ferme"],"yoast_head":"<!-- This site is optimized with the Yoast SEO plugin v26.9 - https:\/\/yoast.com\/product\/yoast-seo-wordpress\/ -->\n<title>F\u00eate de l&#039;\u00e9t\u00e9, 24 juin 2023 - La Rochette<\/title>\n<meta name=\"robots\" content=\"index, follow, max-snippet:-1, max-image-preview:large, max-video-preview:-1\" \/>\n<link rel=\"canonical\" href=\"https:\/\/fermelarochette.ch\/index.php\/2023\/06\/12\/fete-de-lete\/\" \/>\n<meta property=\"og:locale\" content=\"fr_FR\" \/>\n<meta property=\"og:type\" content=\"article\" \/>\n<meta property=\"og:title\" content=\"F\u00eate de l&#039;\u00e9t\u00e9, 24 juin 2023 - La Rochette\" \/>\n<meta property=\"og:description\" content=\"Rendez-vous pour un moment convivial au c\u0153ur du jardin&#8230; Si vous aimez autant que nous jouer, danser et bien manger au milieu des l\u00e9gumes et &hellip;\" \/>\n<meta property=\"og:url\" content=\"https:\/\/fermelarochette.ch\/index.php\/2023\/06\/12\/fete-de-lete\/\" \/>\n<meta property=\"og:site_name\" content=\"La Rochette\" \/>\n<meta property=\"article:published_time\" content=\"2023-06-12T13:27:35+00:00\" \/>\n<meta property=\"article:modified_time\" content=\"2025-03-21T00:11:02+00:00\" \/>\n<meta property=\"og:image\" content=\"https:\/\/fermelarochette.ch\/wp-content\/uploads\/2022\/12\/IMG_5481-rotated.jpg\" \/>\n\t<meta property=\"og:image:width\" content=\"1512\" \/>\n\t<meta property=\"og:image:height\" content=\"2016\" \/>\n\t<meta property=\"og:image:type\" content=\"image\/jpeg\" \/>\n<meta name=\"author\" content=\"Claudine\" \/>\n<meta name=\"twitter:card\" content=\"summary_large_image\" \/>\n<meta name=\"twitter:label1\" content=\"\u00c9crit par\" \/>\n\t<meta name=\"twitter:data1\" content=\"Claudine\" \/>\n\t<meta name=\"twitter:label2\" content=\"Dur\u00e9e de lecture estim\u00e9e\" \/>\n\t<meta name=\"twitter:data2\" content=\"1 minute\" \/>\n<script type=\"application\/ld+json\" class=\"yoast-schema-graph\">{\"@context\":\"https:\/\/schema.org\",\"@graph\":[{\"@type\":\"Article\",\"@id\":\"https:\/\/fermelarochette.ch\/index.php\/2023\/06\/12\/fete-de-lete\/#article\",\"isPartOf\":{\"@id\":\"https:\/\/fermelarochette.ch\/index.php\/2023\/06\/12\/fete-de-lete\/\"},\"author\":{\"name\":\"Claudine\",\"@id\":\"https:\/\/fermelarochette.ch\/#\/schema\/person\/8b775b7362809e3390b8957cb4cbe9b7\"},\"headline\":\"F\u00eate de l&rsquo;\u00e9t\u00e9, 24 juin 2023\",\"datePublished\":\"2023-06-12T13:27:35+00:00\",\"dateModified\":\"2025-03-21T00:11:02+00:00\",\"mainEntityOfPage\":{\"@id\":\"https:\/\/fermelarochette.ch\/index.php\/2023\/06\/12\/fete-de-lete\/\"},\"wordCount\":244,\"image\":{\"@id\":\"https:\/\/fermelarochette.ch\/index.php\/2023\/06\/12\/fete-de-lete\/#primaryimage\"},\"thumbnailUrl\":\"https:\/\/fermelarochette.ch\/wp-content\/uploads\/2022\/12\/IMG_5481-rotated.jpg\",\"keywords\":[\"Ev\u00e9nements \u00e0 la ferme\"],\"articleSection\":[\"Ev\u00e9nements\"],\"inLanguage\":\"fr-FR\"},{\"@type\":\"WebPage\",\"@id\":\"https:\/\/fermelarochette.ch\/index.php\/2023\/06\/12\/fete-de-lete\/\",\"url\":\"https:\/\/fermelarochette.ch\/index.php\/2023\/06\/12\/fete-de-lete\/\",\"name\":\"F\u00eate de l'\u00e9t\u00e9, 24 juin 2023 - La Rochette\",\"isPartOf\":{\"@id\":\"https:\/\/fermelarochette.ch\/#website\"},\"primaryImageOfPage\":{\"@id\":\"https:\/\/fermelarochette.ch\/index.php\/2023\/06\/12\/fete-de-lete\/#primaryimage\"},\"image\":{\"@id\":\"https:\/\/fermelarochette.ch\/index.php\/2023\/06\/12\/fete-de-lete\/#primaryimage\"},\"thumbnailUrl\":\"https:\/\/fermelarochette.ch\/wp-content\/uploads\/2022\/12\/IMG_5481-rotated.jpg\",\"datePublished\":\"2023-06-12T13:27:35+00:00\",\"dateModified\":\"2025-03-21T00:11:02+00:00\",\"author\":{\"@id\":\"https:\/\/fermelarochette.ch\/#\/schema\/person\/8b775b7362809e3390b8957cb4cbe9b7\"},\"breadcrumb\":{\"@id\":\"https:\/\/fermelarochette.ch\/index.php\/2023\/06\/12\/fete-de-lete\/#breadcrumb\"},\"inLanguage\":\"fr-FR\",\"potentialAction\":[{\"@type\":\"ReadAction\",\"target\":[\"https:\/\/fermelarochette.ch\/index.php\/2023\/06\/12\/fete-de-lete\/\"]}]},{\"@type\":\"ImageObject\",\"inLanguage\":\"fr-FR\",\"@id\":\"https:\/\/fermelarochette.ch\/index.php\/2023\/06\/12\/fete-de-lete\/#primaryimage\",\"url\":\"https:\/\/fermelarochette.ch\/wp-content\/uploads\/2022\/12\/IMG_5481-rotated.jpg\",\"contentUrl\":\"https:\/\/fermelarochette.ch\/wp-content\/uploads\/2022\/12\/IMG_5481-rotated.jpg\",\"width\":1512,\"height\":2016},{\"@type\":\"BreadcrumbList\",\"@id\":\"https:\/\/fermelarochette.ch\/index.php\/2023\/06\/12\/fete-de-lete\/#breadcrumb\",\"itemListElement\":[{\"@type\":\"ListItem\",\"position\":1,\"name\":\"Accueil\",\"item\":\"https:\/\/fermelarochette.ch\/\"},{\"@type\":\"ListItem\",\"position\":2,\"name\":\"F\u00eate de l&rsquo;\u00e9t\u00e9, 24 juin 2023\"}]},{\"@type\":\"WebSite\",\"@id\":\"https:\/\/fermelarochette.ch\/#website\",\"url\":\"https:\/\/fermelarochette.ch\/\",\"name\":\"La Rochette\",\"description\":\"Micro-ferme biologique\",\"potentialAction\":[{\"@type\":\"SearchAction\",\"target\":{\"@type\":\"EntryPoint\",\"urlTemplate\":\"https:\/\/fermelarochette.ch\/?s={search_term_string}\"},\"query-input\":{\"@type\":\"PropertyValueSpecification\",\"valueRequired\":true,\"valueName\":\"search_term_string\"}}],\"inLanguage\":\"fr-FR\"},{\"@type\":\"Person\",\"@id\":\"https:\/\/fermelarochette.ch\/#\/schema\/person\/8b775b7362809e3390b8957cb4cbe9b7\",\"name\":\"Claudine\",\"image\":{\"@type\":\"ImageObject\",\"inLanguage\":\"fr-FR\",\"@id\":\"https:\/\/fermelarochette.ch\/#\/schema\/person\/image\/\",\"url\":\"https:\/\/secure.gravatar.com\/avatar\/c0dbc1c85619dc3f9e194c4bf5d3dc2a869999ff80aac4f0369e52a5ffe5b600?s=96&d=mm&r=g\",\"contentUrl\":\"https:\/\/secure.gravatar.com\/avatar\/c0dbc1c85619dc3f9e194c4bf5d3dc2a869999ff80aac4f0369e52a5ffe5b600?s=96&d=mm&r=g\",\"caption\":\"Claudine\"},\"sameAs\":[\"https:\/\/fermelarochette.ch\"],\"url\":\"https:\/\/fermelarochette.ch\/index.php\/author\/claudine\/\"}]}<\/script>\n<!-- \/ Yoast SEO plugin. -->","yoast_head_json":{"title":"F\u00eate de l'\u00e9t\u00e9, 24 juin 2023 - La Rochette","robots":{"index":"index","follow":"follow","max-snippet":"max-snippet:-1","max-image-preview":"max-image-preview:large","max-video-preview":"max-video-preview:-1"},"canonical":"https:\/\/fermelarochette.ch\/index.php\/2023\/06\/12\/fete-de-lete\/","og_locale":"fr_FR","og_type":"article","og_title":"F\u00eate de l'\u00e9t\u00e9, 24 juin 2023 - La Rochette","og_description":"Rendez-vous pour un moment convivial au c\u0153ur du jardin&#8230; Si vous aimez autant que nous jouer, danser et bien manger au milieu des l\u00e9gumes et &hellip;","og_url":"https:\/\/fermelarochette.ch\/index.php\/2023\/06\/12\/fete-de-lete\/","og_site_name":"La Rochette","article_published_time":"2023-06-12T13:27:35+00:00","article_modified_time":"2025-03-21T00:11:02+00:00","og_image":[{"width":1512,"height":2016,"url":"https:\/\/fermelarochette.ch\/wp-content\/uploads\/2022\/12\/IMG_5481-rotated.jpg","type":"image\/jpeg"}],"author":"Claudine","twitter_card":"summary_large_image","twitter_misc":{"\u00c9crit par":"Claudine","Dur\u00e9e de lecture estim\u00e9e":"1 minute"},"schema":{"@context":"https:\/\/schema.org","@graph":[{"@type":"Article","@id":"https:\/\/fermelarochette.ch\/index.php\/2023\/06\/12\/fete-de-lete\/#article","isPartOf":{"@id":"https:\/\/fermelarochette.ch\/index.php\/2023\/06\/12\/fete-de-lete\/"},"author":{"name":"Claudine","@id":"https:\/\/fermelarochette.ch\/#\/schema\/person\/8b775b7362809e3390b8957cb4cbe9b7"},"headline":"F\u00eate de l&rsquo;\u00e9t\u00e9, 24 juin 2023","datePublished":"2023-06-12T13:27:35+00:00","dateModified":"2025-03-21T00:11:02+00:00","mainEntityOfPage":{"@id":"https:\/\/fermelarochette.ch\/index.php\/2023\/06\/12\/fete-de-lete\/"},"wordCount":244,"image":{"@id":"https:\/\/fermelarochette.ch\/index.php\/2023\/06\/12\/fete-de-lete\/#primaryimage"},"thumbnailUrl":"https:\/\/fermelarochette.ch\/wp-content\/uploads\/2022\/12\/IMG_5481-rotated.jpg","keywords":["Ev\u00e9nements \u00e0 la ferme"],"articleSection":["Ev\u00e9nements"],"inLanguage":"fr-FR"},{"@type":"WebPage","@id":"https:\/\/fermelarochette.ch\/index.php\/2023\/06\/12\/fete-de-lete\/","url":"https:\/\/fermelarochette.ch\/index.php\/2023\/06\/12\/fete-de-lete\/","name":"F\u00eate de l'\u00e9t\u00e9, 24 juin 2023 - La Rochette","isPartOf":{"@id":"https:\/\/fermelarochette.ch\/#website"},"primaryImageOfPage":{"@id":"https:\/\/fermelarochette.ch\/index.php\/2023\/06\/12\/fete-de-lete\/#primaryimage"},"image":{"@id":"https:\/\/fermelarochette.ch\/index.php\/2023\/06\/12\/fete-de-lete\/#primaryimage"},"thumbnailUrl":"https:\/\/fermelarochette.ch\/wp-content\/uploads\/2022\/12\/IMG_5481-rotated.jpg","datePublished":"2023-06-12T13:27:35+00:00","dateModified":"2025-03-21T00:11:02+00:00","author":{"@id":"https:\/\/fermelarochette.ch\/#\/schema\/person\/8b775b7362809e3390b8957cb4cbe9b7"},"breadcrumb":{"@id":"https:\/\/fermelarochette.ch\/index.php\/2023\/06\/12\/fete-de-lete\/#breadcrumb"},"inLanguage":"fr-FR","potentialAction":[{"@type":"ReadAction","target":["https:\/\/fermelarochette.ch\/index.php\/2023\/06\/12\/fete-de-lete\/"]}]},{"@type":"ImageObject","inLanguage":"fr-FR","@id":"https:\/\/fermelarochette.ch\/index.php\/2023\/06\/12\/fete-de-lete\/#primaryimage","url":"https:\/\/fermelarochette.ch\/wp-content\/uploads\/2022\/12\/IMG_5481-rotated.jpg","contentUrl":"https:\/\/fermelarochette.ch\/wp-content\/uploads\/2022\/12\/IMG_5481-rotated.jpg","width":1512,"height":2016},{"@type":"BreadcrumbList","@id":"https:\/\/fermelarochette.ch\/index.php\/2023\/06\/12\/fete-de-lete\/#breadcrumb","itemListElement":[{"@type":"ListItem","position":1,"name":"Accueil","item":"https:\/\/fermelarochette.ch\/"},{"@type":"ListItem","position":2,"name":"F\u00eate de l&rsquo;\u00e9t\u00e9, 24 juin 2023"}]},{"@type":"WebSite","@id":"https:\/\/fermelarochette.ch\/#website","url":"https:\/\/fermelarochette.ch\/","name":"La Rochette","description":"Micro-ferme biologique","potentialAction":[{"@type":"SearchAction","target":{"@type":"EntryPoint","urlTemplate":"https:\/\/fermelarochette.ch\/?s={search_term_string}"},"query-input":{"@type":"PropertyValueSpecification","valueRequired":true,"valueName":"search_term_string"}}],"inLanguage":"fr-FR"},{"@type":"Person","@id":"https:\/\/fermelarochette.ch\/#\/schema\/person\/8b775b7362809e3390b8957cb4cbe9b7","name":"Claudine","image":{"@type":"ImageObject","inLanguage":"fr-FR","@id":"https:\/\/fermelarochette.ch\/#\/schema\/person\/image\/","url":"https:\/\/secure.gravatar.com\/avatar\/c0dbc1c85619dc3f9e194c4bf5d3dc2a869999ff80aac4f0369e52a5ffe5b600?s=96&d=mm&r=g","contentUrl":"https:\/\/secure.gravatar.com\/avatar\/c0dbc1c85619dc3f9e194c4bf5d3dc2a869999ff80aac4f0369e52a5ffe5b600?s=96&d=mm&r=g","caption":"Claudine"},"sameAs":["https:\/\/fermelarochette.ch"],"url":"https:\/\/fermelarochette.ch\/index.php\/author\/claudine\/"}]}},"jetpack_featured_media_url":"https:\/\/fermelarochette.ch\/wp-content\/uploads\/2022\/12\/IMG_5481-rotated.jpg","jetpack_sharing_enabled":true,"_links":{"self":[{"href":"https:\/\/fermelarochette.ch\/index.php\/wp-json\/wp\/v2\/posts\/1409","targetHints":{"allow":["GET"]}}],"collection":[{"href":"https:\/\/fermelarochette.ch\/index.php\/wp-json\/wp\/v2\/posts"}],"about":[{"href":"https:\/\/fermelarochette.ch\/index.php\/wp-json\/wp\/v2\/types\/post"}],"author":[{"embeddable":true,"href":"https:\/\/fermelarochette.ch\/index.php\/wp-json\/wp\/v2\/users\/1"}],"replies":[{"embeddable":true,"href":"https:\/\/fermelarochette.ch\/index.php\/wp-json\/wp\/v2\/comments?post=1409"}],"version-history":[{"count":8,"href":"https:\/\/fermelarochette.ch\/index.php\/wp-json\/wp\/v2\/posts\/1409\/revisions"}],"predecessor-version":[{"id":1490,"href":"https:\/\/fermelarochette.ch\/index.php\/wp-json\/wp\/v2\/posts\/1409\/revisions\/1490"}],"wp:featuredmedia":[{"embeddable":true,"href":"https:\/\/fermelarochette.ch\/index.php\/wp-json\/wp\/v2\/media\/1240"}],"wp:attachment":[{"href":"https:\/\/fermelarochette.ch\/index.php\/wp-json\/wp\/v2\/media?parent=1409"}],"wp:term":[{"taxonomy":"category","embeddable":true,"href":"https:\/\/fermelarochette.ch\/index.php\/wp-json\/wp\/v2\/categories?post=1409"},{"taxonomy":"post_tag","embeddable":true,"href":"https:\/\/fermelarochette.ch\/index.php\/wp-json\/wp\/v2\/tags?post=1409"}],"curies":[{"name":"wp","href":"https:\/\/api.w.org\/{rel}","templated":true}]}}